{"id":1547,"date":"2024-06-12T15:50:00","date_gmt":"2024-06-12T13:50:00","guid":{"rendered":"https:\/\/sfpe-at.com\/?p=1547"},"modified":"2025-04-08T15:14:35","modified_gmt":"2025-04-08T13:14:35","slug":"la-fenetre-dangle-de-mon-cousin-kaleidoscope-du-soi-createur","status":"publish","type":"post","link":"https:\/\/bibliotheque-sfpe-at.com\/index.php\/2024\/06\/12\/la-fenetre-dangle-de-mon-cousin-kaleidoscope-du-soi-createur\/","title":{"rendered":"La fen\u00eatre d\u2019angle de mon cousin, kal\u00e9idoscope du soi cr\u00e9ateur"},"content":{"rendered":"\n<div class=\"wp-block-columns is-layout-flex wp-container-core-columns-is-layout-28f84493 wp-block-columns-is-layout-flex\">\n<div class=\"wp-block-column is-layout-flow wp-block-column-is-layout-flow\" style=\"flex-basis:66.66%\">\n<p>Depuis un chevet de souffrance bient\u00f4t repli d\u2019agonie puis lit de mort, E.T.A. Hoffmann, paralys\u00e9 jusqu\u2019\u00e0 la moelle par un tabes dorsalis qui le prive du geste d\u2019\u00e9crire, dicte encore \u00e0 son \u00e9pouse Micha\u00eblina. Parmi ses derniers contes, La fen\u00eatre d\u2019angle de mon cousin, s\u2019efforce, dans une superbe envol\u00e9e didactique, de conjuguer au pass\u00e9, pr\u00e9sent et m\u00eame futur, la transmission d\u2019un patrimoine de voyant et visionnaire au sortir d\u2019une vie vou\u00e9e \u00e0 l\u2019imaginaire. \u00ab Il te manque un oeil, un oeil qui sache voir \u00bb, sermonne son fant\u00f4me de cousin impotent, tenu \u00e0 r\u00e9sidence dans le cabinet exigu de son domicile dont la fen\u00eatre d\u2019angle donne sur la place du grand March\u00e9. Tandis que le valide, encore capable de l\u2019arpenter, n\u2019y per\u00e7oit \u00ab que le spectacle d\u2019une mosa\u00efque \u00e9tourdissante, d\u2019une foule agit\u00e9e sans raison \u00bb, le reclus impotent, de sa lucarne, lui apprend \u00e0 discriminer de belles individualit\u00e9s, mais aussi des appartenances sociales lest\u00e9es d\u2019histoires originales et m\u00eame des personnalit\u00e9s avec leurs nuances singuli\u00e8res, leurs habitudes, leur destin\u00e9e \u00e0 livre entr\u2019ouvert. Chacune de ces facettes refl\u00e8te la persistance r\u00e9tinienne et psychique des images d\u2019un soi cr\u00e9ateur mis en sc\u00e8ne \u00e0 travers le bouquet final de toutes ses d\u00e9multiplications en apoth\u00e9ose vivace. Diffuser cette asc\u00e8se du regard dirig\u00e9 tant \u00e0 l\u2019ext\u00e9rieur vers les autres que ramen\u00e9 par eux \u00e0 l\u2019int\u00e9rieur de soi n\u2019a pas seulement vocation d\u2019hommage \u00e0 son auteur, mais aussi de r\u00e9veil des consciences sensibles \u00e0 une authentique existence pass\u00e9e du solitaire au solidaire. L\u2019oeil, d\u2019outre-tombe, transfigure le caveau en c\u00e9notaphe, il regarde encore et convie le cr\u00e9ateur en herbe ou en jach\u00e8re \u00e0 le rejoindre, \u00e0 l\u2019y rejoindre.<\/p>\n\n\n\n<p class=\"has-text-color has-link-color wp-elements-0c5dd61414d2cb4c88e3596780dedeb0\" style=\"color:#2753a5\"><strong><em>Pour lire le texte complet <a href=\"\/index.php\/options-dinscription\/\"><mark style=\"background-color:rgba(0, 0, 0, 0)\" class=\"has-inline-color has-vivid-cyan-blue-color\">s&rsquo;inscrire<\/mark><\/a> ou <a href=\"\/index.php\/my-account\/edit-account\/\"><mark style=\"background-color:rgba(0, 0, 0, 0)\" class=\"has-inline-color has-vivid-cyan-blue-color\">se connecter<\/mark><\/a><\/em><\/strong><\/p>\n\n\n\n\n\n<div style=\"height:100px\" aria-hidden=\"true\" class=\"wp-block-spacer\"><\/div>\n\n\n\n<div class=\"wp-block-buttons is-content-justification-center is-layout-flex wp-container-core-buttons-is-layout-a89b3969 wp-block-buttons-is-layout-flex\">\n<div class=\"wp-block-button has-custom-font-size is-style-fill has-small-font-size\"><a class=\"wp-block-button__link has-vivid-red-background-color has-background wp-element-button\" href=\"\/index.php\/2021\/11\/05\/fenetres\/\">&lt;&#8211;retour<\/a><\/div>\n<\/div>\n<\/div>\n\n\n\n<div class=\"wp-block-column is-layout-flow wp-block-column-is-layout-flow\" style=\"flex-basis:33.33%\">\n<figure class=\"wp-block-table\"><table class=\"has-background\" style=\"background-color:#f8f2f2\"><thead><tr><th><mark class=\"has-inline-color has-vivid-red-color\" style=\"background-color: rgba(0, 0, 0, 0);\"><strong>Auteur<\/strong><\/mark><\/th><\/tr><\/thead><tbody><tr><td><strong>Jean-Marie Barth\u00e9l\u00e9my<\/strong><\/td><\/tr><\/tbody><\/table><\/figure>\n\n\n\n<figure class=\"wp-block-table\"><table><thead><tr><th><mark class=\"has-inline-color has-vivid-red-color\" style=\"background-color: rgba(0, 0, 0, 0);\"><strong>R\u00e9f\u00e9rence<\/strong><\/mark><\/th><\/tr><\/thead><tbody><tr><td><strong>RA017-05<\/strong><br>Fen\u00eatres<br>Journ\u00e9es d&rsquo;Automne 2021<\/td><\/tr><\/tbody><\/table><\/figure>\n\n\n\n<figure class=\"wp-block-table\"><table><thead><tr><th><mark class=\"has-inline-color has-vivid-red-color\" style=\"background-color: rgba(0, 0, 0, 0);\"><strong>Cat\u00e9gories<\/strong><\/mark><\/th><\/tr><\/thead><tbody><tr><td>Litt\u00e9rature<\/td><\/tr><\/tbody><\/table><\/figure>\n<\/div>\n<\/div>\n","protected":false},"excerpt":{"rendered":"<p>Depuis un chevet de souffrance bient\u00f4t repli d\u2019agonie puis lit de mort, E.T.A. Hoffmann, paralys\u00e9 jusqu\u2019\u00e0 la moelle par un tabes dorsalis qui le prive du geste d\u2019\u00e9crire, dicte encore \u00e0 son \u00e9pouse Micha\u00eblina. Parmi ses derniers contes, La fen\u00eatre d\u2019angle de mon cousin, s\u2019efforce, dans une superbe envol\u00e9e didactique,&hellip;<\/p>\n","protected":false},"author":2,"featured_media":0,"comment_status":"closed","ping_status":"open","sticky":false,"template":"","format":"standard","meta":{"pmpro_default_level":"","ngg_post_thumbnail":0,"footnotes":""},"categories":[31],"tags":[370,509,375],"class_list":["post-1547","post","type-post","status-publish","format-standard","hentry","category-barthelemy-jean-marie","tag-fenetres","tag-litterature","tag-ra017-05","pmpro-has-access"],"_links":{"self":[{"href":"https:\/\/bibliotheque-sfpe-at.com\/index.php\/wp-json\/wp\/v2\/posts\/1547","targetHints":{"allow":["GET"]}}],"collection":[{"href":"https:\/\/bibliotheque-sfpe-at.com\/index.php\/wp-json\/wp\/v2\/posts"}],"about":[{"href":"https:\/\/bibliotheque-sfpe-at.com\/index.php\/wp-json\/wp\/v2\/types\/post"}],"author":[{"embeddable":true,"href":"https:\/\/bibliotheque-sfpe-at.com\/index.php\/wp-json\/wp\/v2\/users\/2"}],"replies":[{"embeddable":true,"href":"https:\/\/bibliotheque-sfpe-at.com\/index.php\/wp-json\/wp\/v2\/comments?post=1547"}],"version-history":[{"count":4,"href":"https:\/\/bibliotheque-sfpe-at.com\/index.php\/wp-json\/wp\/v2\/posts\/1547\/revisions"}],"predecessor-version":[{"id":5012,"href":"https:\/\/bibliotheque-sfpe-at.com\/index.php\/wp-json\/wp\/v2\/posts\/1547\/revisions\/5012"}],"wp:attachment":[{"href":"https:\/\/bibliotheque-sfpe-at.com\/index.php\/wp-json\/wp\/v2\/media?parent=1547"}],"wp:term":[{"taxonomy":"category","embeddable":true,"href":"https:\/\/bibliotheque-sfpe-at.com\/index.php\/wp-json\/wp\/v2\/categories?post=1547"},{"taxonomy":"post_tag","embeddable":true,"href":"https:\/\/bibliotheque-sfpe-at.com\/index.php\/wp-json\/wp\/v2\/tags?post=1547"}],"curies":[{"name":"wp","href":"https:\/\/api.w.org\/{rel}","templated":true}]}}