{"id":1560,"date":"2024-06-12T16:08:57","date_gmt":"2024-06-12T14:08:57","guid":{"rendered":"https:\/\/sfpe-at.com\/?p=1560"},"modified":"2025-03-25T19:40:20","modified_gmt":"2025-03-25T18:40:20","slug":"les-trois-fenetres-une-tache-inaugurale-de-psychotherapie-par-lart-therapie","status":"publish","type":"post","link":"https:\/\/bibliotheque-sfpe-at.com\/index.php\/2024\/06\/12\/les-trois-fenetres-une-tache-inaugurale-de-psychotherapie-par-lart-therapie\/","title":{"rendered":"Les trois fen\u00eatres, une t\u00e2che inaugurale de psychoth\u00e9rapie par l\u2019art-th\u00e9rapie"},"content":{"rendered":"\n<div class=\"wp-block-columns is-layout-flex wp-container-core-columns-is-layout-28f84493 wp-block-columns-is-layout-flex\">\n<div class=\"wp-block-column is-layout-flow wp-block-column-is-layout-flow\" style=\"flex-basis:66.66%\">\n<p>Habiter c\u2019est \u00eatre de quelque part. Du territoire familier \u00e0 la chambre, les p\u00e9rim\u00e8tres de nos enveloppes soutiennent notre psychisme comme des v\u00eatements ou des peaux aux diff\u00e9rentes fonctions (Anzieu, 1995). La fen\u00eatre fait trou\u00e9e de la paroi donnant \u00e0 voir la solide \u00e9paisseur de celle-ci, laissant entrer le paysage, la lumi\u00e8re du jour et ses changements. Elle se joue des bruits, du froid, elle g\u00e8re l\u2019exposition de notre intimit\u00e9.<\/p>\n\n\n\n<p>D\u2019une architecture \u00e0 l\u2019autre, la fen\u00eatre va devenir meurtri\u00e8re de d\u00e9fense (Botta, 1986), encadrement du paysage (Le Corbusier,1931) ou simple protection au vent de l\u2019alentour (Mies van der Rohe, 1951).<\/p>\n\n\n\n<p>Tissant ensemble l\u2019architecture et la clinique, je propose un bricolage-th\u00e9rapie avec les outils de l\u2019\u00e8re pr\u00e9-informatique : calque, d\u00e9coupe, plans, maquettes, autour du th\u00e8me de l\u2019habitat. Au cours d\u2019une s\u00e9ance avec des adolescents hospitalis\u00e9s, l\u2019un d\u2019eux m\u2019a propos\u00e9 de modifier par d\u00e9coupage\/collage le paysage vu \u00e0 travers la fen\u00eatre d\u2019une photographie. \u00c0 partir de cette situation, j\u2019ai pr\u00e9sent\u00e9 cette t\u00e2che \u00e0 divers publics, et en particulier, \u00e0 mes patients adultes en cabinet de ville. L\u2019exercice s\u2019est modifi\u00e9 et est devenu la premi\u00e8re s\u00e9quence d\u2019atelier :<\/p>\n\n\n\n<p>Parmi une trentaine de photographies d\u2019int\u00e9rieur dont la fen\u00eatre (ou l\u2019ouverture) est \u00e9vid\u00e9e, en choisir trois, puis y placer un paysage. C\u2019est une invitation \u00e0 regarder ce qui fait nostalgie, espoir, envie \u2026 alors, \u00e0 partir de ces collages, le sujet se projette vers un pass\u00e9, un pr\u00e9sent et\/ou un avenir.<\/p>\n\n\n\n<p class=\"has-text-color has-link-color wp-elements-0c5dd61414d2cb4c88e3596780dedeb0\" style=\"color:#2753a5\"><strong><em>Pour lire le texte complet <a href=\"\/index.php\/options-dinscription\/\"><mark style=\"background-color:rgba(0, 0, 0, 0)\" class=\"has-inline-color has-vivid-cyan-blue-color\">s&rsquo;inscrire<\/mark><\/a> ou <a href=\"\/index.php\/my-account\/edit-account\/\"><mark style=\"background-color:rgba(0, 0, 0, 0)\" class=\"has-inline-color has-vivid-cyan-blue-color\">se connecter<\/mark><\/a><\/em><\/strong><\/p>\n\n\n\n\n\n<div style=\"height:100px\" aria-hidden=\"true\" class=\"wp-block-spacer\"><\/div>\n\n\n\n<div class=\"wp-block-buttons is-content-justification-center is-layout-flex wp-container-core-buttons-is-layout-a89b3969 wp-block-buttons-is-layout-flex\">\n<div class=\"wp-block-button has-custom-font-size is-style-fill has-small-font-size\"><a class=\"wp-block-button__link has-vivid-red-background-color has-background wp-element-button\" href=\"\/index.php\/2021\/11\/05\/fenetres\/\">&lt;&#8211;retour<\/a><\/div>\n<\/div>\n<\/div>\n\n\n\n<div class=\"wp-block-column is-layout-flow wp-block-column-is-layout-flow\" style=\"flex-basis:33.33%\">\n<figure class=\"wp-block-table\"><table class=\"has-background\" style=\"background-color:#f8f2f2\"><thead><tr><th><mark class=\"has-inline-color has-vivid-red-color\" style=\"background-color: rgba(0, 0, 0, 0);\"><strong>Auteur<\/strong><\/mark><\/th><\/tr><\/thead><tbody><tr><td><strong>V\u00e9ronique De Lagausie<\/strong><\/td><\/tr><\/tbody><\/table><\/figure>\n\n\n\n<figure class=\"wp-block-table\"><table><thead><tr><th><mark class=\"has-inline-color has-vivid-red-color\" style=\"background-color: rgba(0, 0, 0, 0);\"><strong>R\u00e9f\u00e9rence<\/strong><\/mark><\/th><\/tr><\/thead><tbody><tr><td><strong>RA017-10<\/strong><br>Fen\u00eatres<br>Journ\u00e9es d&rsquo;Automne 2021<\/td><\/tr><\/tbody><\/table><\/figure>\n\n\n\n<figure class=\"wp-block-table\"><table><thead><tr><th><mark class=\"has-inline-color has-vivid-red-color\" style=\"background-color: rgba(0, 0, 0, 0);\"><strong>Cat\u00e9gories<\/strong><\/mark><\/th><\/tr><\/thead><tbody><tr><td>Art-th\u00e9rapie<br>Architecture<br>Photographie<br>Cas clinique<\/td><\/tr><\/tbody><\/table><\/figure>\n<\/div>\n<\/div>\n","protected":false},"excerpt":{"rendered":"<p>Habiter c\u2019est \u00eatre de quelque part. Du territoire familier \u00e0 la chambre, les p\u00e9rim\u00e8tres de nos enveloppes soutiennent notre psychisme comme des v\u00eatements ou des peaux aux diff\u00e9rentes fonctions (Anzieu, 1995). La fen\u00eatre fait trou\u00e9e de la paroi donnant \u00e0 voir la solide \u00e9paisseur de celle-ci, laissant entrer le paysage,&hellip;<\/p>\n","protected":false},"author":2,"featured_media":0,"comment_status":"closed","ping_status":"open","sticky":false,"template":"","format":"standard","meta":{"pmpro_default_level":"","ngg_post_thumbnail":0,"footnotes":""},"categories":[387],"tags":[513,492,493,370,514,386],"class_list":["post-1560","post","type-post","status-publish","format-standard","hentry","category-de-lagausie-veronique","tag-architecture","tag-art-therapie","tag-cas-clinique","tag-fenetres","tag-photographie","tag-ra017-10","pmpro-has-access"],"_links":{"self":[{"href":"https:\/\/bibliotheque-sfpe-at.com\/index.php\/wp-json\/wp\/v2\/posts\/1560","targetHints":{"allow":["GET"]}}],"collection":[{"href":"https:\/\/bibliotheque-sfpe-at.com\/index.php\/wp-json\/wp\/v2\/posts"}],"about":[{"href":"https:\/\/bibliotheque-sfpe-at.com\/index.php\/wp-json\/wp\/v2\/types\/post"}],"author":[{"embeddable":true,"href":"https:\/\/bibliotheque-sfpe-at.com\/index.php\/wp-json\/wp\/v2\/users\/2"}],"replies":[{"embeddable":true,"href":"https:\/\/bibliotheque-sfpe-at.com\/index.php\/wp-json\/wp\/v2\/comments?post=1560"}],"version-history":[{"count":3,"href":"https:\/\/bibliotheque-sfpe-at.com\/index.php\/wp-json\/wp\/v2\/posts\/1560\/revisions"}],"predecessor-version":[{"id":4724,"href":"https:\/\/bibliotheque-sfpe-at.com\/index.php\/wp-json\/wp\/v2\/posts\/1560\/revisions\/4724"}],"wp:attachment":[{"href":"https:\/\/bibliotheque-sfpe-at.com\/index.php\/wp-json\/wp\/v2\/media?parent=1560"}],"wp:term":[{"taxonomy":"category","embeddable":true,"href":"https:\/\/bibliotheque-sfpe-at.com\/index.php\/wp-json\/wp\/v2\/categories?post=1560"},{"taxonomy":"post_tag","embeddable":true,"href":"https:\/\/bibliotheque-sfpe-at.com\/index.php\/wp-json\/wp\/v2\/tags?post=1560"}],"curies":[{"name":"wp","href":"https:\/\/api.w.org\/{rel}","templated":true}]}}