{"id":1562,"date":"2024-06-12T16:11:53","date_gmt":"2024-06-12T14:11:53","guid":{"rendered":"https:\/\/sfpe-at.com\/?p=1562"},"modified":"2025-03-25T19:41:03","modified_gmt":"2025-03-25T18:41:03","slug":"la-creation-dun-film-pour-se-reconstruire-apres-un-evenement-traumatique","status":"publish","type":"post","link":"https:\/\/bibliotheque-sfpe-at.com\/index.php\/2024\/06\/12\/la-creation-dun-film-pour-se-reconstruire-apres-un-evenement-traumatique\/","title":{"rendered":"La cr\u00e9ation d\u2019un film pour se reconstruire apr\u00e8s un \u00e9v\u00e9nement traumatique"},"content":{"rendered":"\n<div class=\"wp-block-columns is-layout-flex wp-container-core-columns-is-layout-28f84493 wp-block-columns-is-layout-flex\">\n<div class=\"wp-block-column is-layout-flow wp-block-column-is-layout-flow\" style=\"flex-basis:66.66%\">\n<p>L e cin\u00e9ma a souvent \u00e9t\u00e9 d\u00e9crit comme une \u00ab fen\u00eatre ouverte sur le monde \u00bb. Le d\u00e9veloppement des technologies num\u00e9riques permet aujourd\u2019hui \u00e0 tout individu de t\u00e9moigner de son existence et de tenter d\u2019inscrire son histoire personnelle, souvent intime, dans une histoire humaine globalis\u00e9e. Dans un contexte o\u00f9 les images s\u2019\u00e9changent \u00e0 grande vitesse, en renseignant sans tr\u00eave toutes les crises qui agitent le monde, chaque sujet cherche \u00e0 s\u2019approprier sa propre histoire et sa place parmi les autres. Donner un sens personnel \u00e0 son existence serait aussi indispensable que complexe pour les sujets rescap\u00e9s d\u2019une histoire traumatique collective. Le travail psychique n\u00e9cessaire pour y parvenir pourrait alors \u00eatre soutenu par les qualit\u00e9s artistiques et techniques du film et par un accompagnement art-th\u00e9rapeutique adapt\u00e9. Nous proposons ainsi une discussion entre deux r\u00e9alisatrices, anciennes patientes, et l\u2019art-th\u00e9rapeute, en nous appuyant sur le film r\u00e9alis\u00e9 au cours d\u2019ateliers d\u2019art-th\u00e9rapie mis en place en 2016-2017 au sein d\u2019une association pour venir en aide aux victimes d\u2019attentats. Cet \u00e9change sera ax\u00e9 sur les sp\u00e9cificit\u00e9s de la cr\u00e9ation vid\u00e9o et de son accompagnement art-th\u00e9rapeutique et tentera de d\u00e9montrer en quoi ceux-ci favorisent une reconstruction personnelle.<\/p>\n\n\n\n<p class=\"has-text-color has-link-color wp-elements-0c5dd61414d2cb4c88e3596780dedeb0\" style=\"color:#2753a5\"><strong><em>Pour lire le texte complet <a href=\"\/index.php\/options-dinscription\/\"><mark style=\"background-color:rgba(0, 0, 0, 0)\" class=\"has-inline-color has-vivid-cyan-blue-color\">s&rsquo;inscrire<\/mark><\/a> ou <a href=\"\/index.php\/my-account\/edit-account\/\"><mark style=\"background-color:rgba(0, 0, 0, 0)\" class=\"has-inline-color has-vivid-cyan-blue-color\">se connecter<\/mark><\/a><\/em><\/strong><\/p>\n\n\n\n\n\n<div style=\"height:100px\" aria-hidden=\"true\" class=\"wp-block-spacer\"><\/div>\n\n\n\n<div class=\"wp-block-buttons is-content-justification-center is-layout-flex wp-container-core-buttons-is-layout-a89b3969 wp-block-buttons-is-layout-flex\">\n<div class=\"wp-block-button has-custom-font-size is-style-fill has-small-font-size\"><a class=\"wp-block-button__link has-vivid-red-background-color has-background wp-element-button\" href=\"\/index.php\/2021\/11\/05\/fenetres\/\">&lt;&#8211;retour<\/a><\/div>\n<\/div>\n<\/div>\n\n\n\n<div class=\"wp-block-column is-layout-flow wp-block-column-is-layout-flow\" style=\"flex-basis:33.33%\">\n<figure class=\"wp-block-table\"><table class=\"has-background\" style=\"background-color:#f8f2f2\"><thead><tr><th><mark class=\"has-inline-color has-vivid-red-color\" style=\"background-color: rgba(0, 0, 0, 0);\"><strong>Auteur<\/strong><\/mark><\/th><\/tr><\/thead><tbody><tr><td><strong>Sonia Winter<\/strong><\/td><\/tr><\/tbody><\/table><\/figure>\n\n\n\n<figure class=\"wp-block-table\"><table><thead><tr><th><mark class=\"has-inline-color has-vivid-red-color\" style=\"background-color: rgba(0, 0, 0, 0);\"><strong>R\u00e9f\u00e9rence<\/strong><\/mark><\/th><\/tr><\/thead><tbody><tr><td><strong>RA017-11<\/strong><br>Fen\u00eatres<br>Journ\u00e9es d&rsquo;Automne 2021<\/td><\/tr><\/tbody><\/table><\/figure>\n\n\n\n<figure class=\"wp-block-table\"><table><thead><tr><th><mark class=\"has-inline-color has-vivid-red-color\" style=\"background-color: rgba(0, 0, 0, 0);\"><strong>Cat\u00e9gories<\/strong><\/mark><\/th><\/tr><\/thead><tbody><tr><td>Art-th\u00e9rapie<br>Vid\u00e9o<br>Cas clinique<\/td><\/tr><\/tbody><\/table><\/figure>\n<\/div>\n<\/div>\n","protected":false},"excerpt":{"rendered":"<p>L e cin\u00e9ma a souvent \u00e9t\u00e9 d\u00e9crit comme une \u00ab fen\u00eatre ouverte sur le monde \u00bb. Le d\u00e9veloppement des technologies num\u00e9riques permet aujourd\u2019hui \u00e0 tout individu de t\u00e9moigner de son existence et de tenter d\u2019inscrire son histoire personnelle, souvent intime, dans une histoire humaine globalis\u00e9e. Dans un contexte o\u00f9 les&hellip;<\/p>\n","protected":false},"author":2,"featured_media":0,"comment_status":"closed","ping_status":"open","sticky":false,"template":"","format":"standard","meta":{"pmpro_default_level":"","ngg_post_thumbnail":0,"footnotes":""},"categories":[393],"tags":[492,493,370,392,499],"class_list":["post-1562","post","type-post","status-publish","format-standard","hentry","category-winter-sonia","tag-art-therapie","tag-cas-clinique","tag-fenetres","tag-ra017-11","tag-video","pmpro-has-access"],"_links":{"self":[{"href":"https:\/\/bibliotheque-sfpe-at.com\/index.php\/wp-json\/wp\/v2\/posts\/1562","targetHints":{"allow":["GET"]}}],"collection":[{"href":"https:\/\/bibliotheque-sfpe-at.com\/index.php\/wp-json\/wp\/v2\/posts"}],"about":[{"href":"https:\/\/bibliotheque-sfpe-at.com\/index.php\/wp-json\/wp\/v2\/types\/post"}],"author":[{"embeddable":true,"href":"https:\/\/bibliotheque-sfpe-at.com\/index.php\/wp-json\/wp\/v2\/users\/2"}],"replies":[{"embeddable":true,"href":"https:\/\/bibliotheque-sfpe-at.com\/index.php\/wp-json\/wp\/v2\/comments?post=1562"}],"version-history":[{"count":3,"href":"https:\/\/bibliotheque-sfpe-at.com\/index.php\/wp-json\/wp\/v2\/posts\/1562\/revisions"}],"predecessor-version":[{"id":4725,"href":"https:\/\/bibliotheque-sfpe-at.com\/index.php\/wp-json\/wp\/v2\/posts\/1562\/revisions\/4725"}],"wp:attachment":[{"href":"https:\/\/bibliotheque-sfpe-at.com\/index.php\/wp-json\/wp\/v2\/media?parent=1562"}],"wp:term":[{"taxonomy":"category","embeddable":true,"href":"https:\/\/bibliotheque-sfpe-at.com\/index.php\/wp-json\/wp\/v2\/categories?post=1562"},{"taxonomy":"post_tag","embeddable":true,"href":"https:\/\/bibliotheque-sfpe-at.com\/index.php\/wp-json\/wp\/v2\/tags?post=1562"}],"curies":[{"name":"wp","href":"https:\/\/api.w.org\/{rel}","templated":true}]}}