{"id":1567,"date":"2024-06-12T16:20:55","date_gmt":"2024-06-12T14:20:55","guid":{"rendered":"https:\/\/sfpe-at.com\/?p=1567"},"modified":"2025-03-25T19:42:51","modified_gmt":"2025-03-25T18:42:51","slug":"nature-et-lumiere-la-fenetre-chez-marcel-proust-et-pierre-bonnard","status":"publish","type":"post","link":"https:\/\/bibliotheque-sfpe-at.com\/index.php\/2024\/06\/12\/nature-et-lumiere-la-fenetre-chez-marcel-proust-et-pierre-bonnard\/","title":{"rendered":"Nature et lumi\u00e8re, la fen\u00eatre chez Marcel Proust et Pierre Bonnard"},"content":{"rendered":"\n<div class=\"wp-block-columns is-layout-flex wp-container-core-columns-is-layout-28f84493 wp-block-columns-is-layout-flex\">\n<div class=\"wp-block-column is-layout-flow wp-block-column-is-layout-flow\" style=\"flex-basis:66.66%\">\n<p>La lumi\u00e8re au travers de la fen\u00eatre donne \u00e0 notre corps l\u2019instant de l\u2019existence, je suis dans ce moment \u00e9trange de l\u2019interpellation du monde ext\u00e9rieur. Ceci fait instant et acte de r\u00e9alit\u00e9 du monde, du soleil, du temps infini et de l\u2019intime.<\/p>\n\n\n\n<p>Une sorte d\u2019amour courtois. Comme si l\u2019altier du soleil et de la nature, leur pers\u00e9v\u00e9rance dans ce qui est de tout temps, s\u2019\u00e9non\u00e7ait dans un acte de don ou de transfert. La fen\u00eatre s\u2019invite au lieu o\u00f9 la nature et sa lumi\u00e8re viennent toucher notre peau, viennent interpeller notre corps et notre \u00e2me dans une demande attentive. Une \u00e9tendue s\u2019invite \u00e0 travers la fen\u00eatre o\u00f9 notre \u00eatre per\u00e7oit comme une note de musique ancestrale, une nouvelle du temps pr\u00e9sent.<\/p>\n\n\n\n<p>Marcel Proust, le grand h\u00f4tel de Balbec, le souffle de la couleur de la mer et du ciel \u00e0 ses fen\u00eatres ; Pierre Bonnard, ses fen\u00eatres ouvertes.<\/p>\n\n\n\n<p>Ces artistes ont peint presque en \u00e9cho, cette mise en instant de notre peau, cet \u00e9v\u00e9nement qui se passe sur la peau des \u00eatres et des chambres.<\/p>\n\n\n\n<p>Fen\u00eatre, en tant que don, mais aussi en tant qu\u2019ordalie, \u00e9voquant notre corps, dont on serait toujours humble, mais gagnant.<\/p>\n\n\n\n<p class=\"has-text-color has-link-color wp-elements-0c5dd61414d2cb4c88e3596780dedeb0\" style=\"color:#2753a5\"><strong><em>Pour lire le texte complet <a href=\"\/index.php\/options-dinscription\/\"><mark style=\"background-color:rgba(0, 0, 0, 0)\" class=\"has-inline-color has-vivid-cyan-blue-color\">s&rsquo;inscrire<\/mark><\/a> ou <a href=\"\/index.php\/my-account\/edit-account\/\"><mark style=\"background-color:rgba(0, 0, 0, 0)\" class=\"has-inline-color has-vivid-cyan-blue-color\">se connecter<\/mark><\/a><\/em><\/strong><\/p>\n\n\n\n\n\n<div style=\"height:100px\" aria-hidden=\"true\" class=\"wp-block-spacer\"><\/div>\n\n\n\n<div class=\"wp-block-buttons is-content-justification-center is-layout-flex wp-container-core-buttons-is-layout-a89b3969 wp-block-buttons-is-layout-flex\">\n<div class=\"wp-block-button has-custom-font-size is-style-fill has-small-font-size\"><a class=\"wp-block-button__link has-vivid-red-background-color has-background wp-element-button\" href=\"\/index.php\/2021\/11\/05\/fenetres\/\">&lt;&#8211;retour<\/a><\/div>\n<\/div>\n<\/div>\n\n\n\n<div class=\"wp-block-column is-layout-flow wp-block-column-is-layout-flow\" style=\"flex-basis:33.33%\">\n<figure class=\"wp-block-table\"><table class=\"has-background\" style=\"background-color:#f8f2f2\"><thead><tr><th><mark class=\"has-inline-color has-vivid-red-color\" style=\"background-color: rgba(0, 0, 0, 0);\"><strong>Auteur<\/strong><\/mark><\/th><\/tr><\/thead><tbody><tr><td><strong>Olivier Saint-Pierre<\/strong><\/td><\/tr><\/tbody><\/table><\/figure>\n\n\n\n<figure class=\"wp-block-table\"><table><thead><tr><th><mark class=\"has-inline-color has-vivid-red-color\" style=\"background-color: rgba(0, 0, 0, 0);\"><strong>R\u00e9f\u00e9rence<\/strong><\/mark><\/th><\/tr><\/thead><tbody><tr><td><strong>RA017-13<\/strong><br>Fen\u00eatres<br>Journ\u00e9es d&rsquo;Automne 2021<\/td><\/tr><\/tbody><\/table><\/figure>\n\n\n\n<figure class=\"wp-block-table\"><table><thead><tr><th><mark class=\"has-inline-color has-vivid-red-color\" style=\"background-color: rgba(0, 0, 0, 0);\"><strong>Cat\u00e9gories<\/strong><\/mark><\/th><\/tr><\/thead><tbody><tr><td>Peinture<br>Litt\u00e9rature<\/td><\/tr><\/tbody><\/table><\/figure>\n<\/div>\n<\/div>\n","protected":false},"excerpt":{"rendered":"<p>La lumi\u00e8re au travers de la fen\u00eatre donne \u00e0 notre corps l\u2019instant de l\u2019existence, je suis dans ce moment \u00e9trange de l\u2019interpellation du monde ext\u00e9rieur. Ceci fait instant et acte de r\u00e9alit\u00e9 du monde, du soleil, du temps infini et de l\u2019intime. Une sorte d\u2019amour courtois. Comme si l\u2019altier du&hellip;<\/p>\n","protected":false},"author":2,"featured_media":0,"comment_status":"closed","ping_status":"open","sticky":false,"template":"","format":"standard","meta":{"pmpro_default_level":"","ngg_post_thumbnail":0,"footnotes":""},"categories":[95],"tags":[370,509,484,395],"class_list":["post-1567","post","type-post","status-publish","format-standard","hentry","category-saint-pierre-olivier","tag-fenetres","tag-litterature","tag-peinture","tag-ra017-13","pmpro-has-access"],"_links":{"self":[{"href":"https:\/\/bibliotheque-sfpe-at.com\/index.php\/wp-json\/wp\/v2\/posts\/1567","targetHints":{"allow":["GET"]}}],"collection":[{"href":"https:\/\/bibliotheque-sfpe-at.com\/index.php\/wp-json\/wp\/v2\/posts"}],"about":[{"href":"https:\/\/bibliotheque-sfpe-at.com\/index.php\/wp-json\/wp\/v2\/types\/post"}],"author":[{"embeddable":true,"href":"https:\/\/bibliotheque-sfpe-at.com\/index.php\/wp-json\/wp\/v2\/users\/2"}],"replies":[{"embeddable":true,"href":"https:\/\/bibliotheque-sfpe-at.com\/index.php\/wp-json\/wp\/v2\/comments?post=1567"}],"version-history":[{"count":3,"href":"https:\/\/bibliotheque-sfpe-at.com\/index.php\/wp-json\/wp\/v2\/posts\/1567\/revisions"}],"predecessor-version":[{"id":4727,"href":"https:\/\/bibliotheque-sfpe-at.com\/index.php\/wp-json\/wp\/v2\/posts\/1567\/revisions\/4727"}],"wp:attachment":[{"href":"https:\/\/bibliotheque-sfpe-at.com\/index.php\/wp-json\/wp\/v2\/media?parent=1567"}],"wp:term":[{"taxonomy":"category","embeddable":true,"href":"https:\/\/bibliotheque-sfpe-at.com\/index.php\/wp-json\/wp\/v2\/categories?post=1567"},{"taxonomy":"post_tag","embeddable":true,"href":"https:\/\/bibliotheque-sfpe-at.com\/index.php\/wp-json\/wp\/v2\/tags?post=1567"}],"curies":[{"name":"wp","href":"https:\/\/api.w.org\/{rel}","templated":true}]}}