{"id":1569,"date":"2024-06-12T16:25:02","date_gmt":"2024-06-12T14:25:02","guid":{"rendered":"https:\/\/sfpe-at.com\/?p=1569"},"modified":"2025-03-25T19:43:23","modified_gmt":"2025-03-25T18:43:23","slug":"lazur-par-la-fenetre-ou-lamour-dailleurs","status":"publish","type":"post","link":"https:\/\/bibliotheque-sfpe-at.com\/index.php\/2024\/06\/12\/lazur-par-la-fenetre-ou-lamour-dailleurs\/","title":{"rendered":"L\u2019azur par la fen\u00eatre ou l\u2019amour d\u2019ailleurs"},"content":{"rendered":"\n<div class=\"wp-block-columns is-layout-flex wp-container-core-columns-is-layout-28f84493 wp-block-columns-is-layout-flex\">\n<div class=\"wp-block-column is-layout-flow wp-block-column-is-layout-flow\" style=\"flex-basis:66.66%\">\n<p><em>E p\u00e9riculoso sporgesi.<\/em><\/p>\n\n\n\n<p>Pour expliquer la forme de d\u00e9prise qui sied au travail d\u2019association libre, Freud renvoyait \u00e0 la position du voyageur dans un train (se) racontant ce qui d\u00e9filait par la fen\u00eatre : visions de r\u00e9alit\u00e9s et de r\u00eaveries, de mises en abyme et en miroir. Cette (dis) position vaut pour le sujet contemplant une oeuvre d\u2019art ; \u00ab \u00eatre l\u00e0 \u00bb attach\u00e9 aux objets de son \u00ab amour d\u2019ici \u00bb, mais par la fen\u00eatre porter son regard vers \u00ab l\u2019amour d\u2019ailleurs \u00bb, amour de transfert s\u2019il en est, mais aussi matrice du d\u00e9sir et motif d\u2019inspiration. Les dispositifs de psychoth\u00e9rapie m\u00e9diatis\u00e9e sont autant de fen\u00eatres ouvertes \u00e0 la dynamique des d\u00e9sirs entre fermet\u00e9 d\u2019un cadre et mobilit\u00e9 des formations signifiantes. Lib\u00e9rer les formants d\u2019une fen\u00eatre comme toutes celles du corps, c\u2019est s\u2019exposer comme la jeune fille \u00e0 la fen\u00eatre ou comme l\u2019amant qui ne se r\u00e9sout pas \u00e0 l\u2019embrasement sans embrassement et attend le moment propice (kairos) de l\u2019escalade. Au risque de s\u2019ab\u00eemer dans le vide pour ne pas mourir confin\u00e9s, les artistes cr\u00e9ent des fen\u00eatres et soignent les cadres comme des ponctuations qui prot\u00e8gent les intervalles de respiration. Par les fen\u00eatres de Matisse, nous nous inviterons dans la path\u00e9tique cohabitation de l\u2019amour d\u2019ici et de l\u2019amour d\u2019ailleurs, depuis Collioure o\u00f9 il devint \u00ab fauve \u00bb jusqu\u2019\u00e0 la C\u00f4te d\u2019Azur o\u00f9 il trouva par la gr\u00e2ce juv\u00e9nile de sa derni\u00e8re muse la voie des nu(e)s bleues. Mais il est un outre-bleu qui nous aspire comme la \u00ab relation d\u2019inconnu \u00bb et le \u00ab sentiment oc\u00e9anique \u00bb nous captivent : l\u2019Azur numineux de l\u2019Ailleurs absolu, ultime destination de l\u2019Ouvert sans fin.<\/p>\n\n\n\n<p class=\"has-text-color has-link-color wp-elements-0c5dd61414d2cb4c88e3596780dedeb0\" style=\"color:#2753a5\"><strong><em>Pour lire le texte complet <a href=\"\/index.php\/options-dinscription\/\"><mark style=\"background-color:rgba(0, 0, 0, 0)\" class=\"has-inline-color has-vivid-cyan-blue-color\">s&rsquo;inscrire<\/mark><\/a> ou <a href=\"\/index.php\/my-account\/edit-account\/\"><mark style=\"background-color:rgba(0, 0, 0, 0)\" class=\"has-inline-color has-vivid-cyan-blue-color\">se connecter<\/mark><\/a><\/em><\/strong><\/p>\n\n\n\n\n\n<div style=\"height:100px\" aria-hidden=\"true\" class=\"wp-block-spacer\"><\/div>\n\n\n\n<div class=\"wp-block-buttons is-content-justification-center is-layout-flex wp-container-core-buttons-is-layout-a89b3969 wp-block-buttons-is-layout-flex\">\n<div class=\"wp-block-button has-custom-font-size is-style-fill has-small-font-size\"><a class=\"wp-block-button__link has-vivid-red-background-color has-background wp-element-button\" href=\"\/index.php\/2021\/11\/05\/fenetres\/\">&lt;&#8211;retour<\/a><\/div>\n<\/div>\n<\/div>\n\n\n\n<div class=\"wp-block-column is-layout-flow wp-block-column-is-layout-flow\" style=\"flex-basis:33.33%\">\n<figure class=\"wp-block-table\"><table class=\"has-background\" style=\"background-color:#f8f2f2\"><thead><tr><th><mark class=\"has-inline-color has-vivid-red-color\" style=\"background-color: rgba(0, 0, 0, 0);\"><strong>Auteur<\/strong><\/mark><\/th><\/tr><\/thead><tbody><tr><td><strong>Jean-Pierre Martineau<\/strong><\/td><\/tr><\/tbody><\/table><\/figure>\n\n\n\n<figure class=\"wp-block-table\"><table><thead><tr><th><mark class=\"has-inline-color has-vivid-red-color\" style=\"background-color: rgba(0, 0, 0, 0);\"><strong>R\u00e9f\u00e9rence<\/strong><\/mark><\/th><\/tr><\/thead><tbody><tr><td><strong>RA017-14<\/strong><br>Fen\u00eatres<br>Journ\u00e9es d&rsquo;Automne 2021<\/td><\/tr><\/tbody><\/table><\/figure>\n\n\n\n<figure class=\"wp-block-table\"><table><thead><tr><th><mark class=\"has-inline-color has-vivid-red-color\" style=\"background-color: rgba(0, 0, 0, 0);\"><strong>Cat\u00e9gories<\/strong><\/mark><\/th><\/tr><\/thead><tbody><tr><td>Peinture<br>Psychanalyse<\/td><\/tr><\/tbody><\/table><\/figure>\n<\/div>\n<\/div>\n","protected":false},"excerpt":{"rendered":"<p>E p\u00e9riculoso sporgesi. Pour expliquer la forme de d\u00e9prise qui sied au travail d\u2019association libre, Freud renvoyait \u00e0 la position du voyageur dans un train (se) racontant ce qui d\u00e9filait par la fen\u00eatre : visions de r\u00e9alit\u00e9s et de r\u00eaveries, de mises en abyme et en miroir. Cette (dis) position&hellip;<\/p>\n","protected":false},"author":2,"featured_media":0,"comment_status":"closed","ping_status":"open","sticky":false,"template":"","format":"standard","meta":{"pmpro_default_level":"","ngg_post_thumbnail":0,"footnotes":""},"categories":[41],"tags":[370,484,494,396],"class_list":["post-1569","post","type-post","status-publish","format-standard","hentry","category-martineau-jean-pierre","tag-fenetres","tag-peinture","tag-psychanalyse","tag-ra017-14","pmpro-has-access"],"_links":{"self":[{"href":"https:\/\/bibliotheque-sfpe-at.com\/index.php\/wp-json\/wp\/v2\/posts\/1569","targetHints":{"allow":["GET"]}}],"collection":[{"href":"https:\/\/bibliotheque-sfpe-at.com\/index.php\/wp-json\/wp\/v2\/posts"}],"about":[{"href":"https:\/\/bibliotheque-sfpe-at.com\/index.php\/wp-json\/wp\/v2\/types\/post"}],"author":[{"embeddable":true,"href":"https:\/\/bibliotheque-sfpe-at.com\/index.php\/wp-json\/wp\/v2\/users\/2"}],"replies":[{"embeddable":true,"href":"https:\/\/bibliotheque-sfpe-at.com\/index.php\/wp-json\/wp\/v2\/comments?post=1569"}],"version-history":[{"count":3,"href":"https:\/\/bibliotheque-sfpe-at.com\/index.php\/wp-json\/wp\/v2\/posts\/1569\/revisions"}],"predecessor-version":[{"id":4728,"href":"https:\/\/bibliotheque-sfpe-at.com\/index.php\/wp-json\/wp\/v2\/posts\/1569\/revisions\/4728"}],"wp:attachment":[{"href":"https:\/\/bibliotheque-sfpe-at.com\/index.php\/wp-json\/wp\/v2\/media?parent=1569"}],"wp:term":[{"taxonomy":"category","embeddable":true,"href":"https:\/\/bibliotheque-sfpe-at.com\/index.php\/wp-json\/wp\/v2\/categories?post=1569"},{"taxonomy":"post_tag","embeddable":true,"href":"https:\/\/bibliotheque-sfpe-at.com\/index.php\/wp-json\/wp\/v2\/tags?post=1569"}],"curies":[{"name":"wp","href":"https:\/\/api.w.org\/{rel}","templated":true}]}}