{"id":1571,"date":"2024-06-12T16:30:27","date_gmt":"2024-06-12T14:30:27","guid":{"rendered":"https:\/\/sfpe-at.com\/?p=1571"},"modified":"2025-03-25T19:44:05","modified_gmt":"2025-03-25T18:44:05","slug":"fenetre-sur-lenchantement-pierre-bonnard","status":"publish","type":"post","link":"https:\/\/bibliotheque-sfpe-at.com\/index.php\/2024\/06\/12\/fenetre-sur-lenchantement-pierre-bonnard\/","title":{"rendered":"Fen\u00eatre sur l\u2019enchantement : Pierre Bonnard"},"content":{"rendered":"\n<div class=\"wp-block-columns is-layout-flex wp-container-core-columns-is-layout-28f84493 wp-block-columns-is-layout-flex\">\n<div class=\"wp-block-column is-layout-flow wp-block-column-is-layout-flow\" style=\"flex-basis:66.66%\">\n<p><em>\u00ab Je trace sur la surface \u00e0 peindre un quadrilat\u00e8re qui sera<br>pour moi comme une fen\u00eatre ouverte sur le monde. \u00bb<br>Leon Battista Alberti, 1404-1472<\/em><\/p>\n\n\n\n<p>Nombre de fen\u00eatres sont pr\u00e9sentes dans l\u2019histoire de la peinture \u2026 Elles sont une mani\u00e8re de distinguer deux espaces. Au-del\u00e0 de l\u2019int\u00e9rieur, pass\u00e9 le cadre de l\u2019embrasure, une autre vue surgit, comme un appel \u00e0 la contemplation.<\/p>\n\n\n\n<p>Mais plus encore, la peinture elle-m\u00eame est une \u00ab fen\u00eatre ouverte sur le monde \u00bb. Derri\u00e8re la crois\u00e9e, l\u2019oeil du peintre, avide, se r\u00e9pand au-del\u00e0 du cadre comme pour d\u00e9signer l\u00e0 l\u2019objet de son d\u00e9sir.<\/p>\n\n\n\n<p>Pierre Bonnard entrouvre dans ses toiles des fen\u00eatres au cadre enchanteur, o\u00f9 se distinguent pour lui les vertus supr\u00eames du Pictural : la tache, comme affirmation de l\u2019aplat, et surtout la couleur sublim\u00e9e, l\u2019\u00e2me de sa peinture.<\/p>\n\n\n\n<p>Il ne peint pas d\u2019apr\u00e8s nature ; il prend des croquis ; il \u00e9crit des notes dans ses carnets ; mais l\u2019oeuvre d\u00e9finitive est compos\u00e9e \u00e0 l\u2019int\u00e9rieur, sous l\u2019aura du souvenir.<\/p>\n\n\n\n<p>Coloriste \u00e9blouissant et ma\u00eetre de la lumi\u00e8re comme aucun, l\u2019oeuvre de Pierre est un enchantement. Le peintre cadre ses sujets au-del\u00e0 de la repr\u00e9sentation, pour affirmer \u00e0 Matisse, son ami : \u00ab Le principal sujet, c\u2019est la surface, qui a sa couleur, ses lois, par-dessus les objets. \u00bb \u00c0 ce titre, malgr\u00e9 les apparences et au-del\u00e0 de l\u2019impressionniste, il ouvre des perspectives totalement novatrices \u00e0 la modernit\u00e9.<\/p>\n\n\n\n<p class=\"has-text-color has-link-color wp-elements-0c5dd61414d2cb4c88e3596780dedeb0\" style=\"color:#2753a5\"><strong><em>Pour lire le texte complet <a href=\"\/index.php\/options-dinscription\/\"><mark style=\"background-color:rgba(0, 0, 0, 0)\" class=\"has-inline-color has-vivid-cyan-blue-color\">s&rsquo;inscrire<\/mark><\/a> ou <a href=\"\/index.php\/my-account\/edit-account\/\"><mark style=\"background-color:rgba(0, 0, 0, 0)\" class=\"has-inline-color has-vivid-cyan-blue-color\">se connecter<\/mark><\/a><\/em><\/strong><\/p>\n\n\n\n\n\n<div style=\"height:100px\" aria-hidden=\"true\" class=\"wp-block-spacer\"><\/div>\n\n\n\n<div class=\"wp-block-buttons is-content-justification-center is-layout-flex wp-container-core-buttons-is-layout-a89b3969 wp-block-buttons-is-layout-flex\">\n<div class=\"wp-block-button has-custom-font-size is-style-fill has-small-font-size\"><a class=\"wp-block-button__link has-vivid-red-background-color has-background wp-element-button\" href=\"\/index.php\/2021\/11\/05\/fenetres\/\">&lt;&#8211;retour<\/a><\/div>\n<\/div>\n<\/div>\n\n\n\n<div class=\"wp-block-column is-layout-flow wp-block-column-is-layout-flow\" style=\"flex-basis:33.33%\">\n<figure class=\"wp-block-table\"><table class=\"has-background\" style=\"background-color:#f8f2f2\"><thead><tr><th><mark class=\"has-inline-color has-vivid-red-color\" style=\"background-color: rgba(0, 0, 0, 0);\"><strong>Auteur<\/strong><\/mark><\/th><\/tr><\/thead><tbody><tr><td><strong>G\u00e9rard Bout\u00e9<\/strong><\/td><\/tr><\/tbody><\/table><\/figure>\n\n\n\n<figure class=\"wp-block-table\"><table><thead><tr><th><mark class=\"has-inline-color has-vivid-red-color\" style=\"background-color: rgba(0, 0, 0, 0);\"><strong>R\u00e9f\u00e9rence<\/strong><\/mark><\/th><\/tr><\/thead><tbody><tr><td><strong>RA017-15<\/strong><br>Fen\u00eatres<br>Journ\u00e9es d&rsquo;Automne 2021<\/td><\/tr><\/tbody><\/table><\/figure>\n\n\n\n<figure class=\"wp-block-table\"><table><thead><tr><th><mark class=\"has-inline-color has-vivid-red-color\" style=\"background-color: rgba(0, 0, 0, 0);\"><strong>Cat\u00e9gories<\/strong><\/mark><\/th><\/tr><\/thead><tbody><tr><td>Peinture<\/td><\/tr><\/tbody><\/table><\/figure>\n<\/div>\n<\/div>\n","protected":false},"excerpt":{"rendered":"<p>\u00ab Je trace sur la surface \u00e0 peindre un quadrilat\u00e8re qui serapour moi comme une fen\u00eatre ouverte sur le monde. \u00bbLeon Battista Alberti, 1404-1472 Nombre de fen\u00eatres sont pr\u00e9sentes dans l\u2019histoire de la peinture \u2026 Elles sont une mani\u00e8re de distinguer deux espaces. Au-del\u00e0 de l\u2019int\u00e9rieur, pass\u00e9 le cadre de&hellip;<\/p>\n","protected":false},"author":2,"featured_media":0,"comment_status":"closed","ping_status":"open","sticky":false,"template":"","format":"standard","meta":{"pmpro_default_level":"","ngg_post_thumbnail":0,"footnotes":""},"categories":[68],"tags":[370,484,397],"class_list":["post-1571","post","type-post","status-publish","format-standard","hentry","category-boute-gerard","tag-fenetres","tag-peinture","tag-ra017-15","pmpro-has-access"],"_links":{"self":[{"href":"https:\/\/bibliotheque-sfpe-at.com\/index.php\/wp-json\/wp\/v2\/posts\/1571","targetHints":{"allow":["GET"]}}],"collection":[{"href":"https:\/\/bibliotheque-sfpe-at.com\/index.php\/wp-json\/wp\/v2\/posts"}],"about":[{"href":"https:\/\/bibliotheque-sfpe-at.com\/index.php\/wp-json\/wp\/v2\/types\/post"}],"author":[{"embeddable":true,"href":"https:\/\/bibliotheque-sfpe-at.com\/index.php\/wp-json\/wp\/v2\/users\/2"}],"replies":[{"embeddable":true,"href":"https:\/\/bibliotheque-sfpe-at.com\/index.php\/wp-json\/wp\/v2\/comments?post=1571"}],"version-history":[{"count":3,"href":"https:\/\/bibliotheque-sfpe-at.com\/index.php\/wp-json\/wp\/v2\/posts\/1571\/revisions"}],"predecessor-version":[{"id":4729,"href":"https:\/\/bibliotheque-sfpe-at.com\/index.php\/wp-json\/wp\/v2\/posts\/1571\/revisions\/4729"}],"wp:attachment":[{"href":"https:\/\/bibliotheque-sfpe-at.com\/index.php\/wp-json\/wp\/v2\/media?parent=1571"}],"wp:term":[{"taxonomy":"category","embeddable":true,"href":"https:\/\/bibliotheque-sfpe-at.com\/index.php\/wp-json\/wp\/v2\/categories?post=1571"},{"taxonomy":"post_tag","embeddable":true,"href":"https:\/\/bibliotheque-sfpe-at.com\/index.php\/wp-json\/wp\/v2\/tags?post=1571"}],"curies":[{"name":"wp","href":"https:\/\/api.w.org\/{rel}","templated":true}]}}