{"id":1573,"date":"2024-06-12T16:35:57","date_gmt":"2024-06-12T14:35:57","guid":{"rendered":"https:\/\/sfpe-at.com\/?p=1573"},"modified":"2025-03-25T19:44:54","modified_gmt":"2025-03-25T18:44:54","slug":"entre-le-fini-et-linfini-fenetre-sur-rue-sur-cour-ou-jardin","status":"publish","type":"post","link":"https:\/\/bibliotheque-sfpe-at.com\/index.php\/2024\/06\/12\/entre-le-fini-et-linfini-fenetre-sur-rue-sur-cour-ou-jardin\/","title":{"rendered":"Entre le fini et l\u2019infini : fen\u00eatre sur rue, sur cour ou jardin"},"content":{"rendered":"\n<div class=\"wp-block-columns is-layout-flex wp-container-core-columns-is-layout-28f84493 wp-block-columns-is-layout-flex\">\n<div class=\"wp-block-column is-layout-flow wp-block-column-is-layout-flow\" style=\"flex-basis:66.66%\">\n<p><em>\u00ab La r\u00e9alit\u00e9 est ce qui nous arrive jusqu\u2019\u00e0 la fen\u00eatre. \u00bb<\/em><\/p>\n\n\n\n<p>\u00ab Se regardant avec les yeux cass\u00e9s de leurs fen\u00eatres \u00bb, <em>Les Usines <\/em>du grand po\u00e8te belge \u00c9mile Verhaeren d\u00e9limitent un dedans soustrait aux regards, elles ouvrent sur un dehors essentiellement ambivalent. Persiennes et volets, marquises, jalousies et rideaux bordent, rythment notre regard. Dans son po\u00e8me \u00e9ponyme, <em>Les Fen\u00eatres, <\/em>Mallarm\u00e9 les d\u00e9crit comme la fronti\u00e8re qui nous convie par leur transparence \u00e0 communiquer et \u00e0 faire communiquer l\u2019int\u00e9rieur et l\u2019ext\u00e9rieur. Dans notre communication, nous essayerons d\u2019ouvrir une fen\u00eatre qui donne sur rue, une autre sur cour. Pouvant abriter un jardin, cette derni\u00e8re, n\u00e9cessairement int\u00e9rieure, rappelle l\u2019atrium et le p\u00e9ristyle, les patios et leur ouverture \u00e0 un dedans d\u00e9licieusement ombrag\u00e9. L\u2019intime sur lequel donnent ces murs muets est l\u2019intime m\u00eame de la cr\u00e9ation, l\u2019espace \u00e0 partir duquel se cr\u00e9ent le soin et l\u2019amour. La prison et la solitude \u00e9tant d\u00e9termin\u00e9es, quant \u00e0 elles, par une double soustraction du regard : du sujet mutil\u00e9 dans son propre champ de vision, mais exclu du champ social. L\u2019\u00e9lision de son propre regard sur le monde marque-t-elle son oblit\u00e9ration en tant que sujet ? Le commerce qu\u2019entre-tient le sujet avec le monde par sa fen\u00eatre est alors tronqu\u00e9, op\u00e9rant une d\u00e9coupe r\u00e9ductrice dans sa conscience. Ce double mouvement o\u00f9 cadre du fantasme et cadre du sujet s\u2019embo\u00eetent pour faire image nous int\u00e9ressera dans ses dimensions esth\u00e9tiques, notamment po\u00e9tiques et th\u00e9rapeutiques.<\/p>\n\n\n\n<p class=\"has-text-color has-link-color wp-elements-0c5dd61414d2cb4c88e3596780dedeb0\" style=\"color:#2753a5\"><strong><em>Pour lire le texte complet <a href=\"\/index.php\/options-dinscription\/\"><mark style=\"background-color:rgba(0, 0, 0, 0)\" class=\"has-inline-color has-vivid-cyan-blue-color\">s&rsquo;inscrire<\/mark><\/a> ou <a href=\"\/index.php\/my-account\/edit-account\/\"><mark style=\"background-color:rgba(0, 0, 0, 0)\" class=\"has-inline-color has-vivid-cyan-blue-color\">se connecter<\/mark><\/a><\/em><\/strong><\/p>\n\n\n\n\n\n<div style=\"height:100px\" aria-hidden=\"true\" class=\"wp-block-spacer\"><\/div>\n\n\n\n<div class=\"wp-block-buttons is-content-justification-center is-layout-flex wp-container-core-buttons-is-layout-a89b3969 wp-block-buttons-is-layout-flex\">\n<div class=\"wp-block-button has-custom-font-size is-style-fill has-small-font-size\"><a class=\"wp-block-button__link has-vivid-red-background-color has-background wp-element-button\" href=\"\/index.php\/2021\/11\/05\/fenetres\/\">&lt;&#8211;retour<\/a><\/div>\n<\/div>\n<\/div>\n\n\n\n<div class=\"wp-block-column is-layout-flow wp-block-column-is-layout-flow\" style=\"flex-basis:33.33%\">\n<figure class=\"wp-block-table\"><table class=\"has-background\" style=\"background-color:#f8f2f2\"><thead><tr><th><mark class=\"has-inline-color has-vivid-red-color\" style=\"background-color: rgba(0, 0, 0, 0);\"><strong>Auteur<\/strong><\/mark><\/th><\/tr><\/thead><tbody><tr><td><strong>Silke Schauder<\/strong><br><strong>Pierre Lafrance<\/strong><\/td><\/tr><\/tbody><\/table><\/figure>\n\n\n\n<figure class=\"wp-block-table\"><table><thead><tr><th><mark class=\"has-inline-color has-vivid-red-color\" style=\"background-color: rgba(0, 0, 0, 0);\"><strong>R\u00e9f\u00e9rence<\/strong><\/mark><\/th><\/tr><\/thead><tbody><tr><td><strong>RA017-16<\/strong><br>Fen\u00eatres<br>Journ\u00e9es d&rsquo;Automne 2021<\/td><\/tr><\/tbody><\/table><\/figure>\n\n\n\n<figure class=\"wp-block-table\"><table><thead><tr><th><mark class=\"has-inline-color has-vivid-red-color\" style=\"background-color: rgba(0, 0, 0, 0);\"><strong>Cat\u00e9gories<\/strong><\/mark><\/th><\/tr><\/thead><tbody><tr><td>Litt\u00e9rature<\/td><\/tr><\/tbody><\/table><\/figure>\n<\/div>\n<\/div>\n","protected":false},"excerpt":{"rendered":"<p>\u00ab La r\u00e9alit\u00e9 est ce qui nous arrive jusqu\u2019\u00e0 la fen\u00eatre. \u00bb \u00ab Se regardant avec les yeux cass\u00e9s de leurs fen\u00eatres \u00bb, Les Usines du grand po\u00e8te belge \u00c9mile Verhaeren d\u00e9limitent un dedans soustrait aux regards, elles ouvrent sur un dehors essentiellement ambivalent. Persiennes et volets, marquises, jalousies et&hellip;<\/p>\n","protected":false},"author":2,"featured_media":0,"comment_status":"closed","ping_status":"open","sticky":false,"template":"","format":"standard","meta":{"pmpro_default_level":"","ngg_post_thumbnail":0,"footnotes":""},"categories":[399,73],"tags":[370,509,398],"class_list":["post-1573","post","type-post","status-publish","format-standard","hentry","category-lafrance-pierre","category-schauder-silke","tag-fenetres","tag-litterature","tag-ra017-16","pmpro-has-access"],"_links":{"self":[{"href":"https:\/\/bibliotheque-sfpe-at.com\/index.php\/wp-json\/wp\/v2\/posts\/1573","targetHints":{"allow":["GET"]}}],"collection":[{"href":"https:\/\/bibliotheque-sfpe-at.com\/index.php\/wp-json\/wp\/v2\/posts"}],"about":[{"href":"https:\/\/bibliotheque-sfpe-at.com\/index.php\/wp-json\/wp\/v2\/types\/post"}],"author":[{"embeddable":true,"href":"https:\/\/bibliotheque-sfpe-at.com\/index.php\/wp-json\/wp\/v2\/users\/2"}],"replies":[{"embeddable":true,"href":"https:\/\/bibliotheque-sfpe-at.com\/index.php\/wp-json\/wp\/v2\/comments?post=1573"}],"version-history":[{"count":3,"href":"https:\/\/bibliotheque-sfpe-at.com\/index.php\/wp-json\/wp\/v2\/posts\/1573\/revisions"}],"predecessor-version":[{"id":4730,"href":"https:\/\/bibliotheque-sfpe-at.com\/index.php\/wp-json\/wp\/v2\/posts\/1573\/revisions\/4730"}],"wp:attachment":[{"href":"https:\/\/bibliotheque-sfpe-at.com\/index.php\/wp-json\/wp\/v2\/media?parent=1573"}],"wp:term":[{"taxonomy":"category","embeddable":true,"href":"https:\/\/bibliotheque-sfpe-at.com\/index.php\/wp-json\/wp\/v2\/categories?post=1573"},{"taxonomy":"post_tag","embeddable":true,"href":"https:\/\/bibliotheque-sfpe-at.com\/index.php\/wp-json\/wp\/v2\/tags?post=1573"}],"curies":[{"name":"wp","href":"https:\/\/api.w.org\/{rel}","templated":true}]}}