{"id":1575,"date":"2024-06-12T16:39:51","date_gmt":"2024-06-12T14:39:51","guid":{"rendered":"https:\/\/sfpe-at.com\/?p=1575"},"modified":"2025-03-25T19:45:32","modified_gmt":"2025-03-25T18:45:32","slug":"fenetres-entre-ouverture-et-vertige","status":"publish","type":"post","link":"https:\/\/bibliotheque-sfpe-at.com\/index.php\/2024\/06\/12\/fenetres-entre-ouverture-et-vertige\/","title":{"rendered":"Fen\u00eatres : entre ouverture et vertige"},"content":{"rendered":"\n<div class=\"wp-block-columns is-layout-flex wp-container-core-columns-is-layout-28f84493 wp-block-columns-is-layout-flex\">\n<div class=\"wp-block-column is-layout-flow wp-block-column-is-layout-flow\" style=\"flex-basis:66.66%\">\n<p>Devant une fen\u00eatre, nous pouvons nous stabiliser face \u00e0 l\u2019ouverture ou perdre pied et basculer dans le vertige. Et c\u2019est le rythme qui transforme le vertige en ouverture. Mais sans l\u2019exp\u00e9rience du vertige, pas de rythme. Quel meilleur premier acc\u00e8s au vertige que la fen\u00eatre ? Le vertige est une exp\u00e9rience redoutable, mais aussi un principe directeur, source de l\u2019esth\u00e9tique, matrice du rythme. C\u2019est ainsi que les fen\u00eatres sont de parfaites \u00ab portes d\u2019entr\u00e9e \u00bb pour mieux comprendre ce qui se joue dans l\u2019existence, c\u2019est-\u00e0-dire le vide, l\u2019entre-deux et le mouvement. Les fen\u00eatres sont de merveilleuses invitations \u00e0 fr\u00e9quenter le vide pour mieux exister. Le vide tel que l\u2019entend le Tao, c\u2019est-\u00e0-dire le fond duquel \u00e9mergent le ciel et la terre. Si \u00ab l\u2019existence est une exclamation dans le vide \u00e9clat\u00e9 \u00bb (Maldiney), quoi de plus explicite que les fen\u00eatres comme ouverture sur le rien ? L\u2019entre-deux, valoris\u00e9 par la pens\u00e9e chinoise, n\u2019est plus r\u00e9duit au statut d\u2019interm\u00e9diaire ou de degr\u00e9, mais consiste en un d\u00e9ploiement infini, sans quitter le sensible. Les fen\u00eatres deviennent \u00ab mondes \u00bb o\u00f9 sans entrave, disponible, on peut sans fin \u00e9voluer : zone d\u2019exp\u00e9rience premi\u00e8re. La fen\u00eatre, vitrifi\u00e9e de silence, est le foyer du vertige et de son pouvoir agissant.<\/p>\n\n\n\n<p class=\"has-text-color has-link-color wp-elements-0c5dd61414d2cb4c88e3596780dedeb0\" style=\"color:#2753a5\"><strong><em>Pour lire le texte complet <a href=\"\/index.php\/options-dinscription\/\"><mark style=\"background-color:rgba(0, 0, 0, 0)\" class=\"has-inline-color has-vivid-cyan-blue-color\">s&rsquo;inscrire<\/mark><\/a> ou <a href=\"\/index.php\/my-account\/edit-account\/\"><mark style=\"background-color:rgba(0, 0, 0, 0)\" class=\"has-inline-color has-vivid-cyan-blue-color\">se connecter<\/mark><\/a><\/em><\/strong><\/p>\n\n\n\n\n\n<div style=\"height:100px\" aria-hidden=\"true\" class=\"wp-block-spacer\"><\/div>\n\n\n\n<div class=\"wp-block-buttons is-content-justification-center is-layout-flex wp-container-core-buttons-is-layout-a89b3969 wp-block-buttons-is-layout-flex\">\n<div class=\"wp-block-button has-custom-font-size is-style-fill has-small-font-size\"><a class=\"wp-block-button__link has-vivid-red-background-color has-background wp-element-button\" href=\"\/index.php\/2021\/11\/05\/fenetres\/\">&lt;&#8211;retour<\/a><\/div>\n<\/div>\n<\/div>\n\n\n\n<div class=\"wp-block-column is-layout-flow wp-block-column-is-layout-flow\" style=\"flex-basis:33.33%\">\n<figure class=\"wp-block-table\"><table class=\"has-background\" style=\"background-color:#f8f2f2\"><thead><tr><th><mark class=\"has-inline-color has-vivid-red-color\" style=\"background-color: rgba(0, 0, 0, 0);\"><strong>Auteur<\/strong><\/mark><\/th><\/tr><\/thead><tbody><tr><td><strong>Bernard Rigaud<\/strong><\/td><\/tr><\/tbody><\/table><\/figure>\n\n\n\n<figure class=\"wp-block-table\"><table><thead><tr><th><mark class=\"has-inline-color has-vivid-red-color\" style=\"background-color: rgba(0, 0, 0, 0);\"><strong>R\u00e9f\u00e9rence<\/strong><\/mark><\/th><\/tr><\/thead><tbody><tr><td><strong>RA017-17<\/strong><br>Fen\u00eatres<br>Journ\u00e9es d&rsquo;Automne 2021<\/td><\/tr><\/tbody><\/table><\/figure>\n\n\n\n<figure class=\"wp-block-table\"><table><thead><tr><th><mark class=\"has-inline-color has-vivid-red-color\" style=\"background-color: rgba(0, 0, 0, 0);\"><strong>Cat\u00e9gories<\/strong><\/mark><\/th><\/tr><\/thead><tbody><tr><td>Ph\u00e9nom\u00e9nologie<br>Peinture<\/td><\/tr><\/tbody><\/table><\/figure>\n<\/div>\n<\/div>\n","protected":false},"excerpt":{"rendered":"<p>Devant une fen\u00eatre, nous pouvons nous stabiliser face \u00e0 l\u2019ouverture ou perdre pied et basculer dans le vertige. Et c\u2019est le rythme qui transforme le vertige en ouverture. Mais sans l\u2019exp\u00e9rience du vertige, pas de rythme. Quel meilleur premier acc\u00e8s au vertige que la fen\u00eatre ? Le vertige est une&hellip;<\/p>\n","protected":false},"author":2,"featured_media":0,"comment_status":"closed","ping_status":"open","sticky":false,"template":"","format":"standard","meta":{"pmpro_default_level":"","ngg_post_thumbnail":0,"footnotes":""},"categories":[401],"tags":[370,484,486,400],"class_list":["post-1575","post","type-post","status-publish","format-standard","hentry","category-rigaud-bernard","tag-fenetres","tag-peinture","tag-phenomenologie","tag-ra017-17","pmpro-has-access"],"_links":{"self":[{"href":"https:\/\/bibliotheque-sfpe-at.com\/index.php\/wp-json\/wp\/v2\/posts\/1575","targetHints":{"allow":["GET"]}}],"collection":[{"href":"https:\/\/bibliotheque-sfpe-at.com\/index.php\/wp-json\/wp\/v2\/posts"}],"about":[{"href":"https:\/\/bibliotheque-sfpe-at.com\/index.php\/wp-json\/wp\/v2\/types\/post"}],"author":[{"embeddable":true,"href":"https:\/\/bibliotheque-sfpe-at.com\/index.php\/wp-json\/wp\/v2\/users\/2"}],"replies":[{"embeddable":true,"href":"https:\/\/bibliotheque-sfpe-at.com\/index.php\/wp-json\/wp\/v2\/comments?post=1575"}],"version-history":[{"count":3,"href":"https:\/\/bibliotheque-sfpe-at.com\/index.php\/wp-json\/wp\/v2\/posts\/1575\/revisions"}],"predecessor-version":[{"id":4731,"href":"https:\/\/bibliotheque-sfpe-at.com\/index.php\/wp-json\/wp\/v2\/posts\/1575\/revisions\/4731"}],"wp:attachment":[{"href":"https:\/\/bibliotheque-sfpe-at.com\/index.php\/wp-json\/wp\/v2\/media?parent=1575"}],"wp:term":[{"taxonomy":"category","embeddable":true,"href":"https:\/\/bibliotheque-sfpe-at.com\/index.php\/wp-json\/wp\/v2\/categories?post=1575"},{"taxonomy":"post_tag","embeddable":true,"href":"https:\/\/bibliotheque-sfpe-at.com\/index.php\/wp-json\/wp\/v2\/tags?post=1575"}],"curies":[{"name":"wp","href":"https:\/\/api.w.org\/{rel}","templated":true}]}}