{"id":1581,"date":"2024-06-12T16:55:51","date_gmt":"2024-06-12T14:55:51","guid":{"rendered":"https:\/\/sfpe-at.com\/?p=1581"},"modified":"2025-03-25T19:47:01","modified_gmt":"2025-03-25T18:47:01","slug":"le-musee-fenetre-sur-la-vie","status":"publish","type":"post","link":"https:\/\/bibliotheque-sfpe-at.com\/index.php\/2024\/06\/12\/le-musee-fenetre-sur-la-vie\/","title":{"rendered":"Le mus\u00e9e, fen\u00eatre sur la vie"},"content":{"rendered":"\n<div class=\"wp-block-columns is-layout-flex wp-container-core-columns-is-layout-28f84493 wp-block-columns-is-layout-flex\">\n<div class=\"wp-block-column is-layout-flow wp-block-column-is-layout-flow\" style=\"flex-basis:66.66%\">\n<p>Si l\u2019atelier d\u2019art -th\u00e9rapie est le cadre par lequel l\u2019ombre se dissipe, laissant entrevoir l\u2019intime du patient \u00e0 travers sa cr\u00e9ation, le mus\u00e9e est, lui aussi, vecteur de lumi\u00e8re, au-dedans et au-dehors. \u00ab L\u2019oeuvre d\u2019art doit projeter sa lumi\u00e8re, et non l\u2019emprunter \u00bb affirmait le sculpteur Henri Laurens. De quelle lumi\u00e8re l\u2019oeuvre d\u2019art est-elle la source ? Peut-elle \u00e9clairer le malade et son th\u00e9\u00e2tre d\u2019ombres, \u00e0 l\u2019int\u00e9rieur ? Le regard port\u00e9 sur l\u2019oeuvre participe-t-il de sa \u00ab re-cr\u00e9ation \u00bb et de celle du spectateur ? Le r\u00e9cit autour de l\u2019oeuvre, en tant qu\u2019il t\u00e9moigne du transfert et de la \u00ab relation d\u2019objet \u00bb, peut-il avoir sa place dans la th\u00e9rapie ? Comment la fr\u00e9quentation du patrimoine artistique peut-il d\u00e9velopper la pens\u00e9e po\u00e9tique et la cr\u00e9ativit\u00e9 ? De quelle mani\u00e8re le mus\u00e9e constitue-t-il un cadre particuli\u00e8rement sociabilisant pour le malade mental, comme individu et en tant que citoyen ? Dominique Ponnau, alors conservateur en chef du patrimoine et directeur de l\u2019\u00e9cole du Louvre, d\u00e9finissait ainsi sa mission : \u00ab Faire comprendre \u00e0 l\u2019homme d\u2019aujourd\u2019hui ce lien qui l\u2019unit \u00e0 l\u2019homme d\u2019hier \u00bb, sans \u00ab la nostalgie frileuse et la rage d\u00e9racineuse [\u2026] qui ne tol\u00e8rent ni qu\u2019on esp\u00e8re, ni qu\u2019on se souvienne. \u00bb<\/p>\n\n\n\n<p class=\"has-text-color has-link-color wp-elements-0c5dd61414d2cb4c88e3596780dedeb0\" style=\"color:#2753a5\"><strong><em>Pour lire le texte complet <a href=\"\/index.php\/options-dinscription\/\"><mark style=\"background-color:rgba(0, 0, 0, 0)\" class=\"has-inline-color has-vivid-cyan-blue-color\">s&rsquo;inscrire<\/mark><\/a> ou <a href=\"\/index.php\/my-account\/edit-account\/\"><mark style=\"background-color:rgba(0, 0, 0, 0)\" class=\"has-inline-color has-vivid-cyan-blue-color\">se connecter<\/mark><\/a><\/em><\/strong><\/p>\n\n\n\n\n\n<div style=\"height:100px\" aria-hidden=\"true\" class=\"wp-block-spacer\"><\/div>\n\n\n\n<div class=\"wp-block-buttons is-content-justification-center is-layout-flex wp-container-core-buttons-is-layout-a89b3969 wp-block-buttons-is-layout-flex\">\n<div class=\"wp-block-button has-custom-font-size is-style-fill has-small-font-size\"><a class=\"wp-block-button__link has-vivid-red-background-color has-background wp-element-button\" href=\"\/index.php\/2021\/11\/05\/fenetres\/\">&lt;&#8211;retour<\/a><\/div>\n<\/div>\n<\/div>\n\n\n\n<div class=\"wp-block-column is-layout-flow wp-block-column-is-layout-flow\" style=\"flex-basis:33.33%\">\n<figure class=\"wp-block-table\"><table class=\"has-background\" style=\"background-color:#f8f2f2\"><thead><tr><th><mark class=\"has-inline-color has-vivid-red-color\" style=\"background-color: rgba(0, 0, 0, 0);\"><strong>Auteur<\/strong><\/mark><\/th><\/tr><\/thead><tbody><tr><td><strong>Laurence Corbonnois Sigalas<\/strong><\/td><\/tr><\/tbody><\/table><\/figure>\n\n\n\n<figure class=\"wp-block-table\"><table><thead><tr><th><mark class=\"has-inline-color has-vivid-red-color\" style=\"background-color: rgba(0, 0, 0, 0);\"><strong>R\u00e9f\u00e9rence<\/strong><\/mark><\/th><\/tr><\/thead><tbody><tr><td><strong>RA017-20<\/strong><br>Fen\u00eatres<br>Journ\u00e9es d&rsquo;Automne 2021<\/td><\/tr><\/tbody><\/table><\/figure>\n\n\n\n<figure class=\"wp-block-table\"><table><thead><tr><th><mark class=\"has-inline-color has-vivid-red-color\" style=\"background-color: rgba(0, 0, 0, 0);\"><strong>Cat\u00e9gories<\/strong><\/mark><\/th><\/tr><\/thead><tbody><tr><td>Histoire de l\u2019art<br>Mus\u00e9e<\/td><\/tr><\/tbody><\/table><\/figure>\n<\/div>\n<\/div>\n","protected":false},"excerpt":{"rendered":"<p>Si l\u2019atelier d\u2019art -th\u00e9rapie est le cadre par lequel l\u2019ombre se dissipe, laissant entrevoir l\u2019intime du patient \u00e0 travers sa cr\u00e9ation, le mus\u00e9e est, lui aussi, vecteur de lumi\u00e8re, au-dedans et au-dehors. \u00ab L\u2019oeuvre d\u2019art doit projeter sa lumi\u00e8re, et non l\u2019emprunter \u00bb affirmait le sculpteur Henri Laurens. De quelle&hellip;<\/p>\n","protected":false},"author":2,"featured_media":0,"comment_status":"closed","ping_status":"open","sticky":false,"template":"","format":"standard","meta":{"pmpro_default_level":"","ngg_post_thumbnail":0,"footnotes":""},"categories":[405],"tags":[370,553,571,404],"class_list":["post-1581","post","type-post","status-publish","format-standard","hentry","category-corbonnois-sigalas-laurence","tag-fenetres","tag-histoire-de-lart","tag-musees-expositions-spectacles","tag-ra017-20","pmpro-has-access"],"_links":{"self":[{"href":"https:\/\/bibliotheque-sfpe-at.com\/index.php\/wp-json\/wp\/v2\/posts\/1581","targetHints":{"allow":["GET"]}}],"collection":[{"href":"https:\/\/bibliotheque-sfpe-at.com\/index.php\/wp-json\/wp\/v2\/posts"}],"about":[{"href":"https:\/\/bibliotheque-sfpe-at.com\/index.php\/wp-json\/wp\/v2\/types\/post"}],"author":[{"embeddable":true,"href":"https:\/\/bibliotheque-sfpe-at.com\/index.php\/wp-json\/wp\/v2\/users\/2"}],"replies":[{"embeddable":true,"href":"https:\/\/bibliotheque-sfpe-at.com\/index.php\/wp-json\/wp\/v2\/comments?post=1581"}],"version-history":[{"count":3,"href":"https:\/\/bibliotheque-sfpe-at.com\/index.php\/wp-json\/wp\/v2\/posts\/1581\/revisions"}],"predecessor-version":[{"id":4734,"href":"https:\/\/bibliotheque-sfpe-at.com\/index.php\/wp-json\/wp\/v2\/posts\/1581\/revisions\/4734"}],"wp:attachment":[{"href":"https:\/\/bibliotheque-sfpe-at.com\/index.php\/wp-json\/wp\/v2\/media?parent=1581"}],"wp:term":[{"taxonomy":"category","embeddable":true,"href":"https:\/\/bibliotheque-sfpe-at.com\/index.php\/wp-json\/wp\/v2\/categories?post=1581"},{"taxonomy":"post_tag","embeddable":true,"href":"https:\/\/bibliotheque-sfpe-at.com\/index.php\/wp-json\/wp\/v2\/tags?post=1581"}],"curies":[{"name":"wp","href":"https:\/\/api.w.org\/{rel}","templated":true}]}}