{"id":1583,"date":"2024-06-12T16:58:08","date_gmt":"2024-06-12T14:58:08","guid":{"rendered":"https:\/\/sfpe-at.com\/?p=1583"},"modified":"2025-03-25T19:47:39","modified_gmt":"2025-03-25T18:47:39","slug":"une-fenetre-therapeutique-lisolement-psychotherapique-dans-lanorexie-mentale","status":"publish","type":"post","link":"https:\/\/bibliotheque-sfpe-at.com\/index.php\/2024\/06\/12\/une-fenetre-therapeutique-lisolement-psychotherapique-dans-lanorexie-mentale\/","title":{"rendered":"Une fen\u00eatre th\u00e9rapeutique : l\u2019isolement psychoth\u00e9rapique dans l\u2019anorexie mentale"},"content":{"rendered":"\n<div class=\"wp-block-columns is-layout-flex wp-container-core-columns-is-layout-28f84493 wp-block-columns-is-layout-flex\">\n<div class=\"wp-block-column is-layout-flow wp-block-column-is-layout-flow\" style=\"flex-basis:66.66%\">\n<p>En th\u00e9rapeutique, une fen\u00eatre th\u00e9rapeutique est un wash-out pour \u00e9valuer les effets positifs ou au contraire secondaires entre diff\u00e9rents traitements. L\u2019isolement psychoth\u00e9rapique s\u2019impose de m\u00eame quand l\u2019anorectique est d\u00e9bord\u00e9e par ses sympt\u00f4mes, ses compulsions, cet auto-enfermement dont elle ne peut plus se sortir seule, se d\u00e9prime et d\u00e9p\u00e9rit. C\u2019est l\u2019occasion d\u2019abandonner ses comportements de ma\u00eetrise, de r\u00e9sistance, qu\u2019elle avait mis en place dans son milieu naturel, familial. L\u2019occasion d\u2019une relation psychoth\u00e9rapique au cadre atypique, mais en milieu sp\u00e9cialis\u00e9, souvent d\u2019abord incompris, qui m\u00e8ne \u00e0 l\u2019ouverture sur soi. Ce dispositif \u00e0 lui seul vaut souvent mieux que les seuls ateliers d\u2019AT o\u00f9 les comportements d\u2019application et de soumission perdurent et ne donnent qu\u2019illusion de libert\u00e9. Ils constituent un deuxi\u00e8me temps d\u2019expression apr\u00e8s la plong\u00e9e en soi lors de l\u2019isolement et le retour \u00e0 un fonctionnement de pens\u00e9e plus souple et associatif.<\/p>\n\n\n\n<p class=\"has-text-color has-link-color wp-elements-0c5dd61414d2cb4c88e3596780dedeb0\" style=\"color:#2753a5\"><strong><em>Pour lire le texte complet <a href=\"\/index.php\/options-dinscription\/\"><mark style=\"background-color:rgba(0, 0, 0, 0)\" class=\"has-inline-color has-vivid-cyan-blue-color\">s&rsquo;inscrire<\/mark><\/a> ou <a href=\"\/index.php\/my-account\/edit-account\/\"><mark style=\"background-color:rgba(0, 0, 0, 0)\" class=\"has-inline-color has-vivid-cyan-blue-color\">se connecter<\/mark><\/a><\/em><\/strong><\/p>\n\n\n\n\n\n<div style=\"height:100px\" aria-hidden=\"true\" class=\"wp-block-spacer\"><\/div>\n\n\n\n<div class=\"wp-block-buttons is-content-justification-center is-layout-flex wp-container-core-buttons-is-layout-a89b3969 wp-block-buttons-is-layout-flex\">\n<div class=\"wp-block-button has-custom-font-size is-style-fill has-small-font-size\"><a class=\"wp-block-button__link has-vivid-red-background-color has-background wp-element-button\" href=\"\/index.php\/2021\/11\/05\/fenetres\/\">&lt;&#8211;retour<\/a><\/div>\n<\/div>\n<\/div>\n\n\n\n<div class=\"wp-block-column is-layout-flow wp-block-column-is-layout-flow\" style=\"flex-basis:33.33%\">\n<figure class=\"wp-block-table\"><table class=\"has-background\" style=\"background-color:#f8f2f2\"><thead><tr><th><mark class=\"has-inline-color has-vivid-red-color\" style=\"background-color: rgba(0, 0, 0, 0);\"><strong>Auteur<\/strong><\/mark><\/th><\/tr><\/thead><tbody><tr><td><strong>Fran\u00e7ois Granier<\/strong><\/td><\/tr><\/tbody><\/table><\/figure>\n\n\n\n<figure class=\"wp-block-table\"><table><thead><tr><th><mark class=\"has-inline-color has-vivid-red-color\" style=\"background-color: rgba(0, 0, 0, 0);\"><strong>R\u00e9f\u00e9rence<\/strong><\/mark><\/th><\/tr><\/thead><tbody><tr><td><strong>RA017-21<\/strong><br>Fen\u00eatres<br>Journ\u00e9es d&rsquo;Automne 2021<\/td><\/tr><\/tbody><\/table><\/figure>\n\n\n\n<figure class=\"wp-block-table\"><table><thead><tr><th><mark class=\"has-inline-color has-vivid-red-color\" style=\"background-color: rgba(0, 0, 0, 0);\"><strong>Cat\u00e9gories<\/strong><\/mark><\/th><\/tr><\/thead><tbody><tr><td>Art-th\u00e9rapie<br>Psychanalyse<\/td><\/tr><\/tbody><\/table><\/figure>\n<\/div>\n<\/div>\n","protected":false},"excerpt":{"rendered":"<p>En th\u00e9rapeutique, une fen\u00eatre th\u00e9rapeutique est un wash-out pour \u00e9valuer les effets positifs ou au contraire secondaires entre diff\u00e9rents traitements. L\u2019isolement psychoth\u00e9rapique s\u2019impose de m\u00eame quand l\u2019anorectique est d\u00e9bord\u00e9e par ses sympt\u00f4mes, ses compulsions, cet auto-enfermement dont elle ne peut plus se sortir seule, se d\u00e9prime et d\u00e9p\u00e9rit. C\u2019est l\u2019occasion&hellip;<\/p>\n","protected":false},"author":2,"featured_media":0,"comment_status":"closed","ping_status":"open","sticky":false,"template":"","format":"standard","meta":{"pmpro_default_level":"","ngg_post_thumbnail":0,"footnotes":""},"categories":[131],"tags":[492,370,494,406],"class_list":["post-1583","post","type-post","status-publish","format-standard","hentry","category-granier-francois","tag-art-therapie","tag-fenetres","tag-psychanalyse","tag-ra017-21","pmpro-has-access"],"_links":{"self":[{"href":"https:\/\/bibliotheque-sfpe-at.com\/index.php\/wp-json\/wp\/v2\/posts\/1583","targetHints":{"allow":["GET"]}}],"collection":[{"href":"https:\/\/bibliotheque-sfpe-at.com\/index.php\/wp-json\/wp\/v2\/posts"}],"about":[{"href":"https:\/\/bibliotheque-sfpe-at.com\/index.php\/wp-json\/wp\/v2\/types\/post"}],"author":[{"embeddable":true,"href":"https:\/\/bibliotheque-sfpe-at.com\/index.php\/wp-json\/wp\/v2\/users\/2"}],"replies":[{"embeddable":true,"href":"https:\/\/bibliotheque-sfpe-at.com\/index.php\/wp-json\/wp\/v2\/comments?post=1583"}],"version-history":[{"count":3,"href":"https:\/\/bibliotheque-sfpe-at.com\/index.php\/wp-json\/wp\/v2\/posts\/1583\/revisions"}],"predecessor-version":[{"id":4735,"href":"https:\/\/bibliotheque-sfpe-at.com\/index.php\/wp-json\/wp\/v2\/posts\/1583\/revisions\/4735"}],"wp:attachment":[{"href":"https:\/\/bibliotheque-sfpe-at.com\/index.php\/wp-json\/wp\/v2\/media?parent=1583"}],"wp:term":[{"taxonomy":"category","embeddable":true,"href":"https:\/\/bibliotheque-sfpe-at.com\/index.php\/wp-json\/wp\/v2\/categories?post=1583"},{"taxonomy":"post_tag","embeddable":true,"href":"https:\/\/bibliotheque-sfpe-at.com\/index.php\/wp-json\/wp\/v2\/tags?post=1583"}],"curies":[{"name":"wp","href":"https:\/\/api.w.org\/{rel}","templated":true}]}}