{"id":1589,"date":"2024-06-12T17:08:50","date_gmt":"2024-06-12T15:08:50","guid":{"rendered":"https:\/\/sfpe-at.com\/?p=1589"},"modified":"2025-03-25T19:49:14","modified_gmt":"2025-03-25T18:49:14","slug":"une-fenetre-empoisonnee-le-rire-au-nom-de-la-rose","status":"publish","type":"post","link":"https:\/\/bibliotheque-sfpe-at.com\/index.php\/2024\/06\/12\/une-fenetre-empoisonnee-le-rire-au-nom-de-la-rose\/","title":{"rendered":"Une fen\u00eatre empoisonn\u00e9e : le rire au nom de la rose"},"content":{"rendered":"\n<div class=\"wp-block-columns is-layout-flex wp-container-core-columns-is-layout-28f84493 wp-block-columns-is-layout-flex\">\n<div class=\"wp-block-column is-layout-flow wp-block-column-is-layout-flow\" style=\"flex-basis:66.66%\">\n<p>\u00c9l\u00e9ment architectural, ni dedans ni dehors, la fen\u00eatre, constitue un marqueur relatif \u00e0 la dimension de l\u2019espace, y compris de l\u2019espace psychique. On ouvre une fen\u00eatre comme on ouvre un livre et, en l\u2019ouvrant, c\u2019est \u00e0 chaque fois tout un monde qui est susceptible d\u2019appara\u00eetre et de prendre place. Vers quel monde ouvre le deuxi\u00e8me volume de La po\u00e9tique d\u2019Aristote, l\u00e0 o\u00f9 il affirme que \u00ab l\u2019homme est le seul animal qui rit ? \u00bb Souvenons-nous que la <em>Po\u00e9tique d<\/em><em>\u2019<\/em><em>Aristote <\/em>et notamment le volume qui traite de la com\u00e9die et du rire est le seul livre d\u00e9fendu dans l\u2019abbaye du sud de la France en 1327.<\/p>\n\n\n\n<p>Dans cet expos\u00e9 il s\u2019agit, en ouvrant le livre <em>Le nom de la rose <\/em>de Umberto Eco, de mettre en perspective le champ de la com\u00e9die et du rire en nous penchant sur les pages imbib\u00e9es de poison de la Po\u00e9tique qui causent la mort violente de ceux qui entreprennent sa lecture.<\/p>\n\n\n\n<p>L\u2019aptitude au rire est cette expression humaine \u00e0 laquelle s\u2019adresse la com\u00e9die. \u00c0 travers des \u00e9nigmes subtiles et ses m\u00e9taphores inattendues, la com\u00e9die nous montre les choses diff\u00e9rentes de ce qu\u2019elles sont, comme si elle mentait ; elle nous oblige en fait \u00e0 les mieux observer.<\/p>\n\n\n\n<p>Quel est cet espace d\u00e9fendu auquel ouvre \u2013 telle une fen\u00eatre \u2014 l\u2019espace po\u00e9tique propre \u00e0 la com\u00e9die ?<\/p>\n\n\n\n<p class=\"has-text-color has-link-color wp-elements-0c5dd61414d2cb4c88e3596780dedeb0\" style=\"color:#2753a5\"><strong><em>Pour lire le texte complet <a href=\"\/index.php\/options-dinscription\/\"><mark style=\"background-color:rgba(0, 0, 0, 0)\" class=\"has-inline-color has-vivid-cyan-blue-color\">s&rsquo;inscrire<\/mark><\/a> ou <a href=\"\/index.php\/my-account\/edit-account\/\"><mark style=\"background-color:rgba(0, 0, 0, 0)\" class=\"has-inline-color has-vivid-cyan-blue-color\">se connecter<\/mark><\/a><\/em><\/strong><\/p>\n\n\n\n\n\n<div style=\"height:100px\" aria-hidden=\"true\" class=\"wp-block-spacer\"><\/div>\n\n\n\n<div class=\"wp-block-buttons is-content-justification-center is-layout-flex wp-container-core-buttons-is-layout-a89b3969 wp-block-buttons-is-layout-flex\">\n<div class=\"wp-block-button has-custom-font-size is-style-fill has-small-font-size\"><a class=\"wp-block-button__link has-vivid-red-background-color has-background wp-element-button\" href=\"\/index.php\/2021\/11\/05\/fenetres\/\">&lt;&#8211;retour<\/a><\/div>\n<\/div>\n<\/div>\n\n\n\n<div class=\"wp-block-column is-layout-flow wp-block-column-is-layout-flow\" style=\"flex-basis:33.33%\">\n<figure class=\"wp-block-table\"><table class=\"has-background\" style=\"background-color:#f8f2f2\"><thead><tr><th><mark class=\"has-inline-color has-vivid-red-color\" style=\"background-color: rgba(0, 0, 0, 0);\"><strong>Auteur<\/strong><\/mark><\/th><\/tr><\/thead><tbody><tr><td><strong>Ang\u00e9lique Christaki<\/strong><\/td><\/tr><\/tbody><\/table><\/figure>\n\n\n\n<figure class=\"wp-block-table\"><table><thead><tr><th><mark class=\"has-inline-color has-vivid-red-color\" style=\"background-color: rgba(0, 0, 0, 0);\"><strong>R\u00e9f\u00e9rence<\/strong><\/mark><\/th><\/tr><\/thead><tbody><tr><td><strong>RA017-24<\/strong><br>Fen\u00eatres<br>Journ\u00e9es d&rsquo;Automne 2021<\/td><\/tr><\/tbody><\/table><\/figure>\n\n\n\n<figure class=\"wp-block-table\"><table><thead><tr><th><mark class=\"has-inline-color has-vivid-red-color\" style=\"background-color: rgba(0, 0, 0, 0);\"><strong>Cat\u00e9gories<\/strong><\/mark><\/th><\/tr><\/thead><tbody><tr><td>Litt\u00e9rature<br>Philosophie<\/td><\/tr><\/tbody><\/table><\/figure>\n<\/div>\n<\/div>\n","protected":false},"excerpt":{"rendered":"<p>\u00c9l\u00e9ment architectural, ni dedans ni dehors, la fen\u00eatre, constitue un marqueur relatif \u00e0 la dimension de l\u2019espace, y compris de l\u2019espace psychique. On ouvre une fen\u00eatre comme on ouvre un livre et, en l\u2019ouvrant, c\u2019est \u00e0 chaque fois tout un monde qui est susceptible d\u2019appara\u00eetre et de prendre place. Vers&hellip;<\/p>\n","protected":false},"author":2,"featured_media":0,"comment_status":"closed","ping_status":"open","sticky":false,"template":"","format":"standard","meta":{"pmpro_default_level":"","ngg_post_thumbnail":0,"footnotes":""},"categories":[410],"tags":[370,509,487,409],"class_list":["post-1589","post","type-post","status-publish","format-standard","hentry","category-christaki-angelique","tag-fenetres","tag-litterature","tag-philosophie","tag-ra017-24","pmpro-has-access"],"_links":{"self":[{"href":"https:\/\/bibliotheque-sfpe-at.com\/index.php\/wp-json\/wp\/v2\/posts\/1589","targetHints":{"allow":["GET"]}}],"collection":[{"href":"https:\/\/bibliotheque-sfpe-at.com\/index.php\/wp-json\/wp\/v2\/posts"}],"about":[{"href":"https:\/\/bibliotheque-sfpe-at.com\/index.php\/wp-json\/wp\/v2\/types\/post"}],"author":[{"embeddable":true,"href":"https:\/\/bibliotheque-sfpe-at.com\/index.php\/wp-json\/wp\/v2\/users\/2"}],"replies":[{"embeddable":true,"href":"https:\/\/bibliotheque-sfpe-at.com\/index.php\/wp-json\/wp\/v2\/comments?post=1589"}],"version-history":[{"count":3,"href":"https:\/\/bibliotheque-sfpe-at.com\/index.php\/wp-json\/wp\/v2\/posts\/1589\/revisions"}],"predecessor-version":[{"id":4738,"href":"https:\/\/bibliotheque-sfpe-at.com\/index.php\/wp-json\/wp\/v2\/posts\/1589\/revisions\/4738"}],"wp:attachment":[{"href":"https:\/\/bibliotheque-sfpe-at.com\/index.php\/wp-json\/wp\/v2\/media?parent=1589"}],"wp:term":[{"taxonomy":"category","embeddable":true,"href":"https:\/\/bibliotheque-sfpe-at.com\/index.php\/wp-json\/wp\/v2\/categories?post=1589"},{"taxonomy":"post_tag","embeddable":true,"href":"https:\/\/bibliotheque-sfpe-at.com\/index.php\/wp-json\/wp\/v2\/tags?post=1589"}],"curies":[{"name":"wp","href":"https:\/\/api.w.org\/{rel}","templated":true}]}}