{"id":1595,"date":"2024-06-12T17:18:03","date_gmt":"2024-06-12T15:18:03","guid":{"rendered":"https:\/\/sfpe-at.com\/?p=1595"},"modified":"2025-03-25T19:51:33","modified_gmt":"2025-03-25T18:51:33","slug":"lart-therapie-une-fenetre-ouverte-aux-courants-dair","status":"publish","type":"post","link":"https:\/\/bibliotheque-sfpe-at.com\/index.php\/2024\/06\/12\/lart-therapie-une-fenetre-ouverte-aux-courants-dair\/","title":{"rendered":"L\u2019art-th\u00e9rapie\u2026 une fen\u00eatre ouverte aux courants d\u2019air"},"content":{"rendered":"\n<div class=\"wp-block-columns is-layout-flex wp-container-core-columns-is-layout-28f84493 wp-block-columns-is-layout-flex\">\n<div class=\"wp-block-column is-layout-flow wp-block-column-is-layout-flow\" style=\"flex-basis:66.66%\">\n<p>\u00abIl n\u2019est pas d\u2019objet plus profond, plus myst\u00e9rieux, plus f\u00e9cond, plus t\u00e9n\u00e9breux, plus \u00e9blouissant qu\u2019une fen\u00eatre \u00e9clair\u00e9e d\u2019une chandelle \u00bb nous dit Baudelaire. Offrande du feu et du silence, ralenti d\u2019une \u00e9closion, la flamme d\u2019une chandelle derri\u00e8re cette fen\u00eatre rend visible l\u2019invisible que nous portons, elle symbolise parall\u00e8lement le feu que l\u2019on a ma\u00eetris\u00e9, elle est vivante et donc per\u00e7ue de fa\u00e7on positive malgr\u00e9 les ombres qu\u2019elle g\u00e9n\u00e8re secr\u00e8tement.<\/p>\n\n\n\n<p>Dans un atelier d\u2019art-th\u00e9rapie, la feuille de dessin, nue, peut \u00e9galement \u00eatre associ\u00e9e \u00e0 cette fen\u00eatre que l\u2019on va ouvrir sur quelque chose qui n\u2019est pas nous ou juste une part de nous, pas tout \u00e0 fait exacte, un espace vierge qui nous invite \u00e0 voir plus loin que soi.<\/p>\n\n\n\n<p>Cette invitation \u00e0 nous relier \u00e0 ce qu\u2019il y a de plus profond, de plus myst\u00e9rieux, de plus f\u00e9cond, de plus t\u00e9n\u00e9breux, mais aussi de plus \u00e9blouissant en nous, trouve son dynamisme dans l\u2019acte de cr\u00e9ation, cette petite flamme qui alimente le besoin de d\u00e9couvrir ce qui se pr\u00e9sente comme l\u2019inconnu prometteur d\u2019une r\u00e9v\u00e9lation.<\/p>\n\n\n\n<p>L\u2019angoisse de la page blanche est bien connue. Les personnes que nous accompagnons connaissent des doutes en permanence et leur ins\u00e9curit\u00e9 est telle qu\u2019elles ne peuvent oser une expression d\u2019elles-m\u00eames. Un cadre bienveillant est alors requis pour leur permettre de prendre le risque de s\u2019exprimer et de s\u2019ouvrir \u00e0 quelque chose d\u2019essentiel qu\u2019elles ne connaissent pas ou qu\u2019elles ont simplement oubli\u00e9.<\/p>\n\n\n\n<p class=\"has-text-color has-link-color wp-elements-0c5dd61414d2cb4c88e3596780dedeb0\" style=\"color:#2753a5\"><strong><em>Pour lire le texte complet <a href=\"\/index.php\/options-dinscription\/\"><mark style=\"background-color:rgba(0, 0, 0, 0)\" class=\"has-inline-color has-vivid-cyan-blue-color\">s&rsquo;inscrire<\/mark><\/a> ou <a href=\"\/index.php\/my-account\/edit-account\/\"><mark style=\"background-color:rgba(0, 0, 0, 0)\" class=\"has-inline-color has-vivid-cyan-blue-color\">se connecter<\/mark><\/a><\/em><\/strong><\/p>\n\n\n\n\n\n<div style=\"height:100px\" aria-hidden=\"true\" class=\"wp-block-spacer\"><\/div>\n\n\n\n<div class=\"wp-block-buttons is-content-justification-center is-layout-flex wp-container-core-buttons-is-layout-a89b3969 wp-block-buttons-is-layout-flex\">\n<div class=\"wp-block-button has-custom-font-size is-style-fill has-small-font-size\"><a class=\"wp-block-button__link has-vivid-red-background-color has-background wp-element-button\" href=\"\/index.php\/2021\/11\/05\/fenetres\/\">&lt;&#8211;retour<\/a><\/div>\n<\/div>\n<\/div>\n\n\n\n<div class=\"wp-block-column is-layout-flow wp-block-column-is-layout-flow\" style=\"flex-basis:33.33%\">\n<figure class=\"wp-block-table\"><table class=\"has-background\" style=\"background-color:#f8f2f2\"><thead><tr><th><mark class=\"has-inline-color has-vivid-red-color\" style=\"background-color: rgba(0, 0, 0, 0);\"><strong>Auteur<\/strong><\/mark><\/th><\/tr><\/thead><tbody><tr><td><strong>Alain Vasseur<\/strong><\/td><\/tr><\/tbody><\/table><\/figure>\n\n\n\n<figure class=\"wp-block-table\"><table><thead><tr><th><mark class=\"has-inline-color has-vivid-red-color\" style=\"background-color: rgba(0, 0, 0, 0);\"><strong>R\u00e9f\u00e9rence<\/strong><\/mark><\/th><\/tr><\/thead><tbody><tr><td><strong>RA017-27<\/strong><br>Fen\u00eatres<br>Journ\u00e9es d&rsquo;Automne 2021<\/td><\/tr><\/tbody><\/table><\/figure>\n\n\n\n<figure class=\"wp-block-table\"><table><thead><tr><th><mark class=\"has-inline-color has-vivid-red-color\" style=\"background-color: rgba(0, 0, 0, 0);\"><strong>Cat\u00e9gories<\/strong><\/mark><\/th><\/tr><\/thead><tbody><tr><td>Art-th\u00e9rapie<br>Peinture<br>Dessin<\/td><\/tr><\/tbody><\/table><\/figure>\n<\/div>\n<\/div>\n","protected":false},"excerpt":{"rendered":"<p>\u00abIl n\u2019est pas d\u2019objet plus profond, plus myst\u00e9rieux, plus f\u00e9cond, plus t\u00e9n\u00e9breux, plus \u00e9blouissant qu\u2019une fen\u00eatre \u00e9clair\u00e9e d\u2019une chandelle \u00bb nous dit Baudelaire. Offrande du feu et du silence, ralenti d\u2019une \u00e9closion, la flamme d\u2019une chandelle derri\u00e8re cette fen\u00eatre rend visible l\u2019invisible que nous portons, elle symbolise parall\u00e8lement le feu&hellip;<\/p>\n","protected":false},"author":2,"featured_media":0,"comment_status":"closed","ping_status":"open","sticky":false,"template":"","format":"standard","meta":{"pmpro_default_level":"","ngg_post_thumbnail":0,"footnotes":""},"categories":[124],"tags":[492,508,370,484,415],"class_list":["post-1595","post","type-post","status-publish","format-standard","hentry","category-vasseur-alain","tag-art-therapie","tag-dessin","tag-fenetres","tag-peinture","tag-ra017-27","pmpro-has-access"],"_links":{"self":[{"href":"https:\/\/bibliotheque-sfpe-at.com\/index.php\/wp-json\/wp\/v2\/posts\/1595","targetHints":{"allow":["GET"]}}],"collection":[{"href":"https:\/\/bibliotheque-sfpe-at.com\/index.php\/wp-json\/wp\/v2\/posts"}],"about":[{"href":"https:\/\/bibliotheque-sfpe-at.com\/index.php\/wp-json\/wp\/v2\/types\/post"}],"author":[{"embeddable":true,"href":"https:\/\/bibliotheque-sfpe-at.com\/index.php\/wp-json\/wp\/v2\/users\/2"}],"replies":[{"embeddable":true,"href":"https:\/\/bibliotheque-sfpe-at.com\/index.php\/wp-json\/wp\/v2\/comments?post=1595"}],"version-history":[{"count":3,"href":"https:\/\/bibliotheque-sfpe-at.com\/index.php\/wp-json\/wp\/v2\/posts\/1595\/revisions"}],"predecessor-version":[{"id":4741,"href":"https:\/\/bibliotheque-sfpe-at.com\/index.php\/wp-json\/wp\/v2\/posts\/1595\/revisions\/4741"}],"wp:attachment":[{"href":"https:\/\/bibliotheque-sfpe-at.com\/index.php\/wp-json\/wp\/v2\/media?parent=1595"}],"wp:term":[{"taxonomy":"category","embeddable":true,"href":"https:\/\/bibliotheque-sfpe-at.com\/index.php\/wp-json\/wp\/v2\/categories?post=1595"},{"taxonomy":"post_tag","embeddable":true,"href":"https:\/\/bibliotheque-sfpe-at.com\/index.php\/wp-json\/wp\/v2\/tags?post=1595"}],"curies":[{"name":"wp","href":"https:\/\/api.w.org\/{rel}","templated":true}]}}