{"id":1597,"date":"2024-06-12T17:20:55","date_gmt":"2024-06-12T15:20:55","guid":{"rendered":"https:\/\/sfpe-at.com\/?p=1597"},"modified":"2025-03-25T19:51:56","modified_gmt":"2025-03-25T18:51:56","slug":"musicotherapie-et-hematologie-une-rencontre-de-subjectivites","status":"publish","type":"post","link":"https:\/\/bibliotheque-sfpe-at.com\/index.php\/2024\/06\/12\/musicotherapie-et-hematologie-une-rencontre-de-subjectivites\/","title":{"rendered":"Musicoth\u00e9rapie et h\u00e9matologie : une rencontre de subjectivit\u00e9s"},"content":{"rendered":"\n<div class=\"wp-block-columns is-layout-flex wp-container-core-columns-is-layout-28f84493 wp-block-columns-is-layout-flex\">\n<div class=\"wp-block-column is-layout-flow wp-block-column-is-layout-flow\" style=\"flex-basis:66.66%\">\n<p>Il en va du vital, du salutaire et du pardon. Dans ce petit bout d\u2019espace terrien, le malade est calfeutr\u00e9, soign\u00e9, confin\u00e9 pourrait-on dire aujourd\u2019hui. Cette chambre avec vue sur ses propres abysses mentaux, gouffre de fatigue et de peurs, est le si\u00e8ge, pour un mois au moins, des malades du sang recevant leur greffe de moelle osseuse.<\/p>\n\n\n\n<p>Il en va du vital. Ils ne peuvent sortir, car le dehors est d\u00e9sormais toxique.<\/p>\n\n\n\n<p>Il en va du salutaire, car parmi les nombreuses interrogations qui les accompagnent, ils tiennent, en ressortent debout, probablement grandis.<\/p>\n\n\n\n<p>Comme nous avons \u00ab tous une histoire \u00e0 raconter \u00bb, il fallait leur donner la parole. Nous avons ainsi cr\u00e9\u00e9 une fen\u00eatre \u00e0 cr\u00e9mone musicale o\u00f9 l\u2019on peut raconter beaucoup, mais pas tout. L\u2019objet musical fourni par le musicoth\u00e9rapeute donne au patient le choix de tourner la poign\u00e9e de la fen\u00eatre de ses souvenirs comme il le d\u00e9sire, \u00e0 son propre rythme, d\u2019y plonger compl\u00e8tement ou de simplement l\u2019entrouvrir avec pudeur. La vue est souvent heureuse, jalonn\u00e9e d\u2019\u00e9v\u00e9nements, vallonn\u00e9e aussi, et surtout nourrie de l\u2019espoir d\u2019apercevoir l\u2019horizon.<\/p>\n\n\n\n<p>Il en va du pardon. Pourquoi eux ? Ce genre de mal\u00e9diction n\u2019arrive qu\u2019aux autres. Pourquoi moi ?<\/p>\n\n\n\n<p>Ouvrir la fen\u00eatre, c\u2019est remettre le dedans dans le dehors, remettre la d\u00e9finition de leur soi malade dans ce qu\u2019ils sont hors de l\u2019h\u00f4pital.<\/p>\n\n\n\n<p class=\"has-text-color has-link-color wp-elements-0c5dd61414d2cb4c88e3596780dedeb0\" style=\"color:#2753a5\"><strong><em>Pour lire le texte complet <a href=\"\/index.php\/options-dinscription\/\"><mark style=\"background-color:rgba(0, 0, 0, 0)\" class=\"has-inline-color has-vivid-cyan-blue-color\">s&rsquo;inscrire<\/mark><\/a> ou <a href=\"\/index.php\/my-account\/edit-account\/\"><mark style=\"background-color:rgba(0, 0, 0, 0)\" class=\"has-inline-color has-vivid-cyan-blue-color\">se connecter<\/mark><\/a><\/em><\/strong><\/p>\n\n\n\n\n\n<div style=\"height:100px\" aria-hidden=\"true\" class=\"wp-block-spacer\"><\/div>\n\n\n\n<div class=\"wp-block-buttons is-content-justification-center is-layout-flex wp-container-core-buttons-is-layout-a89b3969 wp-block-buttons-is-layout-flex\">\n<div class=\"wp-block-button has-custom-font-size is-style-fill has-small-font-size\"><a class=\"wp-block-button__link has-vivid-red-background-color has-background wp-element-button\" href=\"\/index.php\/2021\/11\/05\/fenetres\/\">&lt;&#8211;retour<\/a><\/div>\n<\/div>\n<\/div>\n\n\n\n<div class=\"wp-block-column is-layout-flow wp-block-column-is-layout-flow\" style=\"flex-basis:33.33%\">\n<figure class=\"wp-block-table\"><table class=\"has-background\" style=\"background-color:#f8f2f2\"><thead><tr><th><mark class=\"has-inline-color has-vivid-red-color\" style=\"background-color: rgba(0, 0, 0, 0);\"><strong>Auteur<\/strong><\/mark><\/th><\/tr><\/thead><tbody><tr><td><strong>Maxime Blanc-Fontes<\/strong><\/td><\/tr><\/tbody><\/table><\/figure>\n\n\n\n<figure class=\"wp-block-table\"><table><thead><tr><th><mark class=\"has-inline-color has-vivid-red-color\" style=\"background-color: rgba(0, 0, 0, 0);\"><strong>R\u00e9f\u00e9rence<\/strong><\/mark><\/th><\/tr><\/thead><tbody><tr><td><strong>RA017-28<\/strong><br>Fen\u00eatres<br>Journ\u00e9es d&rsquo;Automne 2021<\/td><\/tr><\/tbody><\/table><\/figure>\n\n\n\n<figure class=\"wp-block-table\"><table><thead><tr><th><mark class=\"has-inline-color has-vivid-red-color\" style=\"background-color: rgba(0, 0, 0, 0);\"><strong>Cat\u00e9gories<\/strong><\/mark><\/th><\/tr><\/thead><tbody><tr><td>Musique<\/td><\/tr><\/tbody><\/table><\/figure>\n<\/div>\n<\/div>\n","protected":false},"excerpt":{"rendered":"<p>Il en va du vital, du salutaire et du pardon. Dans ce petit bout d\u2019espace terrien, le malade est calfeutr\u00e9, soign\u00e9, confin\u00e9 pourrait-on dire aujourd\u2019hui. Cette chambre avec vue sur ses propres abysses mentaux, gouffre de fatigue et de peurs, est le si\u00e8ge, pour un mois au moins, des malades&hellip;<\/p>\n","protected":false},"author":2,"featured_media":0,"comment_status":"closed","ping_status":"open","sticky":false,"template":"","format":"standard","meta":{"pmpro_default_level":"","ngg_post_thumbnail":0,"footnotes":""},"categories":[417],"tags":[370,538,416],"class_list":["post-1597","post","type-post","status-publish","format-standard","hentry","category-blanc-fontes-maxime","tag-fenetres","tag-musique","tag-ra017-28","pmpro-has-access"],"_links":{"self":[{"href":"https:\/\/bibliotheque-sfpe-at.com\/index.php\/wp-json\/wp\/v2\/posts\/1597","targetHints":{"allow":["GET"]}}],"collection":[{"href":"https:\/\/bibliotheque-sfpe-at.com\/index.php\/wp-json\/wp\/v2\/posts"}],"about":[{"href":"https:\/\/bibliotheque-sfpe-at.com\/index.php\/wp-json\/wp\/v2\/types\/post"}],"author":[{"embeddable":true,"href":"https:\/\/bibliotheque-sfpe-at.com\/index.php\/wp-json\/wp\/v2\/users\/2"}],"replies":[{"embeddable":true,"href":"https:\/\/bibliotheque-sfpe-at.com\/index.php\/wp-json\/wp\/v2\/comments?post=1597"}],"version-history":[{"count":3,"href":"https:\/\/bibliotheque-sfpe-at.com\/index.php\/wp-json\/wp\/v2\/posts\/1597\/revisions"}],"predecessor-version":[{"id":4742,"href":"https:\/\/bibliotheque-sfpe-at.com\/index.php\/wp-json\/wp\/v2\/posts\/1597\/revisions\/4742"}],"wp:attachment":[{"href":"https:\/\/bibliotheque-sfpe-at.com\/index.php\/wp-json\/wp\/v2\/media?parent=1597"}],"wp:term":[{"taxonomy":"category","embeddable":true,"href":"https:\/\/bibliotheque-sfpe-at.com\/index.php\/wp-json\/wp\/v2\/categories?post=1597"},{"taxonomy":"post_tag","embeddable":true,"href":"https:\/\/bibliotheque-sfpe-at.com\/index.php\/wp-json\/wp\/v2\/tags?post=1597"}],"curies":[{"name":"wp","href":"https:\/\/api.w.org\/{rel}","templated":true}]}}