{"id":1599,"date":"2024-06-12T17:24:30","date_gmt":"2024-06-12T15:24:30","guid":{"rendered":"https:\/\/sfpe-at.com\/?p=1599"},"modified":"2025-03-25T19:52:46","modified_gmt":"2025-03-25T18:52:46","slug":"quand-la-fenetre-ouvre-la-creation","status":"publish","type":"post","link":"https:\/\/bibliotheque-sfpe-at.com\/index.php\/2024\/06\/12\/quand-la-fenetre-ouvre-la-creation\/","title":{"rendered":"Quand la fen\u00eatre ouvre la cr\u00e9ation"},"content":{"rendered":"\n<div class=\"wp-block-columns is-layout-flex wp-container-core-columns-is-layout-28f84493 wp-block-columns-is-layout-flex\">\n<div class=\"wp-block-column is-layout-flow wp-block-column-is-layout-flow\" style=\"flex-basis:66.66%\">\n<p>\u00abUne fen\u00eatre, j\u2019aime les fen\u00eatres. La vie tout enti\u00e8re, c\u2019est d\u00e9j\u00e0 un tableau sous nos yeux \u00bb (Extrait du film <em>Maudie<\/em>, Ailsing Walsh \u2013 2016)<\/p>\n\n\n\n<p>Tant\u00f4t appel au d\u00e9voilement, au \u00ab d\u00e9couvrement \u00bb de la vie qui s\u2019offre, tant\u00f4t protection et repli, la fen\u00eatre a \u00e9t\u00e9 la source d\u2019inspiration de pr\u00e9dilection des ateliers d\u2019expression artistique que notre association a anim\u00e9s en 2020. Nous n\u2019imaginions pas alors que le confinement viendrait donner \u00e0 cette th\u00e9matique encore plus de r\u00e9sonance.<\/p>\n\n\n\n<p>M\u00e9taphore par excellence de l\u2019espace potentiel de la relation ; entre le dehors et le dedans, entre la vie qui bouillonne \u00e0 l\u2019int\u00e9rieur et le risque de l\u2019exposer au regard de l\u2019autre, la fen\u00eatre est une sc\u00e8ne ouverte. Elle est invitation \u00e0 exprimer et contempler l\u2019intimit\u00e9 du dedans, avec sa part de myst\u00e8re, de particularit\u00e9, d\u2019unicit\u00e9, d\u2019\u00e9tranget\u00e9. Tous les personnages peuvent y appara\u00eetre, les \u00e9motions s\u2019y jouer, les histoires se tramer.<\/p>\n\n\n\n<p>De la cr\u00e9ation d\u2019un spectacle \u00e0 la r\u00e9alisation d\u2019un journal du confinement o\u00f9 \u00e9criture et peinture se r\u00e9pondent \u2026 ce sont autant de regards pos\u00e9s \u00e0 partir du champ de vision dessin\u00e9 par ma fen\u00eatre, c\u2019est la vie tout enti\u00e8re de ceux que l\u2019on \u00e9coute peu qui s\u2019exprime et nous attire vers un autre horizon.<\/p>\n\n\n\n<p class=\"has-text-color has-link-color wp-elements-0c5dd61414d2cb4c88e3596780dedeb0\" style=\"color:#2753a5\"><strong><em>Pour lire le texte complet <a href=\"\/index.php\/options-dinscription\/\"><mark style=\"background-color:rgba(0, 0, 0, 0)\" class=\"has-inline-color has-vivid-cyan-blue-color\">s&rsquo;inscrire<\/mark><\/a> ou <a href=\"\/index.php\/my-account\/edit-account\/\"><mark style=\"background-color:rgba(0, 0, 0, 0)\" class=\"has-inline-color has-vivid-cyan-blue-color\">se connecter<\/mark><\/a><\/em><\/strong><\/p>\n\n\n\n\n\n<div style=\"height:100px\" aria-hidden=\"true\" class=\"wp-block-spacer\"><\/div>\n\n\n\n<div class=\"wp-block-buttons is-content-justification-center is-layout-flex wp-container-core-buttons-is-layout-a89b3969 wp-block-buttons-is-layout-flex\">\n<div class=\"wp-block-button has-custom-font-size is-style-fill has-small-font-size\"><a class=\"wp-block-button__link has-vivid-red-background-color has-background wp-element-button\" href=\"\/index.php\/2021\/11\/05\/fenetres\/\">&lt;&#8211;retour<\/a><\/div>\n<\/div>\n<\/div>\n\n\n\n<div class=\"wp-block-column is-layout-flow wp-block-column-is-layout-flow\" style=\"flex-basis:33.33%\">\n<figure class=\"wp-block-table\"><table class=\"has-background\" style=\"background-color:#f8f2f2\"><thead><tr><th><mark class=\"has-inline-color has-vivid-red-color\" style=\"background-color: rgba(0, 0, 0, 0);\"><strong>Auteur<\/strong><\/mark><\/th><\/tr><\/thead><tbody><tr><td><strong>Marie-Claire Grasset<\/strong><\/td><\/tr><\/tbody><\/table><\/figure>\n\n\n\n<figure class=\"wp-block-table\"><table><thead><tr><th><mark class=\"has-inline-color has-vivid-red-color\" style=\"background-color: rgba(0, 0, 0, 0);\"><strong>R\u00e9f\u00e9rence<\/strong><\/mark><\/th><\/tr><\/thead><tbody><tr><td><strong>RA017-29<\/strong><br>Fen\u00eatres<br>Journ\u00e9es d&rsquo;Automne 2021<\/td><\/tr><\/tbody><\/table><\/figure>\n\n\n\n<figure class=\"wp-block-table\"><table><thead><tr><th><mark class=\"has-inline-color has-vivid-red-color\" style=\"background-color: rgba(0, 0, 0, 0);\"><strong>Cat\u00e9gories<\/strong><\/mark><\/th><\/tr><\/thead><tbody><tr><td>Art-th\u00e9rapie<br>Cin\u00e9ma<\/td><\/tr><\/tbody><\/table><\/figure>\n<\/div>\n<\/div>\n","protected":false},"excerpt":{"rendered":"<p>\u00abUne fen\u00eatre, j\u2019aime les fen\u00eatres. La vie tout enti\u00e8re, c\u2019est d\u00e9j\u00e0 un tableau sous nos yeux \u00bb (Extrait du film Maudie, Ailsing Walsh \u2013 2016) Tant\u00f4t appel au d\u00e9voilement, au \u00ab d\u00e9couvrement \u00bb de la vie qui s\u2019offre, tant\u00f4t protection et repli, la fen\u00eatre a \u00e9t\u00e9 la source d\u2019inspiration de&hellip;<\/p>\n","protected":false},"author":2,"featured_media":0,"comment_status":"closed","ping_status":"open","sticky":false,"template":"","format":"standard","meta":{"pmpro_default_level":"","ngg_post_thumbnail":0,"footnotes":""},"categories":[419],"tags":[492,510,370,418],"class_list":["post-1599","post","type-post","status-publish","format-standard","hentry","category-grasset-marie-claire","tag-art-therapie","tag-cinema","tag-fenetres","tag-ra017-29","pmpro-has-access"],"_links":{"self":[{"href":"https:\/\/bibliotheque-sfpe-at.com\/index.php\/wp-json\/wp\/v2\/posts\/1599","targetHints":{"allow":["GET"]}}],"collection":[{"href":"https:\/\/bibliotheque-sfpe-at.com\/index.php\/wp-json\/wp\/v2\/posts"}],"about":[{"href":"https:\/\/bibliotheque-sfpe-at.com\/index.php\/wp-json\/wp\/v2\/types\/post"}],"author":[{"embeddable":true,"href":"https:\/\/bibliotheque-sfpe-at.com\/index.php\/wp-json\/wp\/v2\/users\/2"}],"replies":[{"embeddable":true,"href":"https:\/\/bibliotheque-sfpe-at.com\/index.php\/wp-json\/wp\/v2\/comments?post=1599"}],"version-history":[{"count":3,"href":"https:\/\/bibliotheque-sfpe-at.com\/index.php\/wp-json\/wp\/v2\/posts\/1599\/revisions"}],"predecessor-version":[{"id":4743,"href":"https:\/\/bibliotheque-sfpe-at.com\/index.php\/wp-json\/wp\/v2\/posts\/1599\/revisions\/4743"}],"wp:attachment":[{"href":"https:\/\/bibliotheque-sfpe-at.com\/index.php\/wp-json\/wp\/v2\/media?parent=1599"}],"wp:term":[{"taxonomy":"category","embeddable":true,"href":"https:\/\/bibliotheque-sfpe-at.com\/index.php\/wp-json\/wp\/v2\/categories?post=1599"},{"taxonomy":"post_tag","embeddable":true,"href":"https:\/\/bibliotheque-sfpe-at.com\/index.php\/wp-json\/wp\/v2\/tags?post=1599"}],"curies":[{"name":"wp","href":"https:\/\/api.w.org\/{rel}","templated":true}]}}