{"id":1601,"date":"2024-06-12T17:26:57","date_gmt":"2024-06-12T15:26:57","guid":{"rendered":"https:\/\/sfpe-at.com\/?p=1601"},"modified":"2025-03-25T19:53:18","modified_gmt":"2025-03-25T18:53:18","slug":"la-fenetre-en-creation-de-therapie","status":"publish","type":"post","link":"https:\/\/bibliotheque-sfpe-at.com\/index.php\/2024\/06\/12\/la-fenetre-en-creation-de-therapie\/","title":{"rendered":"La fen\u00eatre \u2014 en cr\u00e9ation de th\u00e9rapie"},"content":{"rendered":"\n<div class=\"wp-block-columns is-layout-flex wp-container-core-columns-is-layout-28f84493 wp-block-columns-is-layout-flex\">\n<div class=\"wp-block-column is-layout-flow wp-block-column-is-layout-flow\" style=\"flex-basis:66.66%\">\n<p>Certains jours, on ouvre les fen\u00eatres et le bruit du monde est si assourdissant&#8230; alors on fuit, on referme. D\u2019autres fois le silence dehors est mortif\u00e8re \u2014 rien ne sert alors de les ouvrir, les fen\u00eatres\u2026 Et si on les gardait ferm\u00e9es, la paix int\u00e9rieure serait-elle mieux pr\u00e9serv\u00e9e ? Las\u2026 si seulement. Le confinement a donn\u00e9 un coup de fouet \u00e0 la symbolique de la fen\u00eatre.<\/p>\n\n\n\n<p>Alors :<\/p>\n\n\n\n<p>\u2014 ouvertes, entrouvertes, ferm\u00e9es&#8230;<\/p>\n\n\n\n<p>\u2014 grillag\u00e9es, obtur\u00e9es, mur\u00e9es&#8230;<\/p>\n\n\n\n<p>\u2014 transparentes, translucides, color\u00e9es en vitrail&#8230;<\/p>\n\n\n\n<p>\u2014 rid\u00e9es par des rideaux fins ou \u00e9pais\u2026<\/p>\n\n\n\n<p>\u2014 cach\u00e9es par des volets\u2026<\/p>\n\n\n\n<p>\u2014 cass\u00e9es, vides, aveugles\u2026 \u2014 mortes ?<\/p>\n\n\n\n<p>La fen\u00eatre est une ouverture sur le monde, un moyen de relier l\u2019espace int\u00e9rieur et ext\u00e9rieur par le regard. La peinture : une fen\u00eatre sur le monde en m\u00eame temps que sur soi-m\u00eame. Et en th\u00e9rapie, qu\u2019est-ce qu\u2019une fen\u00eatre ? Un espace ? Un moment de temps ? Une question ?<\/p>\n\n\n\n<p>Cr\u00e9ation et th\u00e9rapie en art-th\u00e9rapie se donnent la main en oeuvrant au soi.<\/p>\n\n\n\n<p class=\"has-text-color has-link-color wp-elements-0c5dd61414d2cb4c88e3596780dedeb0\" style=\"color:#2753a5\"><strong><em>Pour lire le texte complet <a href=\"\/index.php\/options-dinscription\/\"><mark style=\"background-color:rgba(0, 0, 0, 0)\" class=\"has-inline-color has-vivid-cyan-blue-color\">s&rsquo;inscrire<\/mark><\/a> ou <a href=\"\/index.php\/my-account\/edit-account\/\"><mark style=\"background-color:rgba(0, 0, 0, 0)\" class=\"has-inline-color has-vivid-cyan-blue-color\">se connecter<\/mark><\/a><\/em><\/strong><\/p>\n\n\n\n\n\n<div style=\"height:100px\" aria-hidden=\"true\" class=\"wp-block-spacer\"><\/div>\n\n\n\n<div class=\"wp-block-buttons is-content-justification-center is-layout-flex wp-container-core-buttons-is-layout-a89b3969 wp-block-buttons-is-layout-flex\">\n<div class=\"wp-block-button has-custom-font-size is-style-fill has-small-font-size\"><a class=\"wp-block-button__link has-vivid-red-background-color has-background wp-element-button\" href=\"\/index.php\/2021\/11\/05\/fenetres\/\">&lt;&#8211;retour<\/a><\/div>\n<\/div>\n<\/div>\n\n\n\n<div class=\"wp-block-column is-layout-flow wp-block-column-is-layout-flow\" style=\"flex-basis:33.33%\">\n<figure class=\"wp-block-table\"><table class=\"has-background\" style=\"background-color:#f8f2f2\"><thead><tr><th><mark class=\"has-inline-color has-vivid-red-color\" style=\"background-color: rgba(0, 0, 0, 0);\"><strong>Auteur<\/strong><\/mark><\/th><\/tr><\/thead><tbody><tr><td><strong>Irina Katz-Mazilu<\/strong><\/td><\/tr><\/tbody><\/table><\/figure>\n\n\n\n<figure class=\"wp-block-table\"><table><thead><tr><th><mark class=\"has-inline-color has-vivid-red-color\" style=\"background-color: rgba(0, 0, 0, 0);\"><strong>R\u00e9f\u00e9rence<\/strong><\/mark><\/th><\/tr><\/thead><tbody><tr><td><strong>RA017-30<\/strong><br>Fen\u00eatres<br>Journ\u00e9es d&rsquo;Automne 2021<\/td><\/tr><\/tbody><\/table><\/figure>\n\n\n\n<figure class=\"wp-block-table\"><table><thead><tr><th><mark class=\"has-inline-color has-vivid-red-color\" style=\"background-color: rgba(0, 0, 0, 0);\"><strong>Cat\u00e9gories<\/strong><\/mark><\/th><\/tr><\/thead><tbody><tr><td>Art-th\u00e9rapie<\/td><\/tr><\/tbody><\/table><\/figure>\n<\/div>\n<\/div>\n","protected":false},"excerpt":{"rendered":"<p>Certains jours, on ouvre les fen\u00eatres et le bruit du monde est si assourdissant&#8230; alors on fuit, on referme. D\u2019autres fois le silence dehors est mortif\u00e8re \u2014 rien ne sert alors de les ouvrir, les fen\u00eatres\u2026 Et si on les gardait ferm\u00e9es, la paix int\u00e9rieure serait-elle mieux pr\u00e9serv\u00e9e ? Las\u2026&hellip;<\/p>\n","protected":false},"author":2,"featured_media":0,"comment_status":"closed","ping_status":"open","sticky":false,"template":"","format":"standard","meta":{"pmpro_default_level":"","ngg_post_thumbnail":0,"footnotes":""},"categories":[81],"tags":[492,370,420],"class_list":["post-1601","post","type-post","status-publish","format-standard","hentry","category-katz-mazilu-irina","tag-art-therapie","tag-fenetres","tag-ra017-30","pmpro-has-access"],"_links":{"self":[{"href":"https:\/\/bibliotheque-sfpe-at.com\/index.php\/wp-json\/wp\/v2\/posts\/1601","targetHints":{"allow":["GET"]}}],"collection":[{"href":"https:\/\/bibliotheque-sfpe-at.com\/index.php\/wp-json\/wp\/v2\/posts"}],"about":[{"href":"https:\/\/bibliotheque-sfpe-at.com\/index.php\/wp-json\/wp\/v2\/types\/post"}],"author":[{"embeddable":true,"href":"https:\/\/bibliotheque-sfpe-at.com\/index.php\/wp-json\/wp\/v2\/users\/2"}],"replies":[{"embeddable":true,"href":"https:\/\/bibliotheque-sfpe-at.com\/index.php\/wp-json\/wp\/v2\/comments?post=1601"}],"version-history":[{"count":3,"href":"https:\/\/bibliotheque-sfpe-at.com\/index.php\/wp-json\/wp\/v2\/posts\/1601\/revisions"}],"predecessor-version":[{"id":4744,"href":"https:\/\/bibliotheque-sfpe-at.com\/index.php\/wp-json\/wp\/v2\/posts\/1601\/revisions\/4744"}],"wp:attachment":[{"href":"https:\/\/bibliotheque-sfpe-at.com\/index.php\/wp-json\/wp\/v2\/media?parent=1601"}],"wp:term":[{"taxonomy":"category","embeddable":true,"href":"https:\/\/bibliotheque-sfpe-at.com\/index.php\/wp-json\/wp\/v2\/categories?post=1601"},{"taxonomy":"post_tag","embeddable":true,"href":"https:\/\/bibliotheque-sfpe-at.com\/index.php\/wp-json\/wp\/v2\/tags?post=1601"}],"curies":[{"name":"wp","href":"https:\/\/api.w.org\/{rel}","templated":true}]}}