{"id":1619,"date":"2024-06-13T19:54:18","date_gmt":"2024-06-13T17:54:18","guid":{"rendered":"https:\/\/sfpe-at.com\/?p=1619"},"modified":"2025-03-25T19:56:36","modified_gmt":"2025-03-25T18:56:36","slug":"echanges-ecocitoyens-entre-plage-et-banquise","status":"publish","type":"post","link":"https:\/\/bibliotheque-sfpe-at.com\/index.php\/2024\/06\/13\/echanges-ecocitoyens-entre-plage-et-banquise\/","title":{"rendered":"\u00c9changes \u00e9cocitoyens entre plage et banquise"},"content":{"rendered":"\n<div class=\"wp-block-columns is-layout-flex wp-container-core-columns-is-layout-28f84493 wp-block-columns-is-layout-flex\">\n<div class=\"wp-block-column is-layout-flow wp-block-column-is-layout-flow\" style=\"flex-basis:66.66%\">\n<p>Entre d\u00e9cembre&nbsp;2021 et f\u00e9vrier&nbsp;2022, des ateliers hebdomadaires en foyer de vie sur le th\u00e8me de l\u2019\u00e9cocitoyennet\u00e9 ont permis un partage inattendu entre un groupe de r\u00e9sidents handicap\u00e9s et les chercheurs hivernants de la base Dumont d\u2019\u2019Urville en Antarctique. Le mot \u00ab&nbsp;inattendu&nbsp;\u00bb a \u00e9t\u00e9 le v\u00e9ritable fil conducteur de nos \u00e9changes qui n\u2019\u00e9taient en rien programm\u00e9s au d\u00e9part du projet en juin&nbsp;2021.<\/p>\n\n\n\n<p>C\u2019est justement l\u2019inattendu qui a cr\u00e9\u00e9 une immense attention et une forte implication des personnes du foyer. La participation, malgr\u00e9 la distance, ou \u00e0 cause de la distance, a permis l\u2019\u00e9mergence de th\u00e8mes de fond&nbsp;: g\u00e9rer le rythme diurne-nocturne&nbsp;; la communaut\u00e9 et l\u2019intimit\u00e9&nbsp;; la fragilit\u00e9 et la d\u00e9pendance&nbsp;; l\u2019identit\u00e9&nbsp;; \u00eatre un acteur \u00e9cocitoyen dans un monde clos.<\/p>\n\n\n\n<p>J\u2019\u00e9voquerai ces diff\u00e9rents sujets au fil de trois parties&nbsp;:<\/p>\n\n\n\n<ul class=\"wp-block-list\">\n<li>un contact inattendu. Comment sommes-nous entr\u00e9s en contact avec les Terres australes&nbsp;?<\/li>\n\n\n\n<li>la d\u00e9couverte de la vie dans une base lointaine, pour jeter un nouveau regard sur son foyer de vie&nbsp;;<\/li>\n\n\n\n<li>un anniversaire inattendu. De banquise en cr\u00e8me glac\u00e9e, comment d\u00e9river vers la notion d\u2019identit\u00e9&nbsp;?<\/li>\n<\/ul>\n\n\n\n<p>Notre montage visuel sera diffus\u00e9 un soir dans <em>Jeudi de la connaissance<\/em> avant juin&nbsp;2022 aux hivernants de toute la base Dumont d\u2019Urville&nbsp;! Grande fiert\u00e9 du groupe d\u2019\u00eatre vu au bout du monde.<\/p>\n\n\n\n<p class=\"has-text-color has-link-color wp-elements-0c5dd61414d2cb4c88e3596780dedeb0\" style=\"color:#2753a5\"><strong><em>Pour lire le texte complet <a href=\"\/index.php\/options-dinscription\/\"><mark style=\"background-color:rgba(0, 0, 0, 0)\" class=\"has-inline-color has-vivid-cyan-blue-color\">s&rsquo;inscrire<\/mark><\/a> ou <a href=\"\/index.php\/my-account\/edit-account\/\"><mark style=\"background-color:rgba(0, 0, 0, 0)\" class=\"has-inline-color has-vivid-cyan-blue-color\">se connecter<\/mark><\/a><\/em><\/strong><\/p>\n\n\n\n\n\n<div style=\"height:100px\" aria-hidden=\"true\" class=\"wp-block-spacer\"><\/div>\n\n\n\n<div class=\"wp-block-buttons is-content-justification-center is-layout-flex wp-container-core-buttons-is-layout-a89b3969 wp-block-buttons-is-layout-flex\">\n<div class=\"wp-block-button has-custom-font-size is-style-fill has-small-font-size\"><a class=\"wp-block-button__link has-vivid-red-background-color has-background wp-element-button\" href=\"\/index.php\/2022\/04\/03\/linattendu\/\">&lt;&#8211;retour<\/a><\/div>\n<\/div>\n<\/div>\n\n\n\n<div class=\"wp-block-column is-layout-flow wp-block-column-is-layout-flow\" style=\"flex-basis:33.33%\">\n<figure class=\"wp-block-table\"><table class=\"has-background\" style=\"background-color:#f8f2f2\"><thead><tr><th><mark class=\"has-inline-color has-vivid-red-color\" style=\"background-color: rgba(0, 0, 0, 0);\"><strong>Auteur<\/strong><\/mark><\/th><\/tr><\/thead><tbody><tr><td><strong>Isabelle CHEMIN<\/strong><\/td><\/tr><\/tbody><\/table><\/figure>\n\n\n\n<figure class=\"wp-block-table\"><table><thead><tr><th><mark class=\"has-inline-color has-vivid-red-color\" style=\"background-color: rgba(0, 0, 0, 0);\"><strong>R\u00e9f\u00e9rence<\/strong><\/mark><\/th><\/tr><\/thead><tbody><tr><td><strong>RA018-04<\/strong><br>L&rsquo;Inattendu<br>Journ\u00e9es de Printemps 2022<\/td><\/tr><\/tbody><\/table><\/figure>\n\n\n\n<figure class=\"wp-block-table\"><table><thead><tr><th><mark class=\"has-inline-color has-vivid-red-color\" style=\"background-color: rgba(0, 0, 0, 0);\"><strong>Cat\u00e9gories<\/strong><\/mark><\/th><\/tr><\/thead><tbody><tr><td>Art-th\u00e9rapie<br>Dispositif de m\u00e9diation<br>Dessin<br>\u00c9criture<br>\u00c9thique<\/td><\/tr><\/tbody><\/table><\/figure>\n<\/div>\n<\/div>\n","protected":false},"excerpt":{"rendered":"<p>Entre d\u00e9cembre&nbsp;2021 et f\u00e9vrier&nbsp;2022, des ateliers hebdomadaires en foyer de vie sur le th\u00e8me de l\u2019\u00e9cocitoyennet\u00e9 ont permis un partage inattendu entre un groupe de r\u00e9sidents handicap\u00e9s et les chercheurs hivernants de la base Dumont d\u2019\u2019Urville en Antarctique. Le mot \u00ab&nbsp;inattendu&nbsp;\u00bb a \u00e9t\u00e9 le v\u00e9ritable fil conducteur de nos \u00e9changes&hellip;<\/p>\n","protected":false},"author":2,"featured_media":0,"comment_status":"closed","ping_status":"open","sticky":false,"template":"","format":"standard","meta":{"pmpro_default_level":"","ngg_post_thumbnail":0,"footnotes":""},"categories":[385],"tags":[492,508,505,497,502,422,425],"class_list":["post-1619","post","type-post","status-publish","format-standard","hentry","category-chemin-isabelle","tag-art-therapie","tag-dessin","tag-dispositif-de-mediation","tag-ecriture","tag-ethique","tag-linattendu","tag-ra018-04","pmpro-has-access"],"_links":{"self":[{"href":"https:\/\/bibliotheque-sfpe-at.com\/index.php\/wp-json\/wp\/v2\/posts\/1619","targetHints":{"allow":["GET"]}}],"collection":[{"href":"https:\/\/bibliotheque-sfpe-at.com\/index.php\/wp-json\/wp\/v2\/posts"}],"about":[{"href":"https:\/\/bibliotheque-sfpe-at.com\/index.php\/wp-json\/wp\/v2\/types\/post"}],"author":[{"embeddable":true,"href":"https:\/\/bibliotheque-sfpe-at.com\/index.php\/wp-json\/wp\/v2\/users\/2"}],"replies":[{"embeddable":true,"href":"https:\/\/bibliotheque-sfpe-at.com\/index.php\/wp-json\/wp\/v2\/comments?post=1619"}],"version-history":[{"count":3,"href":"https:\/\/bibliotheque-sfpe-at.com\/index.php\/wp-json\/wp\/v2\/posts\/1619\/revisions"}],"predecessor-version":[{"id":4748,"href":"https:\/\/bibliotheque-sfpe-at.com\/index.php\/wp-json\/wp\/v2\/posts\/1619\/revisions\/4748"}],"wp:attachment":[{"href":"https:\/\/bibliotheque-sfpe-at.com\/index.php\/wp-json\/wp\/v2\/media?parent=1619"}],"wp:term":[{"taxonomy":"category","embeddable":true,"href":"https:\/\/bibliotheque-sfpe-at.com\/index.php\/wp-json\/wp\/v2\/categories?post=1619"},{"taxonomy":"post_tag","embeddable":true,"href":"https:\/\/bibliotheque-sfpe-at.com\/index.php\/wp-json\/wp\/v2\/tags?post=1619"}],"curies":[{"name":"wp","href":"https:\/\/api.w.org\/{rel}","templated":true}]}}