{"id":1623,"date":"2024-06-13T20:00:01","date_gmt":"2024-06-13T18:00:01","guid":{"rendered":"https:\/\/sfpe-at.com\/?p=1623"},"modified":"2025-03-25T19:57:40","modified_gmt":"2025-03-25T18:57:40","slug":"linattendu-un-inconnu-retrouve","status":"publish","type":"post","link":"https:\/\/bibliotheque-sfpe-at.com\/index.php\/2024\/06\/13\/linattendu-un-inconnu-retrouve\/","title":{"rendered":"L\u2019inattendu, un inconnu retrouv\u00e9"},"content":{"rendered":"\n<div class=\"wp-block-columns is-layout-flex wp-container-core-columns-is-layout-28f84493 wp-block-columns-is-layout-flex\">\n<div class=\"wp-block-column is-layout-flow wp-block-column-is-layout-flow\" style=\"flex-basis:66.66%\">\n<p>Sous l\u2019effet d\u00e9formant d\u2019une privation souvent mythique, v\u00e9cue comme un d\u00e9terminisme, l\u2019individu se refuse en quelque sorte \u00e0 lui-m\u00eame, \u00e0 sa possibilit\u00e9 d\u2019habiter le monde qui l\u2019entoure, d\u2019\u00eatre pr\u00e9sent \u00e0 ce monde.<\/p>\n\n\n\n<p>Cette pr\u00e9sence au monde, o\u00f9 le \u00ab&nbsp;Je&nbsp;\u00bb et le \u00ab&nbsp;Nous&nbsp;\u00bb s\u2019affirment comme un double, imp\u00e9ratif et compl\u00e9mentaire, est une pr\u00e9sence continue \u00e0 ce qui est discontinu dans notre vie. Dans ces moments de pr\u00e9sence \u00e0 soi et aux autres, l\u2019individu n\u2019agit pas&nbsp;: il est agi. L\u2019action est alors port\u00e9e par le d\u00e9sir et la sagesse du corps, par une sorte de surabondance int\u00e9rieure souvent inattendue.<\/p>\n\n\n\n<p>L\u2019individu peut alors jouir de ses impressions, de ses r\u00eaveries, de ses repr\u00e9sentations mentales, de ses intuitions, de ses \u00e9lans, sans se sentir menac\u00e9 de dispara\u00eetre avec chacun d\u2019eux. Il survit \u00e0 l\u2019\u00e9ph\u00e9m\u00e8re. Et cette assurance d\u2019exister, par-del\u00e0 et au-dessus de tout cela, lui fait ressentir chaque exp\u00e9rience avec un ressenti plus profond et, surtout, lui fait accepter la mouvance de son v\u00e9cu. L\u2019individu op\u00e8re en quelque sorte un ph\u00e9nom\u00e8ne de r\u00e9conciliation avec soi, son pass\u00e9, son avenir, en m\u00eame temps que surgit la prise de conscience, ou encore la conviction, qu\u2019il n\u2019est pas vide, qu\u2019il a des choses \u00e0 dire et, surtout, \u00e0 transmettre.<\/p>\n\n\n\n<p>On s\u2019\u00e9tonne de cet \u00e9tat o\u00f9 la force de vivre et d\u2019\u00eatre agi est pr\u00e9sence heureuse, abandon \u00e0 l\u2019action qui se fait dans la pleine confiance. On cherche \u00e0 mettre des mots derri\u00e8re ce ressenti&nbsp;: insoup\u00e7onn\u00e9, incroyable, d\u00e9routant, inesp\u00e9r\u00e9\u2026 inattendu.<\/p>\n\n\n\n<p>Et si simplement la r\u00e9ponse \u00e9tait dans cette capacit\u00e9 pour l\u2019individu remis en situation d\u2019expression, de cr\u00e9ation et de transmission, de se reconnecter \u00e0 nouveau avec sa capabilit\u00e9 premi\u00e8re et originelle\u2026 son inconnu retrouv\u00e9.<\/p>\n\n\n\n<p class=\"has-text-color has-link-color wp-elements-0c5dd61414d2cb4c88e3596780dedeb0\" style=\"color:#2753a5\"><strong><em>Pour lire le texte complet <a href=\"\/index.php\/options-dinscription\/\"><mark style=\"background-color:rgba(0, 0, 0, 0)\" class=\"has-inline-color has-vivid-cyan-blue-color\">s&rsquo;inscrire<\/mark><\/a> ou <a href=\"\/index.php\/my-account\/edit-account\/\"><mark style=\"background-color:rgba(0, 0, 0, 0)\" class=\"has-inline-color has-vivid-cyan-blue-color\">se connecter<\/mark><\/a><\/em><\/strong><\/p>\n\n\n\n\n\n<div style=\"height:100px\" aria-hidden=\"true\" class=\"wp-block-spacer\"><\/div>\n\n\n\n<div class=\"wp-block-buttons is-content-justification-center is-layout-flex wp-container-core-buttons-is-layout-a89b3969 wp-block-buttons-is-layout-flex\">\n<div class=\"wp-block-button has-custom-font-size is-style-fill has-small-font-size\"><a class=\"wp-block-button__link has-vivid-red-background-color has-background wp-element-button\" href=\"\/index.php\/2022\/04\/03\/linattendu\/\">&lt;&#8211;retour<\/a><\/div>\n<\/div>\n<\/div>\n\n\n\n<div class=\"wp-block-column is-layout-flow wp-block-column-is-layout-flow\" style=\"flex-basis:33.33%\">\n<figure class=\"wp-block-table\"><table class=\"has-background\" style=\"background-color:#f8f2f2\"><thead><tr><th><mark class=\"has-inline-color has-vivid-red-color\" style=\"background-color: rgba(0, 0, 0, 0);\"><strong>Auteur<\/strong><\/mark><\/th><\/tr><\/thead><tbody><tr><td><strong>Alain Vasseur<\/strong><\/td><\/tr><\/tbody><\/table><\/figure>\n\n\n\n<figure class=\"wp-block-table\"><table><thead><tr><th><mark class=\"has-inline-color has-vivid-red-color\" style=\"background-color: rgba(0, 0, 0, 0);\"><strong>R\u00e9f\u00e9rence<\/strong><\/mark><\/th><\/tr><\/thead><tbody><tr><td><strong>RA018-06<\/strong><br>L&rsquo;Inattendu<br>Journ\u00e9es de Printemps 2022<\/td><\/tr><\/tbody><\/table><\/figure>\n\n\n\n<figure class=\"wp-block-table\"><table><thead><tr><th><mark class=\"has-inline-color has-vivid-red-color\" style=\"background-color: rgba(0, 0, 0, 0);\"><strong>Cat\u00e9gories<\/strong><\/mark><\/th><\/tr><\/thead><tbody><tr><td>Ph\u00e9nom\u00e9nologie<\/td><\/tr><\/tbody><\/table><\/figure>\n<\/div>\n<\/div>\n","protected":false},"excerpt":{"rendered":"<p>Sous l\u2019effet d\u00e9formant d\u2019une privation souvent mythique, v\u00e9cue comme un d\u00e9terminisme, l\u2019individu se refuse en quelque sorte \u00e0 lui-m\u00eame, \u00e0 sa possibilit\u00e9 d\u2019habiter le monde qui l\u2019entoure, d\u2019\u00eatre pr\u00e9sent \u00e0 ce monde. Cette pr\u00e9sence au monde, o\u00f9 le \u00ab&nbsp;Je&nbsp;\u00bb et le \u00ab&nbsp;Nous&nbsp;\u00bb s\u2019affirment comme un double, imp\u00e9ratif et compl\u00e9mentaire, est&hellip;<\/p>\n","protected":false},"author":2,"featured_media":0,"comment_status":"closed","ping_status":"open","sticky":false,"template":"","format":"standard","meta":{"pmpro_default_level":"","ngg_post_thumbnail":0,"footnotes":""},"categories":[124],"tags":[422,486,428],"class_list":["post-1623","post","type-post","status-publish","format-standard","hentry","category-vasseur-alain","tag-linattendu","tag-phenomenologie","tag-ra018-06","pmpro-has-access"],"_links":{"self":[{"href":"https:\/\/bibliotheque-sfpe-at.com\/index.php\/wp-json\/wp\/v2\/posts\/1623","targetHints":{"allow":["GET"]}}],"collection":[{"href":"https:\/\/bibliotheque-sfpe-at.com\/index.php\/wp-json\/wp\/v2\/posts"}],"about":[{"href":"https:\/\/bibliotheque-sfpe-at.com\/index.php\/wp-json\/wp\/v2\/types\/post"}],"author":[{"embeddable":true,"href":"https:\/\/bibliotheque-sfpe-at.com\/index.php\/wp-json\/wp\/v2\/users\/2"}],"replies":[{"embeddable":true,"href":"https:\/\/bibliotheque-sfpe-at.com\/index.php\/wp-json\/wp\/v2\/comments?post=1623"}],"version-history":[{"count":3,"href":"https:\/\/bibliotheque-sfpe-at.com\/index.php\/wp-json\/wp\/v2\/posts\/1623\/revisions"}],"predecessor-version":[{"id":4750,"href":"https:\/\/bibliotheque-sfpe-at.com\/index.php\/wp-json\/wp\/v2\/posts\/1623\/revisions\/4750"}],"wp:attachment":[{"href":"https:\/\/bibliotheque-sfpe-at.com\/index.php\/wp-json\/wp\/v2\/media?parent=1623"}],"wp:term":[{"taxonomy":"category","embeddable":true,"href":"https:\/\/bibliotheque-sfpe-at.com\/index.php\/wp-json\/wp\/v2\/categories?post=1623"},{"taxonomy":"post_tag","embeddable":true,"href":"https:\/\/bibliotheque-sfpe-at.com\/index.php\/wp-json\/wp\/v2\/tags?post=1623"}],"curies":[{"name":"wp","href":"https:\/\/api.w.org\/{rel}","templated":true}]}}