{"id":1625,"date":"2024-06-13T20:06:58","date_gmt":"2024-06-13T18:06:58","guid":{"rendered":"https:\/\/sfpe-at.com\/?p=1625"},"modified":"2025-03-25T19:58:10","modified_gmt":"2025-03-25T18:58:10","slug":"quand-linattendu-fait-signe-vers-linvisible","status":"publish","type":"post","link":"https:\/\/bibliotheque-sfpe-at.com\/index.php\/2024\/06\/13\/quand-linattendu-fait-signe-vers-linvisible\/","title":{"rendered":"Quand l\u2019inattendu fait signe vers l\u2019invisible"},"content":{"rendered":"\n<div class=\"wp-block-columns is-layout-flex wp-container-core-columns-is-layout-28f84493 wp-block-columns-is-layout-flex\">\n<div class=\"wp-block-column is-layout-flow wp-block-column-is-layout-flow\" style=\"flex-basis:66.66%\">\n<p>Face \u00e0 certaines toiles de Vilhelm Hammersho\u00ef, le spectateur, captiv\u00e9 par la beaut\u00e9 de l\u2019\u0153uvre, peut soudain se sentir d\u00e9sar\u00e7onn\u00e9 par un d\u00e9tail inattendu qui le plonge dans un sentiment d\u2019inqui\u00e9tante \u00e9tranget\u00e9. Ce d\u00e9tail insolite, qui se caract\u00e9rise notamment par l\u2019absence de quelque chose d\u2019attendu&nbsp;: un pied de chaise, une poign\u00e9e de porte, un cadre vide, permet \u00ab&nbsp;d\u2019ouvrir l\u2019image&nbsp;\u00bb, selon l\u2019expression de Georges Didi Huberman. L\u2019ouverture de l\u2019image, qui est ici un vide de figure et qui soudain nous regarde, permet \u00e0 l\u2019absence d\u2019avoir lieu en faisant passer de ce que l\u2019on voit \u2013 le visible \u2013&nbsp;\u00e0 ce que l\u2019on ne voit pas&nbsp;\u2013 le visuel&nbsp;\u2013, et de p\u00e9n\u00e9trer ainsi l\u2019\u00e9nigme qui est au c\u0153ur de cette \u0153uvre, de la d\u00e9chiffrer, peut-\u00eatre, sans pr\u00e9tendre la r\u00e9soudre.<\/p>\n\n\n\n<p class=\"has-text-color has-link-color wp-elements-0c5dd61414d2cb4c88e3596780dedeb0\" style=\"color:#2753a5\"><strong><em>Pour lire le texte complet <a href=\"\/index.php\/options-dinscription\/\"><mark style=\"background-color:rgba(0, 0, 0, 0)\" class=\"has-inline-color has-vivid-cyan-blue-color\">s&rsquo;inscrire<\/mark><\/a> ou <a href=\"\/index.php\/my-account\/edit-account\/\"><mark style=\"background-color:rgba(0, 0, 0, 0)\" class=\"has-inline-color has-vivid-cyan-blue-color\">se connecter<\/mark><\/a><\/em><\/strong><\/p>\n\n\n\n\n\n<div style=\"height:100px\" aria-hidden=\"true\" class=\"wp-block-spacer\"><\/div>\n\n\n\n<div class=\"wp-block-buttons is-content-justification-center is-layout-flex wp-container-core-buttons-is-layout-a89b3969 wp-block-buttons-is-layout-flex\">\n<div class=\"wp-block-button has-custom-font-size is-style-fill has-small-font-size\"><a class=\"wp-block-button__link has-vivid-red-background-color has-background wp-element-button\" href=\"\/index.php\/2022\/04\/03\/linattendu\/\">&lt;&#8211;retour<\/a><\/div>\n<\/div>\n<\/div>\n\n\n\n<div class=\"wp-block-column is-layout-flow wp-block-column-is-layout-flow\" style=\"flex-basis:33.33%\">\n<figure class=\"wp-block-table\"><table class=\"has-background\" style=\"background-color:#f8f2f2\"><thead><tr><th><mark class=\"has-inline-color has-vivid-red-color\" style=\"background-color: rgba(0, 0, 0, 0);\"><strong>Auteur<\/strong><\/mark><\/th><\/tr><\/thead><tbody><tr><td><strong>Suzanne Ferri\u00e8res-Pestureau<\/strong><\/td><\/tr><\/tbody><\/table><\/figure>\n\n\n\n<figure class=\"wp-block-table\"><table><thead><tr><th><mark class=\"has-inline-color has-vivid-red-color\" style=\"background-color: rgba(0, 0, 0, 0);\"><strong>R\u00e9f\u00e9rence<\/strong><\/mark><\/th><\/tr><\/thead><tbody><tr><td><strong>RA018-07<\/strong><br>L&rsquo;Inattendu<br>Journ\u00e9es de Printemps 2022<\/td><\/tr><\/tbody><\/table><\/figure>\n\n\n\n<figure class=\"wp-block-table\"><table><thead><tr><th><mark class=\"has-inline-color has-vivid-red-color\" style=\"background-color: rgba(0, 0, 0, 0);\"><strong>Cat\u00e9gories<\/strong><\/mark><\/th><\/tr><\/thead><tbody><tr><td>Esth\u00e9tique<br>Psychanalyse<\/td><\/tr><\/tbody><\/table><\/figure>\n<\/div>\n<\/div>\n","protected":false},"excerpt":{"rendered":"<p>Face \u00e0 certaines toiles de Vilhelm Hammersho\u00ef, le spectateur, captiv\u00e9 par la beaut\u00e9 de l\u2019\u0153uvre, peut soudain se sentir d\u00e9sar\u00e7onn\u00e9 par un d\u00e9tail inattendu qui le plonge dans un sentiment d\u2019inqui\u00e9tante \u00e9tranget\u00e9. Ce d\u00e9tail insolite, qui se caract\u00e9rise notamment par l\u2019absence de quelque chose d\u2019attendu&nbsp;: un pied de chaise, une&hellip;<\/p>\n","protected":false},"author":2,"featured_media":0,"comment_status":"closed","ping_status":"open","sticky":false,"template":"","format":"standard","meta":{"pmpro_default_level":"","ngg_post_thumbnail":0,"footnotes":""},"categories":[141],"tags":[491,422,494,429],"class_list":["post-1625","post","type-post","status-publish","format-standard","hentry","category-ferrieres-pestureau-suzanne","tag-esthetique","tag-linattendu","tag-psychanalyse","tag-ra018-07","pmpro-has-access"],"_links":{"self":[{"href":"https:\/\/bibliotheque-sfpe-at.com\/index.php\/wp-json\/wp\/v2\/posts\/1625","targetHints":{"allow":["GET"]}}],"collection":[{"href":"https:\/\/bibliotheque-sfpe-at.com\/index.php\/wp-json\/wp\/v2\/posts"}],"about":[{"href":"https:\/\/bibliotheque-sfpe-at.com\/index.php\/wp-json\/wp\/v2\/types\/post"}],"author":[{"embeddable":true,"href":"https:\/\/bibliotheque-sfpe-at.com\/index.php\/wp-json\/wp\/v2\/users\/2"}],"replies":[{"embeddable":true,"href":"https:\/\/bibliotheque-sfpe-at.com\/index.php\/wp-json\/wp\/v2\/comments?post=1625"}],"version-history":[{"count":3,"href":"https:\/\/bibliotheque-sfpe-at.com\/index.php\/wp-json\/wp\/v2\/posts\/1625\/revisions"}],"predecessor-version":[{"id":4751,"href":"https:\/\/bibliotheque-sfpe-at.com\/index.php\/wp-json\/wp\/v2\/posts\/1625\/revisions\/4751"}],"wp:attachment":[{"href":"https:\/\/bibliotheque-sfpe-at.com\/index.php\/wp-json\/wp\/v2\/media?parent=1625"}],"wp:term":[{"taxonomy":"category","embeddable":true,"href":"https:\/\/bibliotheque-sfpe-at.com\/index.php\/wp-json\/wp\/v2\/categories?post=1625"},{"taxonomy":"post_tag","embeddable":true,"href":"https:\/\/bibliotheque-sfpe-at.com\/index.php\/wp-json\/wp\/v2\/tags?post=1625"}],"curies":[{"name":"wp","href":"https:\/\/api.w.org\/{rel}","templated":true}]}}