{"id":1635,"date":"2024-06-13T20:19:48","date_gmt":"2024-06-13T18:19:48","guid":{"rendered":"https:\/\/sfpe-at.com\/?p=1635"},"modified":"2025-03-25T20:01:06","modified_gmt":"2025-03-25T19:01:06","slug":"rencontre-avec-rembrandt","status":"publish","type":"post","link":"https:\/\/bibliotheque-sfpe-at.com\/index.php\/2024\/06\/13\/rencontre-avec-rembrandt\/","title":{"rendered":"Rencontre avec Rembrandt"},"content":{"rendered":"\n<div class=\"wp-block-columns is-layout-flex wp-container-core-columns-is-layout-28f84493 wp-block-columns-is-layout-flex\">\n<div class=\"wp-block-column is-layout-flow wp-block-column-is-layout-flow\" style=\"flex-basis:66.66%\">\n<p>Dans la communication que je souhaite pr\u00e9senter, j\u2019\u00e9voquerai le parcours cr\u00e9atif de M.&nbsp;S. Je l\u2019ai accompagn\u00e9 en art-th\u00e9rapie dans un groupe accueil&nbsp;\/&nbsp;collage et dans un groupe peinture, pendant deux ans, dans le cadre d\u2019un h\u00f4pital de jour addiction et psychiatrie.<\/p>\n\n\n\n<p>Tr\u00e8s vite, M.&nbsp;S. nous fait part d\u2019une exp\u00e9rience singuli\u00e8re qu\u2019il a v\u00e9cue devant le tableau <em>Le B\u0153<\/em><em>uf <\/em><em>\u00e9<\/em><em>corch<\/em><em>\u00e9<\/em> de Rembrandt au mus\u00e9e du Louvre. M.&nbsp;S. nous dit qu\u2019il a \u00e9t\u00e9 surpris et saisi par l\u2019effet du tableau sur lui&nbsp;: \u00ab&nbsp;J\u2019ai pleur\u00e9.&nbsp;\u00bb C\u2019\u00e9tait pour lui inattendu et d\u00e9stabilisant. Vingt-cinq ans apr\u00e8s, il se demande toujours pourquoi il a eu cette r\u00e9action.<\/p>\n\n\n\n<p>Dans son parcours dans les ateliers, il va \u00eatre en qu\u00eate de comprendre ce moment. M.&nbsp;S. va repr\u00e9senter \u00ab&nbsp;son b\u0153uf \u00e9corch\u00e9&nbsp;\u00bb, transform\u00e9 par le souvenir du tableau et son \u00e9motion. C\u2019est une recherche plastique dans le collage et la peinture, mais aussi un cheminement psychique pour comprendre et relier son \u00e9motion \u00e0 son ressenti et \u00e0 son histoire.<\/p>\n\n\n\n<p>C\u2019est l\u2019\u00e9volution de ce travail de cr\u00e9ation que je souhaite vous pr\u00e9senter par le r\u00e9cit de sa pr\u00e9sence dans les groupes, afin de partager certaines de ses productions et d\u2019\u00e9changer autour de mes r\u00e9flexions sur ce suivi en art-th\u00e9rapie.<\/p>\n\n\n\n<p class=\"has-text-color has-link-color wp-elements-0c5dd61414d2cb4c88e3596780dedeb0\" style=\"color:#2753a5\"><strong><em>Pour lire le texte complet <a href=\"\/index.php\/options-dinscription\/\"><mark style=\"background-color:rgba(0, 0, 0, 0)\" class=\"has-inline-color has-vivid-cyan-blue-color\">s&rsquo;inscrire<\/mark><\/a> ou <a href=\"\/index.php\/my-account\/edit-account\/\"><mark style=\"background-color:rgba(0, 0, 0, 0)\" class=\"has-inline-color has-vivid-cyan-blue-color\">se connecter<\/mark><\/a><\/em><\/strong><\/p>\n\n\n\n\n\n<div style=\"height:100px\" aria-hidden=\"true\" class=\"wp-block-spacer\"><\/div>\n\n\n\n<div class=\"wp-block-buttons is-content-justification-center is-layout-flex wp-container-core-buttons-is-layout-a89b3969 wp-block-buttons-is-layout-flex\">\n<div class=\"wp-block-button has-custom-font-size is-style-fill has-small-font-size\"><a class=\"wp-block-button__link has-vivid-red-background-color has-background wp-element-button\" href=\"\/index.php\/2022\/04\/03\/linattendu\/\">&lt;&#8211;retour<\/a><\/div>\n<\/div>\n<\/div>\n\n\n\n<div class=\"wp-block-column is-layout-flow wp-block-column-is-layout-flow\" style=\"flex-basis:33.33%\">\n<figure class=\"wp-block-table\"><table class=\"has-background\" style=\"background-color:#f8f2f2\"><thead><tr><th><mark class=\"has-inline-color has-vivid-red-color\" style=\"background-color: rgba(0, 0, 0, 0);\"><strong>Auteur<\/strong><\/mark><\/th><\/tr><\/thead><tbody><tr><td><strong>Sophie Masson<\/strong><\/td><\/tr><\/tbody><\/table><\/figure>\n\n\n\n<figure class=\"wp-block-table\"><table><thead><tr><th><mark class=\"has-inline-color has-vivid-red-color\" style=\"background-color: rgba(0, 0, 0, 0);\"><strong>R\u00e9f\u00e9rence<\/strong><\/mark><\/th><\/tr><\/thead><tbody><tr><td><strong>RA018-12<\/strong><br>L&rsquo;Inattendu<br>Journ\u00e9es de Printemps 2022<\/td><\/tr><\/tbody><\/table><\/figure>\n\n\n\n<figure class=\"wp-block-table\"><table><thead><tr><th><mark class=\"has-inline-color has-vivid-red-color\" style=\"background-color: rgba(0, 0, 0, 0);\"><strong>Cat\u00e9gories<\/strong><\/mark><\/th><\/tr><\/thead><tbody><tr><td>Art-th\u00e9rapie<br>Collage<br>Peinture<br>Cas clinique<br>Mus\u00e9e, exposition, spectacle<\/td><\/tr><\/tbody><\/table><\/figure>\n<\/div>\n<\/div>\n","protected":false},"excerpt":{"rendered":"<p>Dans la communication que je souhaite pr\u00e9senter, j\u2019\u00e9voquerai le parcours cr\u00e9atif de M.&nbsp;S. Je l\u2019ai accompagn\u00e9 en art-th\u00e9rapie dans un groupe accueil&nbsp;\/&nbsp;collage et dans un groupe peinture, pendant deux ans, dans le cadre d\u2019un h\u00f4pital de jour addiction et psychiatrie. Tr\u00e8s vite, M.&nbsp;S. nous fait part d\u2019une exp\u00e9rience singuli\u00e8re qu\u2019il&hellip;<\/p>\n","protected":false},"author":2,"featured_media":0,"comment_status":"closed","ping_status":"open","sticky":false,"template":"","format":"standard","meta":{"pmpro_default_level":"","ngg_post_thumbnail":0,"footnotes":""},"categories":[436],"tags":[492,787,493,422,571,484,435],"class_list":["post-1635","post","type-post","status-publish","format-standard","hentry","category-masson-sophie","tag-art-therapie","tag-collage","tag-cas-clinique","tag-linattendu","tag-musees-expositions-spectacles","tag-peinture","tag-ra018-12","pmpro-has-access"],"_links":{"self":[{"href":"https:\/\/bibliotheque-sfpe-at.com\/index.php\/wp-json\/wp\/v2\/posts\/1635","targetHints":{"allow":["GET"]}}],"collection":[{"href":"https:\/\/bibliotheque-sfpe-at.com\/index.php\/wp-json\/wp\/v2\/posts"}],"about":[{"href":"https:\/\/bibliotheque-sfpe-at.com\/index.php\/wp-json\/wp\/v2\/types\/post"}],"author":[{"embeddable":true,"href":"https:\/\/bibliotheque-sfpe-at.com\/index.php\/wp-json\/wp\/v2\/users\/2"}],"replies":[{"embeddable":true,"href":"https:\/\/bibliotheque-sfpe-at.com\/index.php\/wp-json\/wp\/v2\/comments?post=1635"}],"version-history":[{"count":3,"href":"https:\/\/bibliotheque-sfpe-at.com\/index.php\/wp-json\/wp\/v2\/posts\/1635\/revisions"}],"predecessor-version":[{"id":4756,"href":"https:\/\/bibliotheque-sfpe-at.com\/index.php\/wp-json\/wp\/v2\/posts\/1635\/revisions\/4756"}],"wp:attachment":[{"href":"https:\/\/bibliotheque-sfpe-at.com\/index.php\/wp-json\/wp\/v2\/media?parent=1635"}],"wp:term":[{"taxonomy":"category","embeddable":true,"href":"https:\/\/bibliotheque-sfpe-at.com\/index.php\/wp-json\/wp\/v2\/categories?post=1635"},{"taxonomy":"post_tag","embeddable":true,"href":"https:\/\/bibliotheque-sfpe-at.com\/index.php\/wp-json\/wp\/v2\/tags?post=1635"}],"curies":[{"name":"wp","href":"https:\/\/api.w.org\/{rel}","templated":true}]}}