{"id":1637,"date":"2024-06-13T20:21:40","date_gmt":"2024-06-13T18:21:40","guid":{"rendered":"https:\/\/sfpe-at.com\/?p=1637"},"modified":"2025-03-25T20:01:33","modified_gmt":"2025-03-25T19:01:33","slug":"le-premier-inattendu-dans-lhistoire-de-lart-lart-paleolithique-parietal","status":"publish","type":"post","link":"https:\/\/bibliotheque-sfpe-at.com\/index.php\/2024\/06\/13\/le-premier-inattendu-dans-lhistoire-de-lart-lart-paleolithique-parietal\/","title":{"rendered":"Le premier inattendu dans l\u2019histoire de l\u2019art\u00a0: l\u2019art pal\u00e9olithique pari\u00e9tal"},"content":{"rendered":"\n<div class=\"wp-block-columns is-layout-flex wp-container-core-columns-is-layout-28f84493 wp-block-columns-is-layout-flex\">\n<div class=\"wp-block-column is-layout-flow wp-block-column-is-layout-flow\" style=\"flex-basis:66.66%\">\n<p>L\u2019art pal\u00e9olithique pari\u00e9tal est la premi\u00e8re manifestation de l\u2019art de l\u2019homme moderne. Elle r\u00e9v\u00e8le une des sp\u00e9cificit\u00e9s de notre humanit\u00e9.<\/p>\n\n\n\n<p>La pr\u00e9histoire est maintenant l\u2019objet de nombreuses \u00e9tudes scientifiques interdisciplinaires. Mais elle a aussi d\u2019embl\u00e9e int\u00e9ress\u00e9 de nombreux artistes modernes. Les publications et les expositions sont tr\u00e8s diverses dans leurs orientations. Toutes ces recherches peuvent concerner l\u2019art-th\u00e9rapie \u00e0 travers les questions sur l\u2019origine de l\u2019art, l\u2019imaginaire, les liens entre cr\u00e9ativit\u00e9 et folie.<\/p>\n\n\n\n<p class=\"has-text-color has-link-color wp-elements-0c5dd61414d2cb4c88e3596780dedeb0\" style=\"color:#2753a5\"><strong><em>Pour lire le texte complet <a href=\"\/index.php\/options-dinscription\/\"><mark style=\"background-color:rgba(0, 0, 0, 0)\" class=\"has-inline-color has-vivid-cyan-blue-color\">s&rsquo;inscrire<\/mark><\/a> ou <a href=\"\/index.php\/my-account\/edit-account\/\"><mark style=\"background-color:rgba(0, 0, 0, 0)\" class=\"has-inline-color has-vivid-cyan-blue-color\">se connecter<\/mark><\/a><\/em><\/strong><\/p>\n\n\n\n\n\n<div style=\"height:100px\" aria-hidden=\"true\" class=\"wp-block-spacer\"><\/div>\n\n\n\n<div class=\"wp-block-buttons is-content-justification-center is-layout-flex wp-container-core-buttons-is-layout-a89b3969 wp-block-buttons-is-layout-flex\">\n<div class=\"wp-block-button has-custom-font-size is-style-fill has-small-font-size\"><a class=\"wp-block-button__link has-vivid-red-background-color has-background wp-element-button\" href=\"\/index.php\/2022\/04\/03\/linattendu\/\">&lt;&#8211;retour<\/a><\/div>\n<\/div>\n<\/div>\n\n\n\n<div class=\"wp-block-column is-layout-flow wp-block-column-is-layout-flow\" style=\"flex-basis:33.33%\">\n<figure class=\"wp-block-table\"><table class=\"has-background\" style=\"background-color:#f8f2f2\"><thead><tr><th><mark class=\"has-inline-color has-vivid-red-color\" style=\"background-color: rgba(0, 0, 0, 0);\"><strong>Auteur<\/strong><\/mark><\/th><\/tr><\/thead><tbody><tr><td><strong>D<sup>r<\/sup>&nbsp;Fran\u00e7ois Granier<\/strong><\/td><\/tr><\/tbody><\/table><\/figure>\n\n\n\n<figure class=\"wp-block-table\"><table><thead><tr><th><mark class=\"has-inline-color has-vivid-red-color\" style=\"background-color: rgba(0, 0, 0, 0);\"><strong>R\u00e9f\u00e9rence<\/strong><\/mark><\/th><\/tr><\/thead><tbody><tr><td><strong>RA018-13<\/strong><br>L&rsquo;Inattendu<br>Journ\u00e9es de Printemps 2022<\/td><\/tr><\/tbody><\/table><\/figure>\n\n\n\n<figure class=\"wp-block-table\"><table><thead><tr><th><mark class=\"has-inline-color has-vivid-red-color\" style=\"background-color: rgba(0, 0, 0, 0);\"><strong>Cat\u00e9gories<\/strong><\/mark><\/th><\/tr><\/thead><tbody><tr><td>Anthropologie<br>Arch\u00e9ologie<br>Dessin<br>Peinture<br>Mus\u00e9e, exposition, spectacle<\/td><\/tr><\/tbody><\/table><\/figure>\n<\/div>\n<\/div>\n","protected":false},"excerpt":{"rendered":"<p>L\u2019art pal\u00e9olithique pari\u00e9tal est la premi\u00e8re manifestation de l\u2019art de l\u2019homme moderne. Elle r\u00e9v\u00e8le une des sp\u00e9cificit\u00e9s de notre humanit\u00e9. La pr\u00e9histoire est maintenant l\u2019objet de nombreuses \u00e9tudes scientifiques interdisciplinaires. Mais elle a aussi d\u2019embl\u00e9e int\u00e9ress\u00e9 de nombreux artistes modernes. Les publications et les expositions sont tr\u00e8s diverses dans leurs&hellip;<\/p>\n","protected":false},"author":2,"featured_media":0,"comment_status":"closed","ping_status":"open","sticky":false,"template":"","format":"standard","meta":{"pmpro_default_level":"","ngg_post_thumbnail":0,"footnotes":""},"categories":[131],"tags":[501,819,508,422,571,484,437],"class_list":["post-1637","post","type-post","status-publish","format-standard","hentry","category-granier-francois","tag-anthropologie","tag-archeologie","tag-dessin","tag-linattendu","tag-musees-expositions-spectacles","tag-peinture","tag-ra018-13","pmpro-has-access"],"_links":{"self":[{"href":"https:\/\/bibliotheque-sfpe-at.com\/index.php\/wp-json\/wp\/v2\/posts\/1637","targetHints":{"allow":["GET"]}}],"collection":[{"href":"https:\/\/bibliotheque-sfpe-at.com\/index.php\/wp-json\/wp\/v2\/posts"}],"about":[{"href":"https:\/\/bibliotheque-sfpe-at.com\/index.php\/wp-json\/wp\/v2\/types\/post"}],"author":[{"embeddable":true,"href":"https:\/\/bibliotheque-sfpe-at.com\/index.php\/wp-json\/wp\/v2\/users\/2"}],"replies":[{"embeddable":true,"href":"https:\/\/bibliotheque-sfpe-at.com\/index.php\/wp-json\/wp\/v2\/comments?post=1637"}],"version-history":[{"count":3,"href":"https:\/\/bibliotheque-sfpe-at.com\/index.php\/wp-json\/wp\/v2\/posts\/1637\/revisions"}],"predecessor-version":[{"id":4757,"href":"https:\/\/bibliotheque-sfpe-at.com\/index.php\/wp-json\/wp\/v2\/posts\/1637\/revisions\/4757"}],"wp:attachment":[{"href":"https:\/\/bibliotheque-sfpe-at.com\/index.php\/wp-json\/wp\/v2\/media?parent=1637"}],"wp:term":[{"taxonomy":"category","embeddable":true,"href":"https:\/\/bibliotheque-sfpe-at.com\/index.php\/wp-json\/wp\/v2\/categories?post=1637"},{"taxonomy":"post_tag","embeddable":true,"href":"https:\/\/bibliotheque-sfpe-at.com\/index.php\/wp-json\/wp\/v2\/tags?post=1637"}],"curies":[{"name":"wp","href":"https:\/\/api.w.org\/{rel}","templated":true}]}}