{"id":1641,"date":"2024-06-13T20:25:32","date_gmt":"2024-06-13T18:25:32","guid":{"rendered":"https:\/\/sfpe-at.com\/?p=1641"},"modified":"2025-03-25T20:02:17","modified_gmt":"2025-03-25T19:02:17","slug":"personnes-en-situation-de-rupture-de-leur-projet-de-vie","status":"publish","type":"post","link":"https:\/\/bibliotheque-sfpe-at.com\/index.php\/2024\/06\/13\/personnes-en-situation-de-rupture-de-leur-projet-de-vie\/","title":{"rendered":"Personnes en situation de rupture de leur projet de vie"},"content":{"rendered":"\n<div class=\"wp-block-columns is-layout-flex wp-container-core-columns-is-layout-28f84493 wp-block-columns-is-layout-flex\">\n<div class=\"wp-block-column is-layout-flow wp-block-column-is-layout-flow\" style=\"flex-basis:66.66%\">\n<p>Dans le cadre d\u2019un projet de recherche multi-annuel portant sur les relations entre les \u00e9v\u00e9nements biographiques traumatog\u00e8nes v\u00e9cus depuis l\u2019enfance et le fonctionnement structurel de la personnalit\u00e9 \u00e0 l\u2019\u00e2ge adulte, nous r\u00e9sumons quelques r\u00e9sultats cliniques et exp\u00e9rimentaux refl\u00e9tant la d\u00e9tresse des personnes en situation d\u2019exclusion et de marginalisation.<\/p>\n\n\n\n<p>Des \u00e9tudes transversales et longitudinales r\u00e9trospectives, \u00e0 m\u00e9thodologie quantitative et qualitative int\u00e9gr\u00e9e, \u00e9taient destin\u00e9es, entre autres, \u00e0 explorer le pass\u00e9 des sujets et leurs attentes par rapport \u00e0 l\u2019avenir.<\/p>\n\n\n\n<p>Des \u00e9tudes longitudinales prospectives ont port\u00e9 sur l\u2019\u00e9valuation d\u2019ateliers d\u2019art-th\u00e9rapie propos\u00e9s \u00e0 des personnes souffrant d\u2019une pathologie lourde. L\u2019exploration du processus art-th\u00e9rapeutique est bas\u00e9e sur des \u00e9chelles psychom\u00e9triques et des tests projectifs, ainsi que sur l\u2019application de grilles d\u2019analyse de contenu permettant d\u2019utiliser la production artistique \u00e0 titre de recherche. Des vignettes cliniques illustreront les changements observ\u00e9s au cours de la prise en charge.<\/p>\n\n\n\n<p>La discussion porte sur la pertinence de nos r\u00e9sultats dans le cadre de la litt\u00e9rature actuelle concernant le psychotraumatisme et sur la possibilit\u00e9 de d\u00e9gager de l\u2019analyse de la production artistique des indices montrant une reprise du processus de subjectivation et le d\u00e9passement de la rupture.<\/p>\n\n\n\n<p class=\"has-text-color has-link-color wp-elements-0c5dd61414d2cb4c88e3596780dedeb0\" style=\"color:#2753a5\"><strong><em>Pour lire le texte complet <a href=\"\/index.php\/options-dinscription\/\"><mark style=\"background-color:rgba(0, 0, 0, 0)\" class=\"has-inline-color has-vivid-cyan-blue-color\">s&rsquo;inscrire<\/mark><\/a> ou <a href=\"\/index.php\/my-account\/edit-account\/\"><mark style=\"background-color:rgba(0, 0, 0, 0)\" class=\"has-inline-color has-vivid-cyan-blue-color\">se connecter<\/mark><\/a><\/em><\/strong><\/p>\n\n\n\n\n\n<div style=\"height:100px\" aria-hidden=\"true\" class=\"wp-block-spacer\"><\/div>\n\n\n\n<div class=\"wp-block-buttons is-content-justification-center is-layout-flex wp-container-core-buttons-is-layout-a89b3969 wp-block-buttons-is-layout-flex\">\n<div class=\"wp-block-button has-custom-font-size is-style-fill has-small-font-size\"><a class=\"wp-block-button__link has-vivid-red-background-color has-background wp-element-button\" href=\"\/index.php\/2022\/04\/03\/linattendu\/\">&lt;&#8211;retour<\/a><\/div>\n<\/div>\n<\/div>\n\n\n\n<div class=\"wp-block-column is-layout-flow wp-block-column-is-layout-flow\" style=\"flex-basis:33.33%\">\n<figure class=\"wp-block-table\"><table class=\"has-background\" style=\"background-color:#f8f2f2\"><thead><tr><th><mark class=\"has-inline-color has-vivid-red-color\" style=\"background-color: rgba(0, 0, 0, 0);\"><strong>Auteur<\/strong><\/mark><\/th><\/tr><\/thead><tbody><tr><td><strong>Lony Schiltz <\/strong><\/td><\/tr><\/tbody><\/table><\/figure>\n\n\n\n<figure class=\"wp-block-table\"><table><thead><tr><th><mark class=\"has-inline-color has-vivid-red-color\" style=\"background-color: rgba(0, 0, 0, 0);\"><strong>R\u00e9f\u00e9rence<\/strong><\/mark><\/th><\/tr><\/thead><tbody><tr><td><strong>RA018-14<\/strong><br>L&rsquo;Inattendu<br>Journ\u00e9es de Printemps 2022<\/td><\/tr><\/tbody><\/table><\/figure>\n\n\n\n<figure class=\"wp-block-table\"><table><thead><tr><th><mark class=\"has-inline-color has-vivid-red-color\" style=\"background-color: rgba(0, 0, 0, 0);\"><strong>Cat\u00e9gories<\/strong><\/mark><\/th><\/tr><\/thead><tbody><tr><td>Art-th\u00e9rapie<br>Dessin<br>\u00c9criture<br>Cas clinique<br>\u00c9valuation<\/td><\/tr><\/tbody><\/table><\/figure>\n<\/div>\n<\/div>\n","protected":false},"excerpt":{"rendered":"<p>Dans le cadre d\u2019un projet de recherche multi-annuel portant sur les relations entre les \u00e9v\u00e9nements biographiques traumatog\u00e8nes v\u00e9cus depuis l\u2019enfance et le fonctionnement structurel de la personnalit\u00e9 \u00e0 l\u2019\u00e2ge adulte, nous r\u00e9sumons quelques r\u00e9sultats cliniques et exp\u00e9rimentaux refl\u00e9tant la d\u00e9tresse des personnes en situation d\u2019exclusion et de marginalisation. Des \u00e9tudes&hellip;<\/p>\n","protected":false},"author":2,"featured_media":0,"comment_status":"closed","ping_status":"open","sticky":false,"template":"","format":"standard","meta":{"pmpro_default_level":"","ngg_post_thumbnail":0,"footnotes":""},"categories":[98],"tags":[492,508,497,493,561,422,438],"class_list":["post-1641","post","type-post","status-publish","format-standard","hentry","category-schiltz-lony","tag-art-therapie","tag-dessin","tag-ecriture","tag-cas-clinique","tag-evaluation","tag-linattendu","tag-ra018-14","pmpro-has-access"],"_links":{"self":[{"href":"https:\/\/bibliotheque-sfpe-at.com\/index.php\/wp-json\/wp\/v2\/posts\/1641","targetHints":{"allow":["GET"]}}],"collection":[{"href":"https:\/\/bibliotheque-sfpe-at.com\/index.php\/wp-json\/wp\/v2\/posts"}],"about":[{"href":"https:\/\/bibliotheque-sfpe-at.com\/index.php\/wp-json\/wp\/v2\/types\/post"}],"author":[{"embeddable":true,"href":"https:\/\/bibliotheque-sfpe-at.com\/index.php\/wp-json\/wp\/v2\/users\/2"}],"replies":[{"embeddable":true,"href":"https:\/\/bibliotheque-sfpe-at.com\/index.php\/wp-json\/wp\/v2\/comments?post=1641"}],"version-history":[{"count":3,"href":"https:\/\/bibliotheque-sfpe-at.com\/index.php\/wp-json\/wp\/v2\/posts\/1641\/revisions"}],"predecessor-version":[{"id":4758,"href":"https:\/\/bibliotheque-sfpe-at.com\/index.php\/wp-json\/wp\/v2\/posts\/1641\/revisions\/4758"}],"wp:attachment":[{"href":"https:\/\/bibliotheque-sfpe-at.com\/index.php\/wp-json\/wp\/v2\/media?parent=1641"}],"wp:term":[{"taxonomy":"category","embeddable":true,"href":"https:\/\/bibliotheque-sfpe-at.com\/index.php\/wp-json\/wp\/v2\/categories?post=1641"},{"taxonomy":"post_tag","embeddable":true,"href":"https:\/\/bibliotheque-sfpe-at.com\/index.php\/wp-json\/wp\/v2\/tags?post=1641"}],"curies":[{"name":"wp","href":"https:\/\/api.w.org\/{rel}","templated":true}]}}