{"id":1647,"date":"2024-06-13T20:35:38","date_gmt":"2024-06-13T18:35:38","guid":{"rendered":"https:\/\/sfpe-at.com\/?p=1647"},"modified":"2025-03-25T20:03:36","modified_gmt":"2025-03-25T19:03:36","slug":"quand-le-theatre-devient-un-soin-inattendu","status":"publish","type":"post","link":"https:\/\/bibliotheque-sfpe-at.com\/index.php\/2024\/06\/13\/quand-le-theatre-devient-un-soin-inattendu\/","title":{"rendered":"Quand le th\u00e9\u00e2tre devient un soin inattendu"},"content":{"rendered":"\n<div class=\"wp-block-columns is-layout-flex wp-container-core-columns-is-layout-28f84493 wp-block-columns-is-layout-flex\">\n<div class=\"wp-block-column is-layout-flow wp-block-column-is-layout-flow\" style=\"flex-basis:66.66%\">\n<p>Le Th\u00e9\u00e2tre du v\u00e9cu, cr\u00e9\u00e9 en&nbsp;2002 aux HUG de Gen\u00e8ve par le professeur Assal et Marcos Malavia, est un processus cr\u00e9atif capable de donner forme et corps \u00e0 une exp\u00e9rience pass\u00e9e difficile qui a pu \u00eatre refoul\u00e9e. Tout commence par l\u2019\u00e9criture d\u2019un texte relatant un v\u00e9cu personnel significatif. Les participants vont ensuite le mettre en sc\u00e8ne eux-m\u00eames, avec l\u2019aide d\u2019un metteur en sc\u00e8ne et de com\u00e9diens professionnels, en utilisant les moyens du th\u00e9\u00e2tre qui peuvent les aider \u00e0 repr\u00e9senter leur souffrance et \u00e0 sortir d\u2019une solitude souvent douloureuse dans laquelle la maladie les enferme. \u00c0 partir de divers extraits vid\u00e9o r\u00e9alis\u00e9s lors d\u2019une s\u00e9ance, les intervenants nous feront partager leur exp\u00e9rience.<\/p>\n\n\n\n<p class=\"has-text-color has-link-color wp-elements-0c5dd61414d2cb4c88e3596780dedeb0\" style=\"color:#2753a5\"><strong><em>Pour lire le texte complet <a href=\"\/index.php\/options-dinscription\/\"><mark style=\"background-color:rgba(0, 0, 0, 0)\" class=\"has-inline-color has-vivid-cyan-blue-color\">s&rsquo;inscrire<\/mark><\/a> ou <a href=\"\/index.php\/my-account\/edit-account\/\"><mark style=\"background-color:rgba(0, 0, 0, 0)\" class=\"has-inline-color has-vivid-cyan-blue-color\">se connecter<\/mark><\/a><\/em><\/strong><\/p>\n\n\n\n\n\n<div style=\"height:100px\" aria-hidden=\"true\" class=\"wp-block-spacer\"><\/div>\n\n\n\n<div class=\"wp-block-buttons is-content-justification-center is-layout-flex wp-container-core-buttons-is-layout-a89b3969 wp-block-buttons-is-layout-flex\">\n<div class=\"wp-block-button has-custom-font-size is-style-fill has-small-font-size\"><a class=\"wp-block-button__link has-vivid-red-background-color has-background wp-element-button\" href=\"\/index.php\/2022\/04\/03\/linattendu\/\">&lt;&#8211;retour<\/a><\/div>\n<\/div>\n<\/div>\n\n\n\n<div class=\"wp-block-column is-layout-flow wp-block-column-is-layout-flow\" style=\"flex-basis:33.33%\">\n<figure class=\"wp-block-table\"><table class=\"has-background\" style=\"background-color:#f8f2f2\"><thead><tr><th><mark class=\"has-inline-color has-vivid-red-color\" style=\"background-color: rgba(0, 0, 0, 0);\"><strong>Auteur<\/strong><\/mark><\/th><\/tr><\/thead><tbody><tr><td><strong>Association L\u2019Art du v\u00e9cu <\/strong><br><strong>Jacques Pithioud<\/strong><br><strong>Amandine Canovas<\/strong><br><strong>Glori Euvrard <\/strong><\/td><\/tr><\/tbody><\/table><\/figure>\n\n\n\n<figure class=\"wp-block-table\"><table><thead><tr><th><mark class=\"has-inline-color has-vivid-red-color\" style=\"background-color: rgba(0, 0, 0, 0);\"><strong>R\u00e9f\u00e9rence<\/strong><\/mark><\/th><\/tr><\/thead><tbody><tr><td><strong>RA018-16<\/strong><br>L&rsquo;Inattendu<br>Journ\u00e9es de Printemps 2022<\/td><\/tr><\/tbody><\/table><\/figure>\n\n\n\n<figure class=\"wp-block-table\"><table><thead><tr><th><mark class=\"has-inline-color has-vivid-red-color\" style=\"background-color: rgba(0, 0, 0, 0);\"><strong>Cat\u00e9gories<\/strong><\/mark><\/th><\/tr><\/thead><tbody><tr><td>Dispositif de m\u00e9diation<br>Th\u00e9\u00e2tre<\/td><\/tr><\/tbody><\/table><\/figure>\n<\/div>\n<\/div>\n","protected":false},"excerpt":{"rendered":"<p>Le Th\u00e9\u00e2tre du v\u00e9cu, cr\u00e9\u00e9 en&nbsp;2002 aux HUG de Gen\u00e8ve par le professeur Assal et Marcos Malavia, est un processus cr\u00e9atif capable de donner forme et corps \u00e0 une exp\u00e9rience pass\u00e9e difficile qui a pu \u00eatre refoul\u00e9e. Tout commence par l\u2019\u00e9criture d\u2019un texte relatant un v\u00e9cu personnel significatif. Les participants&hellip;<\/p>\n","protected":false},"author":2,"featured_media":0,"comment_status":"closed","ping_status":"open","sticky":false,"template":"","format":"standard","meta":{"pmpro_default_level":"","ngg_post_thumbnail":0,"footnotes":""},"categories":[446],"tags":[505,422,440,504],"class_list":["post-1647","post","type-post","status-publish","format-standard","hentry","category-association-lart-du-vecu","tag-dispositif-de-mediation","tag-linattendu","tag-ra018-16","tag-theatre","pmpro-has-access"],"_links":{"self":[{"href":"https:\/\/bibliotheque-sfpe-at.com\/index.php\/wp-json\/wp\/v2\/posts\/1647","targetHints":{"allow":["GET"]}}],"collection":[{"href":"https:\/\/bibliotheque-sfpe-at.com\/index.php\/wp-json\/wp\/v2\/posts"}],"about":[{"href":"https:\/\/bibliotheque-sfpe-at.com\/index.php\/wp-json\/wp\/v2\/types\/post"}],"author":[{"embeddable":true,"href":"https:\/\/bibliotheque-sfpe-at.com\/index.php\/wp-json\/wp\/v2\/users\/2"}],"replies":[{"embeddable":true,"href":"https:\/\/bibliotheque-sfpe-at.com\/index.php\/wp-json\/wp\/v2\/comments?post=1647"}],"version-history":[{"count":3,"href":"https:\/\/bibliotheque-sfpe-at.com\/index.php\/wp-json\/wp\/v2\/posts\/1647\/revisions"}],"predecessor-version":[{"id":4760,"href":"https:\/\/bibliotheque-sfpe-at.com\/index.php\/wp-json\/wp\/v2\/posts\/1647\/revisions\/4760"}],"wp:attachment":[{"href":"https:\/\/bibliotheque-sfpe-at.com\/index.php\/wp-json\/wp\/v2\/media?parent=1647"}],"wp:term":[{"taxonomy":"category","embeddable":true,"href":"https:\/\/bibliotheque-sfpe-at.com\/index.php\/wp-json\/wp\/v2\/categories?post=1647"},{"taxonomy":"post_tag","embeddable":true,"href":"https:\/\/bibliotheque-sfpe-at.com\/index.php\/wp-json\/wp\/v2\/tags?post=1647"}],"curies":[{"name":"wp","href":"https:\/\/api.w.org\/{rel}","templated":true}]}}