{"id":1649,"date":"2024-06-13T20:39:49","date_gmt":"2024-06-13T18:39:49","guid":{"rendered":"https:\/\/sfpe-at.com\/?p=1649"},"modified":"2025-03-25T20:04:09","modified_gmt":"2025-03-25T19:04:09","slug":"de-lhypnotherapie-a-lart-therapie-manifestations-inattendues-de-linconscient","status":"publish","type":"post","link":"https:\/\/bibliotheque-sfpe-at.com\/index.php\/2024\/06\/13\/de-lhypnotherapie-a-lart-therapie-manifestations-inattendues-de-linconscient\/","title":{"rendered":"De l\u2019hypnoth\u00e9rapie \u00e0 l\u2019art-th\u00e9rapie : manifestations inattendues de l\u2019inconscient"},"content":{"rendered":"\n<div class=\"wp-block-columns is-layout-flex wp-container-core-columns-is-layout-28f84493 wp-block-columns-is-layout-flex\">\n<div class=\"wp-block-column is-layout-flow wp-block-column-is-layout-flow\" style=\"flex-basis:66.66%\">\n<p>\u00c0 l\u2019origine de l\u2019histoire des psychoth\u00e9rapies et de la psychiatrie, l\u2019hypnose, avec tout son cort\u00e8ge de folklores mais aussi son efficacit\u00e9, a permis d\u2019asseoir nombre de nos pratiques, dont les art-th\u00e9rapies. Aujourd\u2019hui davantage qu\u2019hier, les effets inattendus, parfois nomm\u00e9s secondaires&nbsp;\/&nbsp;pluriels&nbsp;\/&nbsp;additionnels, apparaissent dans nos pratiques art-th\u00e9rapiques sous des vocables tels que <em>perlaboratio<\/em>, <em>insight<\/em> ou encore <em>eur\u00eaka<\/em>&nbsp;! Mais pouvons-nous les limiter \u00e0 de simples \u00e9ventuels constats, ponctuels et subreptices, alors qu\u2019ils ont une place majeure&nbsp;?<\/p>\n\n\n\n<p>Nous avons men\u00e9 un travail de recherche qualitatif sur ces dimensions toujours difficiles \u00e0 circonscrire. Si les r\u00e9sultats montrent non seulement que les effets th\u00e9rapeutiques sont tr\u00e8s majoritairement b\u00e9n\u00e9fiques, ils r\u00e9v\u00e8lent aussi qu\u2019ils tiennent dans les effets inattendus, et cela sur le long terme. Ces effets inattendus sont principalement de trois natures&nbsp;: le somatique (bien-\u00eatre, \u00e9nergie), l\u2019\u00e9motionnel (calme, sensibilit\u00e9 \u00e9motionnelle) et l\u2019image de soi (confiance en soi, contr\u00f4le de soi).<\/p>\n\n\n\n<p>L\u2019ensemble de ces r\u00e9sultats, qui impliquent des m\u00e9canismes&nbsp;\/&nbsp;processus de l\u2019inattendu de l\u2019attendu, et de l\u2019attendu de l\u2019inattendu, ont des applications&nbsp;\/&nbsp;implications dans la dynamique des art-th\u00e9rapies et th\u00e9rapies m\u00e9diatis\u00e9es. Nous illustrerons notre pr\u00e9sentation par des vignettes cliniques repr\u00e9sentatives.<\/p>\n\n\n\n<p class=\"has-text-color has-link-color wp-elements-0c5dd61414d2cb4c88e3596780dedeb0\" style=\"color:#2753a5\"><strong><em>Pour lire le texte complet <a href=\"\/index.php\/options-dinscription\/\"><mark style=\"background-color:rgba(0, 0, 0, 0)\" class=\"has-inline-color has-vivid-cyan-blue-color\">s&rsquo;inscrire<\/mark><\/a> ou <a href=\"\/index.php\/my-account\/edit-account\/\"><mark style=\"background-color:rgba(0, 0, 0, 0)\" class=\"has-inline-color has-vivid-cyan-blue-color\">se connecter<\/mark><\/a><\/em><\/strong><\/p>\n\n\n\n\n\n<div style=\"height:100px\" aria-hidden=\"true\" class=\"wp-block-spacer\"><\/div>\n\n\n\n<div class=\"wp-block-buttons is-content-justification-center is-layout-flex wp-container-core-buttons-is-layout-a89b3969 wp-block-buttons-is-layout-flex\">\n<div class=\"wp-block-button has-custom-font-size is-style-fill has-small-font-size\"><a class=\"wp-block-button__link has-vivid-red-background-color has-background wp-element-button\" href=\"\/index.php\/2022\/04\/03\/linattendu\/\">&lt;&#8211;retour<\/a><\/div>\n<\/div>\n<\/div>\n\n\n\n<div class=\"wp-block-column is-layout-flow wp-block-column-is-layout-flow\" style=\"flex-basis:33.33%\">\n<figure class=\"wp-block-table\"><table class=\"has-background\" style=\"background-color:#f8f2f2\"><thead><tr><th><mark class=\"has-inline-color has-vivid-red-color\" style=\"background-color: rgba(0, 0, 0, 0);\"><strong>Auteur<\/strong><\/mark><\/th><\/tr><\/thead><tbody><tr><td><strong>Arthur Becquignon<\/strong><br><strong>Z\u00e9\u00e9v Maoz<\/strong><br><strong>Jean-Luc Sudres<\/strong><\/td><\/tr><\/tbody><\/table><\/figure>\n\n\n\n<figure class=\"wp-block-table\"><table><thead><tr><th><mark class=\"has-inline-color has-vivid-red-color\" style=\"background-color: rgba(0, 0, 0, 0);\"><strong>R\u00e9f\u00e9rence<\/strong><\/mark><\/th><\/tr><\/thead><tbody><tr><td><strong>RA018-17<\/strong><br>L&rsquo;Inattendu<br>Journ\u00e9es de Printemps 2022<\/td><\/tr><\/tbody><\/table><\/figure>\n\n\n\n<figure class=\"wp-block-table\"><table><thead><tr><th><mark class=\"has-inline-color has-vivid-red-color\" style=\"background-color: rgba(0, 0, 0, 0);\"><strong>Cat\u00e9gories<\/strong><\/mark><\/th><\/tr><\/thead><tbody><tr><td>Art-th\u00e9rapie<br>Evaluation<\/td><\/tr><\/tbody><\/table><\/figure>\n<\/div>\n<\/div>\n","protected":false},"excerpt":{"rendered":"<p>\u00c0 l\u2019origine de l\u2019histoire des psychoth\u00e9rapies et de la psychiatrie, l\u2019hypnose, avec tout son cort\u00e8ge de folklores mais aussi son efficacit\u00e9, a permis d\u2019asseoir nombre de nos pratiques, dont les art-th\u00e9rapies. Aujourd\u2019hui davantage qu\u2019hier, les effets inattendus, parfois nomm\u00e9s secondaires&nbsp;\/&nbsp;pluriels&nbsp;\/&nbsp;additionnels, apparaissent dans nos pratiques art-th\u00e9rapiques sous des vocables tels que&hellip;<\/p>\n","protected":false},"author":2,"featured_media":0,"comment_status":"closed","ping_status":"open","sticky":false,"template":"","format":"standard","meta":{"pmpro_default_level":"","ngg_post_thumbnail":0,"footnotes":""},"categories":[449,450,451],"tags":[492,561,422,442],"class_list":["post-1649","post","type-post","status-publish","format-standard","hentry","category-becquignon-arthur","category-maoz-zeev","category-sudres-jean-luc","tag-art-therapie","tag-evaluation","tag-linattendu","tag-ra018-17","pmpro-has-access"],"_links":{"self":[{"href":"https:\/\/bibliotheque-sfpe-at.com\/index.php\/wp-json\/wp\/v2\/posts\/1649","targetHints":{"allow":["GET"]}}],"collection":[{"href":"https:\/\/bibliotheque-sfpe-at.com\/index.php\/wp-json\/wp\/v2\/posts"}],"about":[{"href":"https:\/\/bibliotheque-sfpe-at.com\/index.php\/wp-json\/wp\/v2\/types\/post"}],"author":[{"embeddable":true,"href":"https:\/\/bibliotheque-sfpe-at.com\/index.php\/wp-json\/wp\/v2\/users\/2"}],"replies":[{"embeddable":true,"href":"https:\/\/bibliotheque-sfpe-at.com\/index.php\/wp-json\/wp\/v2\/comments?post=1649"}],"version-history":[{"count":3,"href":"https:\/\/bibliotheque-sfpe-at.com\/index.php\/wp-json\/wp\/v2\/posts\/1649\/revisions"}],"predecessor-version":[{"id":4761,"href":"https:\/\/bibliotheque-sfpe-at.com\/index.php\/wp-json\/wp\/v2\/posts\/1649\/revisions\/4761"}],"wp:attachment":[{"href":"https:\/\/bibliotheque-sfpe-at.com\/index.php\/wp-json\/wp\/v2\/media?parent=1649"}],"wp:term":[{"taxonomy":"category","embeddable":true,"href":"https:\/\/bibliotheque-sfpe-at.com\/index.php\/wp-json\/wp\/v2\/categories?post=1649"},{"taxonomy":"post_tag","embeddable":true,"href":"https:\/\/bibliotheque-sfpe-at.com\/index.php\/wp-json\/wp\/v2\/tags?post=1649"}],"curies":[{"name":"wp","href":"https:\/\/api.w.org\/{rel}","templated":true}]}}