{"id":1651,"date":"2024-06-13T20:45:11","date_gmt":"2024-06-13T18:45:11","guid":{"rendered":"https:\/\/sfpe-at.com\/?p=1651"},"modified":"2025-03-25T20:04:45","modified_gmt":"2025-03-25T19:04:45","slug":"pas-toucher-film","status":"publish","type":"post","link":"https:\/\/bibliotheque-sfpe-at.com\/index.php\/2024\/06\/13\/pas-toucher-film\/","title":{"rendered":"Pas toucher (film)"},"content":{"rendered":"\n<div class=\"wp-block-columns is-layout-flex wp-container-core-columns-is-layout-28f84493 wp-block-columns-is-layout-flex\">\n<div class=\"wp-block-column is-layout-flow wp-block-column-is-layout-flow\" style=\"flex-basis:66.66%\">\n<p>En&nbsp;2020 et&nbsp;2021, l\u2019inattendu pour tous, c\u2019\u00e9tait cette pand\u00e9mie et toutes les mesures de distanciation sociale.<\/p>\n\n\n\n<p>Comment chacun des acteurs, danseurs, musiciens\u2026 de l\u2019unit\u00e9 de th\u00e9rapies m\u00e9diatis\u00e9es Carrefour des expressions pouvait-il r\u00e9agir face \u00e0 ces contraintes&nbsp;? En r\u00e9inventant le lien dans les ateliers et en imaginant le sc\u00e9nario d\u2019un film, en y jouant un r\u00f4le, en le r\u00e9alisant et en le montant avant la projection au grand public. Sur le th\u00e8me, \u00e9videmment, de l\u2019absence de contacts physiques.<\/p>\n\n\n\n<p>Et l\u2019inattendu, c\u2019est aussi pour certains dans la perception d\u2019eux-m\u00eames sur un grand \u00e9cran, avec un travail de r\u00e9appropriation ou un d\u00e9sir de changement.<\/p>\n\n\n\n<p class=\"has-text-color has-link-color wp-elements-0c5dd61414d2cb4c88e3596780dedeb0\" style=\"color:#2753a5\"><strong><em>Pour lire le texte complet <a href=\"\/index.php\/options-dinscription\/\"><mark style=\"background-color:rgba(0, 0, 0, 0)\" class=\"has-inline-color has-vivid-cyan-blue-color\">s&rsquo;inscrire<\/mark><\/a> ou <a href=\"\/index.php\/my-account\/edit-account\/\"><mark style=\"background-color:rgba(0, 0, 0, 0)\" class=\"has-inline-color has-vivid-cyan-blue-color\">se connecter<\/mark><\/a><\/em><\/strong><\/p>\n\n\n\n\n\n<div style=\"height:100px\" aria-hidden=\"true\" class=\"wp-block-spacer\"><\/div>\n\n\n\n<div class=\"wp-block-buttons is-content-justification-center is-layout-flex wp-container-core-buttons-is-layout-a89b3969 wp-block-buttons-is-layout-flex\">\n<div class=\"wp-block-button has-custom-font-size is-style-fill has-small-font-size\"><a class=\"wp-block-button__link has-vivid-red-background-color has-background wp-element-button\" href=\"\/index.php\/2022\/04\/03\/linattendu\/\">&lt;&#8211;retour<\/a><\/div>\n<\/div>\n<\/div>\n\n\n\n<div class=\"wp-block-column is-layout-flow wp-block-column-is-layout-flow\" style=\"flex-basis:33.33%\">\n<figure class=\"wp-block-table\"><table class=\"has-background\" style=\"background-color:#f8f2f2\"><thead><tr><th><mark class=\"has-inline-color has-vivid-red-color\" style=\"background-color: rgba(0, 0, 0, 0);\"><strong>Auteur<\/strong><\/mark><\/th><\/tr><\/thead><tbody><tr><td><strong>Mich\u00e8le Bareil-Gu\u00e9rin<\/strong><\/td><\/tr><\/tbody><\/table><\/figure>\n\n\n\n<figure class=\"wp-block-table\"><table><thead><tr><th><mark class=\"has-inline-color has-vivid-red-color\" style=\"background-color: rgba(0, 0, 0, 0);\"><strong>R\u00e9f\u00e9rence<\/strong><\/mark><\/th><\/tr><\/thead><tbody><tr><td><strong>RA018-18<\/strong><br>L&rsquo;Inattendu<br>Journ\u00e9es de Printemps 2022<\/td><\/tr><\/tbody><\/table><\/figure>\n\n\n\n<figure class=\"wp-block-table\"><table><thead><tr><th><mark class=\"has-inline-color has-vivid-red-color\" style=\"background-color: rgba(0, 0, 0, 0);\"><strong>Cat\u00e9gories<\/strong><\/mark><\/th><\/tr><\/thead><tbody><tr><td>Art-th\u00e9rapie<br>Dispositif de m\u00e9diation<br>Th\u00e9\u00e2tre<br>Vid\u00e9o<br>Mus\u00e9e, exposition, spectacle<\/td><\/tr><\/tbody><\/table><\/figure>\n<\/div>\n<\/div>\n","protected":false},"excerpt":{"rendered":"<p>En&nbsp;2020 et&nbsp;2021, l\u2019inattendu pour tous, c\u2019\u00e9tait cette pand\u00e9mie et toutes les mesures de distanciation sociale. Comment chacun des acteurs, danseurs, musiciens\u2026 de l\u2019unit\u00e9 de th\u00e9rapies m\u00e9diatis\u00e9es Carrefour des expressions pouvait-il r\u00e9agir face \u00e0 ces contraintes&nbsp;? En r\u00e9inventant le lien dans les ateliers et en imaginant le sc\u00e9nario d\u2019un film, en&hellip;<\/p>\n","protected":false},"author":2,"featured_media":0,"comment_status":"closed","ping_status":"open","sticky":false,"template":"","format":"standard","meta":{"pmpro_default_level":"","ngg_post_thumbnail":0,"footnotes":""},"categories":[453],"tags":[492,505,422,571,820,504,499],"class_list":["post-1651","post","type-post","status-publish","format-standard","hentry","category-bareil-guerin-michele","tag-art-therapie","tag-dispositif-de-mediation","tag-linattendu","tag-musees-expositions-spectacles","tag-ra018-18","tag-theatre","tag-video","pmpro-has-access"],"_links":{"self":[{"href":"https:\/\/bibliotheque-sfpe-at.com\/index.php\/wp-json\/wp\/v2\/posts\/1651","targetHints":{"allow":["GET"]}}],"collection":[{"href":"https:\/\/bibliotheque-sfpe-at.com\/index.php\/wp-json\/wp\/v2\/posts"}],"about":[{"href":"https:\/\/bibliotheque-sfpe-at.com\/index.php\/wp-json\/wp\/v2\/types\/post"}],"author":[{"embeddable":true,"href":"https:\/\/bibliotheque-sfpe-at.com\/index.php\/wp-json\/wp\/v2\/users\/2"}],"replies":[{"embeddable":true,"href":"https:\/\/bibliotheque-sfpe-at.com\/index.php\/wp-json\/wp\/v2\/comments?post=1651"}],"version-history":[{"count":3,"href":"https:\/\/bibliotheque-sfpe-at.com\/index.php\/wp-json\/wp\/v2\/posts\/1651\/revisions"}],"predecessor-version":[{"id":4762,"href":"https:\/\/bibliotheque-sfpe-at.com\/index.php\/wp-json\/wp\/v2\/posts\/1651\/revisions\/4762"}],"wp:attachment":[{"href":"https:\/\/bibliotheque-sfpe-at.com\/index.php\/wp-json\/wp\/v2\/media?parent=1651"}],"wp:term":[{"taxonomy":"category","embeddable":true,"href":"https:\/\/bibliotheque-sfpe-at.com\/index.php\/wp-json\/wp\/v2\/categories?post=1651"},{"taxonomy":"post_tag","embeddable":true,"href":"https:\/\/bibliotheque-sfpe-at.com\/index.php\/wp-json\/wp\/v2\/tags?post=1651"}],"curies":[{"name":"wp","href":"https:\/\/api.w.org\/{rel}","templated":true}]}}