{"id":1655,"date":"2024-06-13T20:52:51","date_gmt":"2024-06-13T18:52:51","guid":{"rendered":"https:\/\/sfpe-at.com\/?p=1655"},"modified":"2025-03-25T20:07:31","modified_gmt":"2025-03-25T19:07:31","slug":"linattendu-une-chose-qui-pense","status":"publish","type":"post","link":"https:\/\/bibliotheque-sfpe-at.com\/index.php\/2024\/06\/13\/linattendu-une-chose-qui-pense\/","title":{"rendered":"L\u2019inattendu, une chose qui pense\u00a0?"},"content":{"rendered":"\n<div class=\"wp-block-columns is-layout-flex wp-container-core-columns-is-layout-28f84493 wp-block-columns-is-layout-flex\">\n<div class=\"wp-block-column is-layout-flow wp-block-column-is-layout-flow\" style=\"flex-basis:66.66%\">\n<p>Qu\u2019est-ce que l\u2019inattendu, si ce n\u2019est sa d\u00e9finition, tout du moins sa perception&nbsp;? L\u2019inattendu \u00e9tant du c\u00f4t\u00e9 de la ph\u00e9nom\u00e9nologie, il s\u2019agirait alors de d\u00e9crire ce qui advient au-devant de nous. Car il s\u2019agit toujours soit d\u2019un acte, soit d\u2019un \u00e9v\u00e9nement. Mais, au-del\u00e0 de ce principe ph\u00e9nom\u00e9nologique, comment saisir ce qui advient dans l\u2019inattendu&nbsp;? Il y aurait comme un renversement d\u2019ant\u00e9riorit\u00e9 de la pens\u00e9e. Ce qui est inattendu est pens\u00e9 avant nous, la chose surgissante est pens\u00e9e, elle pense. Elle pense et nous invite en miroir \u00e0 penser sa chose. La chose s\u2019apparenterait \u00e0 la Chose en soi de Kant, socle ind\u00e9finissable du ph\u00e9nom\u00e8ne et, parall\u00e8lement, \u00e9galement \u00e0 la Chose lacanienne.<\/p>\n\n\n\n<p>De quelle mani\u00e8re la chose peut-elle penser avant que nous la pensions&nbsp;? Le champ scopique n\u2019est point uniquement un champ de repr\u00e9sentation. La chose nous regarde, et ce regard est d\u2019autant plus fort et imm\u00e9diat, inattendu, lorsque les deux regards en miroir s\u2019accommodent premi\u00e8rement d\u2019une conformit\u00e9 ou d\u2019un accordage du champ scopique.<\/p>\n\n\n\n<p>L\u2019art-th\u00e9rapie, le mot m\u00eame pour lequel en France le trait d\u2019union est pr\u00e9sent, aurait-il une valeur d\u2019inattendu&nbsp;? La chose Art, inattendue dans sa projection, est-elle d\u00e9j\u00e0 concevante avant la fonction th\u00e9rapeutique&nbsp;? La fonction de l\u2019art-th\u00e9rapie est essentiellement de consid\u00e9rer l\u2019inattendu, non comme une surprise, mais comme langage de la chose qui pense avant nous, qui se pr\u00e9sente, car elle a \u00e0 dire du sujet du patient hors toute forme englobante.<\/p>\n\n\n\n<p class=\"has-text-color has-link-color wp-elements-0c5dd61414d2cb4c88e3596780dedeb0\" style=\"color:#2753a5\"><strong><em>Pour lire le texte complet <a href=\"\/index.php\/options-dinscription\/\"><mark style=\"background-color:rgba(0, 0, 0, 0)\" class=\"has-inline-color has-vivid-cyan-blue-color\">s&rsquo;inscrire<\/mark><\/a> ou <a href=\"\/index.php\/my-account\/edit-account\/\"><mark style=\"background-color:rgba(0, 0, 0, 0)\" class=\"has-inline-color has-vivid-cyan-blue-color\">se connecter<\/mark><\/a><\/em><\/strong><\/p>\n\n\n\n\n\n<div style=\"height:100px\" aria-hidden=\"true\" class=\"wp-block-spacer\"><\/div>\n\n\n\n<div class=\"wp-block-buttons is-content-justification-center is-layout-flex wp-container-core-buttons-is-layout-a89b3969 wp-block-buttons-is-layout-flex\">\n<div class=\"wp-block-button has-custom-font-size is-style-fill has-small-font-size\"><a class=\"wp-block-button__link has-vivid-red-background-color has-background wp-element-button\" href=\"\/index.php\/2022\/04\/03\/linattendu\/\">&lt;&#8211;retour<\/a><\/div>\n<\/div>\n<\/div>\n\n\n\n<div class=\"wp-block-column is-layout-flow wp-block-column-is-layout-flow\" style=\"flex-basis:33.33%\">\n<figure class=\"wp-block-table\"><table class=\"has-background\" style=\"background-color:#f8f2f2\"><thead><tr><th><mark class=\"has-inline-color has-vivid-red-color\" style=\"background-color: rgba(0, 0, 0, 0);\"><strong>Auteur<\/strong><\/mark><\/th><\/tr><\/thead><tbody><tr><td><strong>Olivier Saint-Pierre<\/strong><\/td><\/tr><\/tbody><\/table><\/figure>\n\n\n\n<figure class=\"wp-block-table\"><table><thead><tr><th><mark class=\"has-inline-color has-vivid-red-color\" style=\"background-color: rgba(0, 0, 0, 0);\"><strong>R\u00e9f\u00e9rence<\/strong><\/mark><\/th><\/tr><\/thead><tbody><tr><td><strong>RA018-20<\/strong><br>L&rsquo;Inattendu<br>Journ\u00e9es de Printemps 2022<\/td><\/tr><\/tbody><\/table><\/figure>\n\n\n\n<figure class=\"wp-block-table\"><table><thead><tr><th><mark class=\"has-inline-color has-vivid-red-color\" style=\"background-color: rgba(0, 0, 0, 0);\"><strong>Cat\u00e9gories<\/strong><\/mark><\/th><\/tr><\/thead><tbody><tr><td>Ph\u00e9nom\u00e9nologie<br>Esth\u00e9tique<br>Photographie<\/td><\/tr><\/tbody><\/table><\/figure>\n<\/div>\n<\/div>\n","protected":false},"excerpt":{"rendered":"<p>Qu\u2019est-ce que l\u2019inattendu, si ce n\u2019est sa d\u00e9finition, tout du moins sa perception&nbsp;? L\u2019inattendu \u00e9tant du c\u00f4t\u00e9 de la ph\u00e9nom\u00e9nologie, il s\u2019agirait alors de d\u00e9crire ce qui advient au-devant de nous. Car il s\u2019agit toujours soit d\u2019un acte, soit d\u2019un \u00e9v\u00e9nement. Mais, au-del\u00e0 de ce principe ph\u00e9nom\u00e9nologique, comment saisir ce&hellip;<\/p>\n","protected":false},"author":2,"featured_media":0,"comment_status":"closed","ping_status":"open","sticky":false,"template":"","format":"standard","meta":{"pmpro_default_level":"","ngg_post_thumbnail":0,"footnotes":""},"categories":[95],"tags":[491,422,486,514,448],"class_list":["post-1655","post","type-post","status-publish","format-standard","hentry","category-saint-pierre-olivier","tag-esthetique","tag-linattendu","tag-phenomenologie","tag-photographie","tag-ra018-20","pmpro-has-access"],"_links":{"self":[{"href":"https:\/\/bibliotheque-sfpe-at.com\/index.php\/wp-json\/wp\/v2\/posts\/1655","targetHints":{"allow":["GET"]}}],"collection":[{"href":"https:\/\/bibliotheque-sfpe-at.com\/index.php\/wp-json\/wp\/v2\/posts"}],"about":[{"href":"https:\/\/bibliotheque-sfpe-at.com\/index.php\/wp-json\/wp\/v2\/types\/post"}],"author":[{"embeddable":true,"href":"https:\/\/bibliotheque-sfpe-at.com\/index.php\/wp-json\/wp\/v2\/users\/2"}],"replies":[{"embeddable":true,"href":"https:\/\/bibliotheque-sfpe-at.com\/index.php\/wp-json\/wp\/v2\/comments?post=1655"}],"version-history":[{"count":3,"href":"https:\/\/bibliotheque-sfpe-at.com\/index.php\/wp-json\/wp\/v2\/posts\/1655\/revisions"}],"predecessor-version":[{"id":4765,"href":"https:\/\/bibliotheque-sfpe-at.com\/index.php\/wp-json\/wp\/v2\/posts\/1655\/revisions\/4765"}],"wp:attachment":[{"href":"https:\/\/bibliotheque-sfpe-at.com\/index.php\/wp-json\/wp\/v2\/media?parent=1655"}],"wp:term":[{"taxonomy":"category","embeddable":true,"href":"https:\/\/bibliotheque-sfpe-at.com\/index.php\/wp-json\/wp\/v2\/categories?post=1655"},{"taxonomy":"post_tag","embeddable":true,"href":"https:\/\/bibliotheque-sfpe-at.com\/index.php\/wp-json\/wp\/v2\/tags?post=1655"}],"curies":[{"name":"wp","href":"https:\/\/api.w.org\/{rel}","templated":true}]}}