{"id":1663,"date":"2024-06-07T17:42:47","date_gmt":"2024-06-07T15:42:47","guid":{"rendered":"https:\/\/sfpe-at.com\/?p=1663"},"modified":"2025-01-19T19:54:44","modified_gmt":"2025-01-19T18:54:44","slug":"mesure-du-chaos","status":"publish","type":"post","link":"https:\/\/bibliotheque-sfpe-at.com\/index.php\/2024\/06\/07\/mesure-du-chaos\/","title":{"rendered":"Mesure du chaos"},"content":{"rendered":"\n<div class=\"wp-block-columns is-layout-flex wp-container-core-columns-is-layout-28f84493 wp-block-columns-is-layout-flex\">\n<div class=\"wp-block-column is-layout-flow wp-block-column-is-layout-flow\" style=\"flex-basis:66.66%\"><\/div>\n\n\n\n<div class=\"wp-block-column is-layout-flow wp-block-column-is-layout-flow\" style=\"flex-basis:33.33%\"><\/div>\n<\/div>\n\n\n\n<div class=\"wp-block-columns is-layout-flex wp-container-core-columns-is-layout-28f84493 wp-block-columns-is-layout-flex\">\n<div class=\"wp-block-column is-layout-flow wp-block-column-is-layout-flow\" style=\"flex-basis:66.66%\">\n<p>Quelle diff\u00e9rence y a-t-il entre un kilo de plumes, plus l\u00e9ger \u00e0 l\u2019oreille qu\u2019un kilo de plomb, et un train de mesures coercitives&nbsp;? Quelle contenance adopter devant un contenu qui nous d\u00e9sempare et de quelles mesures parlons-nous d\u00e8s lors qu\u2019il s\u2019agit de mesurer le tissu de nos r\u00eaves&nbsp;? L\u2019aboiement d\u2019un chien, le souffle du vieillard qui meurt, l\u2019absence d\u2019hospitalit\u00e9 \u00e0 l\u2019h\u00f4pital sont-ils exprimables en \u00e9motions ou en \u00e9quations, en courbes d\u00e9chiffr\u00e9es ou en algorithmes&nbsp;? Les v\u00eatements num\u00e9riques enveloppent notre conscience en esquissant la direction de nos soupirs et de nos murmures. Quelles balances p\u00e8sent donc nos consciences \u00e0 la mesure de l\u2019\u0153uvre en gestation d\u00e9j\u00e0 depuis nos souvenirs d\u2019enfance&nbsp;? La mesure est toujours relative car tout est impermanent. Quelle prise de parole saluera l\u2019hubris qui agite le corps social&nbsp;? Quel \u00e9clat de rire devant les vertiges et les pouss\u00e9es technologiques fr\u00e9n\u00e9tiques donnera aux uns et aux autres le d\u00e9sir de trouver \u00ab&nbsp;le courage d\u2019exprimer son chagrin&nbsp;\u00bb&nbsp;?<\/p>\n\n\n\n<p>Dans les petits po\u00e8mes en prose de Baudelaire ainsi que dans l\u2019\u0153uvre d\u2019Edgar Allan Poe, les fragments d\u2019une vision id\u00e9ale de l\u2019atelier d\u2019art et th\u00e9rapie peuvent, confront\u00e9s avec la couleur, la musique, les gestes, les dialogues, \u00eatre transform\u00e9s \u00e0 la lumi\u00e8re d\u00e9pos\u00e9e en ce lieu par les Muses.<\/p>\n\n\n\n<p>\u00c0 nous de reconna\u00eetre \u00e0 quel point du processus, gr\u00e2ce aux r\u00e8gles esth\u00e9tiques \u00e9labor\u00e9es par nos a\u00efeux, nous sommes oblig\u00e9s, fid\u00e8les aux valeurs humaines universelles, de r\u00e9inventer constamment notre r\u00e9flexion, nos \u00e9prouv\u00e9s, nos \u00e9changes et notre pratique, tant que la vie est pr\u00e9sente.<\/p>\n\n\n\n<p><strong><em>Pour lire le texte complet <a href=\"\/index.php\/options-dinscription\/\"><mark style=\"background-color:rgba(0, 0, 0, 0)\" class=\"has-inline-color has-vivid-cyan-blue-color\">s&rsquo;inscrire<\/mark><\/a> ou <a href=\"\/index.php\/my-account\/edit-account\/\"><mark style=\"background-color:rgba(0, 0, 0, 0)\" class=\"has-inline-color has-vivid-cyan-blue-color\">se connecter<\/mark><\/a><\/em><\/strong><\/p>\n\n\n\n\n\n<div style=\"height:100px\" aria-hidden=\"true\" class=\"wp-block-spacer\"><\/div>\n\n\n\n<div class=\"wp-block-buttons is-content-justification-center is-layout-flex wp-container-core-buttons-is-layout-a89b3969 wp-block-buttons-is-layout-flex\">\n<div class=\"wp-block-button has-custom-font-size has-small-font-size\"><a class=\"wp-block-button__link has-vivid-red-background-color has-background wp-element-button\" href=\"\/index.php\/2022\/11\/03\/mesure-et-demesure\/\">&lt;&#8211; retour<\/a><\/div>\n<\/div>\n<\/div>\n\n\n\n<div class=\"wp-block-column is-layout-flow wp-block-column-is-layout-flow\" style=\"flex-basis:33.33%\">\n<figure class=\"wp-block-table\"><table class=\"has-background\" style=\"background-color:#f8f2f2\"><thead><tr><th><mark style=\"background-color:rgba(0, 0, 0, 0)\" class=\"has-inline-color has-vivid-red-color\"><strong>Auteur<\/strong><\/mark><\/th><\/tr><\/thead><tbody><tr><td><strong>Fran\u00e7ois Schneider<\/strong><\/td><\/tr><\/tbody><\/table><\/figure>\n\n\n\n<figure class=\"wp-block-table\"><table><thead><tr><th><mark style=\"background-color:rgba(0, 0, 0, 0)\" class=\"has-inline-color has-vivid-red-color\"><strong>R\u00e9f\u00e9rence<\/strong><\/mark><\/th><\/tr><\/thead><tbody><tr><td><strong>RA019-07<\/strong><br><strong>Mesure D\u00e9mesure<\/strong><br>Journ\u00e9es d\u2019Automne 2022<\/td><\/tr><\/tbody><\/table><\/figure>\n\n\n\n<figure class=\"wp-block-table\"><table><thead><tr><th><mark style=\"background-color:rgba(0, 0, 0, 0)\" class=\"has-inline-color has-vivid-red-color\"><strong>Cat\u00e9gories<\/strong><\/mark><\/th><\/tr><\/thead><tbody><tr><td>Art-th\u00e9rapie<br>Histoire<br>Psychiatrie<br>Psychopathologie de l\u2019expression<\/td><\/tr><\/tbody><\/table><\/figure>\n<\/div>\n<\/div>\n","protected":false},"excerpt":{"rendered":"<p>Quelle diff\u00e9rence y a-t-il entre un kilo de plumes, plus l\u00e9ger \u00e0 l\u2019oreille qu\u2019un kilo de plomb, et un train de mesures coercitives&nbsp;? Quelle contenance adopter devant un contenu qui nous d\u00e9sempare et de quelles mesures parlons-nous d\u00e8s lors qu\u2019il s\u2019agit de mesurer le tissu de nos r\u00eaves&nbsp;? L\u2019aboiement d\u2019un&hellip;<\/p>\n","protected":false},"author":2,"featured_media":0,"comment_status":"closed","ping_status":"open","sticky":false,"template":"","format":"standard","meta":{"pmpro_default_level":"","ngg_post_thumbnail":0,"footnotes":""},"categories":[238],"tags":[492,575,25,574,488,458],"class_list":["post-1663","post","type-post","status-publish","format-standard","hentry","category-schneider-francois","tag-art-therapie","tag-histoire","tag-mesure-demesure","tag-psychiatrie","tag-psychopathologie-de-lexpression","tag-ra019-07","pmpro-has-access"],"_links":{"self":[{"href":"https:\/\/bibliotheque-sfpe-at.com\/index.php\/wp-json\/wp\/v2\/posts\/1663","targetHints":{"allow":["GET"]}}],"collection":[{"href":"https:\/\/bibliotheque-sfpe-at.com\/index.php\/wp-json\/wp\/v2\/posts"}],"about":[{"href":"https:\/\/bibliotheque-sfpe-at.com\/index.php\/wp-json\/wp\/v2\/types\/post"}],"author":[{"embeddable":true,"href":"https:\/\/bibliotheque-sfpe-at.com\/index.php\/wp-json\/wp\/v2\/users\/2"}],"replies":[{"embeddable":true,"href":"https:\/\/bibliotheque-sfpe-at.com\/index.php\/wp-json\/wp\/v2\/comments?post=1663"}],"version-history":[{"count":3,"href":"https:\/\/bibliotheque-sfpe-at.com\/index.php\/wp-json\/wp\/v2\/posts\/1663\/revisions"}],"predecessor-version":[{"id":3194,"href":"https:\/\/bibliotheque-sfpe-at.com\/index.php\/wp-json\/wp\/v2\/posts\/1663\/revisions\/3194"}],"wp:attachment":[{"href":"https:\/\/bibliotheque-sfpe-at.com\/index.php\/wp-json\/wp\/v2\/media?parent=1663"}],"wp:term":[{"taxonomy":"category","embeddable":true,"href":"https:\/\/bibliotheque-sfpe-at.com\/index.php\/wp-json\/wp\/v2\/categories?post=1663"},{"taxonomy":"post_tag","embeddable":true,"href":"https:\/\/bibliotheque-sfpe-at.com\/index.php\/wp-json\/wp\/v2\/tags?post=1663"}],"curies":[{"name":"wp","href":"https:\/\/api.w.org\/{rel}","templated":true}]}}