{"id":1669,"date":"2024-06-10T17:47:21","date_gmt":"2024-06-10T15:47:21","guid":{"rendered":"https:\/\/sfpe-at.com\/?p=1669"},"modified":"2025-01-19T20:01:27","modified_gmt":"2025-01-19T19:01:27","slug":"albert-camus-le-soleil-de-midi-le-juste","status":"publish","type":"post","link":"https:\/\/bibliotheque-sfpe-at.com\/index.php\/2024\/06\/10\/albert-camus-le-soleil-de-midi-le-juste\/","title":{"rendered":"Albert Camus, le soleil de \u00ab\u00a0Midi le juste\u00a0\u00bb"},"content":{"rendered":"\n<div class=\"wp-block-columns is-layout-flex wp-container-core-columns-is-layout-28f84493 wp-block-columns-is-layout-flex\">\n<div class=\"wp-block-column is-layout-flow wp-block-column-is-layout-flow\" style=\"flex-basis:66.66%\"><\/div>\n\n\n\n<div class=\"wp-block-column is-layout-flow wp-block-column-is-layout-flow\" style=\"flex-basis:33.33%\"><\/div>\n<\/div>\n\n\n\n<div class=\"wp-block-columns is-layout-flex wp-container-core-columns-is-layout-28f84493 wp-block-columns-is-layout-flex\">\n<div class=\"wp-block-column is-layout-flow wp-block-column-is-layout-flow\" style=\"flex-basis:66.66%\">\n<p>Albert Camus, lecteur d\u2019H\u00e9raclite dont il aime la difficile conciliation des contraires, auteur d\u2019une th\u00e8se sur Plotin et passionn\u00e9 d\u2019Eschyle, est un h\u00e9ritier de la pens\u00e9e grecque qui fait de la mesure un id\u00e9al architectural, \u00e9thique et philosophique. Cette <em>mesotes<\/em>, ou juste mesure, selon le terme grec employ\u00e9 par Aristote dans l\u2019<em>\u00c9thique \u00e0 Nicomaque<\/em>, est le lieu d\u2019une tension entre des exc\u00e8s, d\u2019un \u00e9quilibre entre des forces antagonistes, d\u2019un cheminement qui m\u00e8ne de l\u2019hybris \u00e0 la temp\u00e9rance.<\/p>\n\n\n\n<p>Mais, comme les Grecs, Camus n\u2019est-il pas fascin\u00e9 par la d\u00e9mesure&nbsp;? Quand, dans <em>Noces<\/em> en&nbsp;1937, il c\u00e9l\u00e8bre son union vitale avec les forces de la nature, au milieu des ruines de Tipasa, ne se peint-il pas en Dionysos&nbsp;? Et en Prom\u00e9th\u00e9e quand, en&nbsp;1946, il se r\u00e9volte contre les violences de l\u2019histoire dans <em>Prom\u00e9<\/em><em>th<\/em><em>\u00e9e aux Enfers<\/em>, ou qu\u2019il s\u2019insurge contre la laideur de l\u2019Europe dans <em>L<\/em><em>\u2019<\/em><em>Exil d<\/em><em>\u2019<\/em><em>H\u00e9l<\/em><em>\u00e8<\/em><em>ne<\/em> en&nbsp;1948&nbsp;? L\u2019\u0153uvre de Camus se construira sur la recherche continuelle de ce point d\u2019\u00e9quilibre de la mesure grecque contre les figures de la d\u00e9mesure. Et c\u2019est dans la conclusion de <em>L<\/em><em>\u2019<\/em><em>Homme r\u00e9<\/em><em>volt<\/em><em>\u00e9<\/em> en&nbsp;1951 qu\u2019il opte pour Ulysse et pour \u00ab&nbsp;la pens\u00e9e de midi&nbsp;\u00bb, solution humaniste aux impasses politiques, \u00e9thiques et esth\u00e9tiques de son \u00e9poque.<\/p>\n\n\n\n<p><strong><em>Pour lire le texte complet <a href=\"\/index.php\/options-dinscription\/\"><mark style=\"background-color:rgba(0, 0, 0, 0)\" class=\"has-inline-color has-vivid-cyan-blue-color\">s&rsquo;inscrire<\/mark><\/a> ou <a href=\"\/index.php\/my-account\/edit-account\/\"><mark style=\"background-color:rgba(0, 0, 0, 0)\" class=\"has-inline-color has-vivid-cyan-blue-color\">se connecter<\/mark><\/a><\/em><\/strong><\/p>\n\n\n\n\n\n<div style=\"height:100px\" aria-hidden=\"true\" class=\"wp-block-spacer\"><\/div>\n\n\n\n<div class=\"wp-block-buttons is-content-justification-center is-layout-flex wp-container-core-buttons-is-layout-a89b3969 wp-block-buttons-is-layout-flex\">\n<div class=\"wp-block-button has-custom-font-size has-small-font-size\"><a class=\"wp-block-button__link has-vivid-red-background-color has-background wp-element-button\" href=\"\/index.php\/2022\/11\/03\/mesure-et-demesure\/\">&lt;&#8211; retour<\/a><\/div>\n<\/div>\n<\/div>\n\n\n\n<div class=\"wp-block-column is-layout-flow wp-block-column-is-layout-flow\" style=\"flex-basis:33.33%\">\n<figure class=\"wp-block-table\"><table class=\"has-background\" style=\"background-color:#f8f2f2\"><thead><tr><th><mark style=\"background-color:rgba(0, 0, 0, 0)\" class=\"has-inline-color has-vivid-red-color\"><strong>Auteur<\/strong><\/mark><\/th><\/tr><\/thead><tbody><tr><td><strong>Sylvie Cassayre<\/strong><\/td><\/tr><\/tbody><\/table><\/figure>\n\n\n\n<figure class=\"wp-block-table\"><table><thead><tr><th><mark style=\"background-color:rgba(0, 0, 0, 0)\" class=\"has-inline-color has-vivid-red-color\"><strong>R\u00e9f\u00e9rence<\/strong><\/mark><\/th><\/tr><\/thead><tbody><tr><td><strong>RA019-09<\/strong><br><strong>Mesure D\u00e9mesure<\/strong><br>Journ\u00e9es d\u2019Automne 2022<\/td><\/tr><\/tbody><\/table><\/figure>\n\n\n\n<figure class=\"wp-block-table\"><table><thead><tr><th><mark style=\"background-color:rgba(0, 0, 0, 0)\" class=\"has-inline-color has-vivid-red-color\"><strong>Cat\u00e9gories<\/strong><\/mark><\/th><\/tr><\/thead><tbody><tr><td>Art<br>Litt\u00e9rature<br>Mythologie<br>Philosophie<br>Po\u00e9sie<\/td><\/tr><\/tbody><\/table><\/figure>\n<\/div>\n<\/div>\n","protected":false},"excerpt":{"rendered":"<p>Albert Camus, lecteur d\u2019H\u00e9raclite dont il aime la difficile conciliation des contraires, auteur d\u2019une th\u00e8se sur Plotin et passionn\u00e9 d\u2019Eschyle, est un h\u00e9ritier de la pens\u00e9e grecque qui fait de la mesure un id\u00e9al architectural, \u00e9thique et philosophique. Cette mesotes, ou juste mesure, selon le terme grec employ\u00e9 par Aristote&hellip;<\/p>\n","protected":false},"author":2,"featured_media":0,"comment_status":"closed","ping_status":"open","sticky":false,"template":"","format":"standard","meta":{"pmpro_default_level":"","ngg_post_thumbnail":0,"footnotes":""},"categories":[204],"tags":[483,509,25,595,487,496,461],"class_list":["post-1669","post","type-post","status-publish","format-standard","hentry","category-cassayre-sylvie","tag-art","tag-litterature","tag-mesure-demesure","tag-mythologie","tag-philosophie","tag-poesie","tag-ra019-10","pmpro-has-access"],"_links":{"self":[{"href":"https:\/\/bibliotheque-sfpe-at.com\/index.php\/wp-json\/wp\/v2\/posts\/1669","targetHints":{"allow":["GET"]}}],"collection":[{"href":"https:\/\/bibliotheque-sfpe-at.com\/index.php\/wp-json\/wp\/v2\/posts"}],"about":[{"href":"https:\/\/bibliotheque-sfpe-at.com\/index.php\/wp-json\/wp\/v2\/types\/post"}],"author":[{"embeddable":true,"href":"https:\/\/bibliotheque-sfpe-at.com\/index.php\/wp-json\/wp\/v2\/users\/2"}],"replies":[{"embeddable":true,"href":"https:\/\/bibliotheque-sfpe-at.com\/index.php\/wp-json\/wp\/v2\/comments?post=1669"}],"version-history":[{"count":3,"href":"https:\/\/bibliotheque-sfpe-at.com\/index.php\/wp-json\/wp\/v2\/posts\/1669\/revisions"}],"predecessor-version":[{"id":3200,"href":"https:\/\/bibliotheque-sfpe-at.com\/index.php\/wp-json\/wp\/v2\/posts\/1669\/revisions\/3200"}],"wp:attachment":[{"href":"https:\/\/bibliotheque-sfpe-at.com\/index.php\/wp-json\/wp\/v2\/media?parent=1669"}],"wp:term":[{"taxonomy":"category","embeddable":true,"href":"https:\/\/bibliotheque-sfpe-at.com\/index.php\/wp-json\/wp\/v2\/categories?post=1669"},{"taxonomy":"post_tag","embeddable":true,"href":"https:\/\/bibliotheque-sfpe-at.com\/index.php\/wp-json\/wp\/v2\/tags?post=1669"}],"curies":[{"name":"wp","href":"https:\/\/api.w.org\/{rel}","templated":true}]}}