{"id":1671,"date":"2024-06-09T17:49:21","date_gmt":"2024-06-09T15:49:21","guid":{"rendered":"https:\/\/sfpe-at.com\/?p=1671"},"modified":"2025-01-19T19:59:46","modified_gmt":"2025-01-19T18:59:46","slug":"genie-clinique-et-poietique-ingenieux-et-ingenu","status":"publish","type":"post","link":"https:\/\/bibliotheque-sfpe-at.com\/index.php\/2024\/06\/09\/genie-clinique-et-poietique-ingenieux-et-ingenu\/","title":{"rendered":"G\u00e9nie clinique et po\u00e9tique\u00a0: ing\u00e9nieux et ing\u00e9nu"},"content":{"rendered":"\n<div class=\"wp-block-columns is-layout-flex wp-container-core-columns-is-layout-28f84493 wp-block-columns-is-layout-flex\">\n<div class=\"wp-block-column is-layout-flow wp-block-column-is-layout-flow\" style=\"flex-basis:66.66%\"><\/div>\n\n\n\n<div class=\"wp-block-column is-layout-flow wp-block-column-is-layout-flow\" style=\"flex-basis:33.33%\"><\/div>\n<\/div>\n\n\n\n<div class=\"wp-block-columns is-layout-flex wp-container-core-columns-is-layout-28f84493 wp-block-columns-is-layout-flex\">\n<div class=\"wp-block-column is-layout-flow wp-block-column-is-layout-flow\" style=\"flex-basis:66.66%\">\n<p><em>Le G\u00e9nie, l<\/em><em>\u2019<\/em><em>Ing\u00e9nieur et l<\/em><em>\u2019<\/em><em>Ing\u00e9nu<\/em> serait une fable ayant pour morale la mesure vertueuse (<em>s\u00f4phrosun<\/em><em>\u00e8<\/em>)&nbsp;: \u00ab&nbsp;juste&nbsp;\u00bb mais non align\u00e9e \u00e0 l\u2019exactitude born\u00e9e des calculateurs, bonne mesure comme on dit, \u00ab&nbsp;bon poids&nbsp;\u00bb, non pas approximation mais largesse consentie. Pourquoi en psychopathologie ne pas nommer un g\u00e9nie clinique, qui soigne les d\u00e9mesures (<em>hubris<\/em>) des d\u00e9lires, affabulations, passions, mais aussi un g\u00e9nie po\u00ef-\u00e9thique pour penser la cr\u00e9ativit\u00e9 des patients et de ceux qui reconnaissent leur singularit\u00e9 sans commune mesure&nbsp;? Le g\u00e9nie humain n\u2019est pas l\u2019apanage exclusif des auteurs grandioses frapp\u00e9s par \u00ab&nbsp;l\u2019\u00e9clair de l\u2019immense&nbsp;\u00bb. De Jean Delay \u00e0 Rapha\u00ebl Gaillard, l\u2019ing\u00e9niosit\u00e9, la rigueur, le pragmatisme du chercheur et du soignant ne sont pas coup\u00e9s de l\u2019ing\u00e9nuit\u00e9 qui nourrit leur capacit\u00e9 d\u2019empathie et d\u2019\u00e9merveillement face aux \u0153uvres majeures comme face aux \u00e9clats de l\u2019esprit des patients. Les traumatismes n\u2019annihilent pas leur besoin de fabriquer, travailler, composer, ni non plus leur fr\u00e9quentation des visions fantasmagoriques. La friction du g\u00e9nie mesureur de la complexit\u00e9 avec la candeur du g\u00e9nie \u00e9mu par la gr\u00e2ce, la beaut\u00e9 et la complication des sentiments s\u2019illustre chez L\u00e9onard de Vinci et Blaise Pascal&nbsp;; chez \u00ab&nbsp;l\u2019homme qui aimait les femmes&nbsp;\u00bb (Fran\u00e7ois Truffaut) aussi.<\/p>\n\n\n\n<p><strong><em>Pour lire le texte complet <a href=\"\/index.php\/options-dinscription\/\"><mark style=\"background-color:rgba(0, 0, 0, 0)\" class=\"has-inline-color has-vivid-cyan-blue-color\">s&rsquo;inscrire<\/mark><\/a> ou <a href=\"\/index.php\/my-account\/edit-account\/\"><mark style=\"background-color:rgba(0, 0, 0, 0)\" class=\"has-inline-color has-vivid-cyan-blue-color\">se connecter<\/mark><\/a><\/em><\/strong><\/p>\n\n\n\n\n\n<div style=\"height:100px\" aria-hidden=\"true\" class=\"wp-block-spacer\"><\/div>\n\n\n\n<div class=\"wp-block-buttons is-content-justification-center is-layout-flex wp-container-core-buttons-is-layout-a89b3969 wp-block-buttons-is-layout-flex\">\n<div class=\"wp-block-button has-custom-font-size has-small-font-size\"><a class=\"wp-block-button__link has-vivid-red-background-color has-background wp-element-button\" href=\"\/index.php\/2022\/11\/03\/mesure-et-demesure\/\">&lt;&#8211; retour<\/a><\/div>\n<\/div>\n<\/div>\n\n\n\n<div class=\"wp-block-column is-layout-flow wp-block-column-is-layout-flow\" style=\"flex-basis:33.33%\">\n<figure class=\"wp-block-table\"><table class=\"has-background\" style=\"background-color:#f8f2f2\"><thead><tr><th><mark style=\"background-color:rgba(0, 0, 0, 0)\" class=\"has-inline-color has-vivid-red-color\"><strong>Auteur<\/strong><\/mark><\/th><\/tr><\/thead><tbody><tr><td><strong>Jean-Pierre Martineau<\/strong><\/td><\/tr><\/tbody><\/table><\/figure>\n\n\n\n<figure class=\"wp-block-table\"><table><thead><tr><th><mark style=\"background-color:rgba(0, 0, 0, 0)\" class=\"has-inline-color has-vivid-red-color\"><strong>R\u00e9f\u00e9rence<\/strong><\/mark><\/th><\/tr><\/thead><tbody><tr><td><strong>RA019-10<\/strong><br><strong>Mesure D\u00e9mesure<\/strong><br>Journ\u00e9es d\u2019Automne 2022<\/td><\/tr><\/tbody><\/table><\/figure>\n\n\n\n<figure class=\"wp-block-table\"><table><thead><tr><th><mark style=\"background-color:rgba(0, 0, 0, 0)\" class=\"has-inline-color has-vivid-red-color\"><strong>Cat\u00e9gories<\/strong><\/mark><\/th><\/tr><\/thead><tbody><tr><td>Art<br>Litt\u00e9rature<br>Peinture<br>Psychopathologie de l\u2019expression<\/td><\/tr><\/tbody><\/table><\/figure>\n<\/div>\n<\/div>\n","protected":false},"excerpt":{"rendered":"<p>Le G\u00e9nie, l\u2019Ing\u00e9nieur et l\u2019Ing\u00e9nu serait une fable ayant pour morale la mesure vertueuse (s\u00f4phrosun\u00e8)&nbsp;: \u00ab&nbsp;juste&nbsp;\u00bb mais non align\u00e9e \u00e0 l\u2019exactitude born\u00e9e des calculateurs, bonne mesure comme on dit, \u00ab&nbsp;bon poids&nbsp;\u00bb, non pas approximation mais largesse consentie. Pourquoi en psychopathologie ne pas nommer un g\u00e9nie clinique, qui soigne les d\u00e9mesures&hellip;<\/p>\n","protected":false},"author":2,"featured_media":0,"comment_status":"closed","ping_status":"open","sticky":false,"template":"","format":"standard","meta":{"pmpro_default_level":"","ngg_post_thumbnail":0,"footnotes":""},"categories":[41],"tags":[483,509,25,484,488,460],"class_list":["post-1671","post","type-post","status-publish","format-standard","hentry","category-martineau-jean-pierre","tag-art","tag-litterature","tag-mesure-demesure","tag-peinture","tag-psychopathologie-de-lexpression","tag-ra019-09","pmpro-has-access"],"_links":{"self":[{"href":"https:\/\/bibliotheque-sfpe-at.com\/index.php\/wp-json\/wp\/v2\/posts\/1671","targetHints":{"allow":["GET"]}}],"collection":[{"href":"https:\/\/bibliotheque-sfpe-at.com\/index.php\/wp-json\/wp\/v2\/posts"}],"about":[{"href":"https:\/\/bibliotheque-sfpe-at.com\/index.php\/wp-json\/wp\/v2\/types\/post"}],"author":[{"embeddable":true,"href":"https:\/\/bibliotheque-sfpe-at.com\/index.php\/wp-json\/wp\/v2\/users\/2"}],"replies":[{"embeddable":true,"href":"https:\/\/bibliotheque-sfpe-at.com\/index.php\/wp-json\/wp\/v2\/comments?post=1671"}],"version-history":[{"count":3,"href":"https:\/\/bibliotheque-sfpe-at.com\/index.php\/wp-json\/wp\/v2\/posts\/1671\/revisions"}],"predecessor-version":[{"id":3198,"href":"https:\/\/bibliotheque-sfpe-at.com\/index.php\/wp-json\/wp\/v2\/posts\/1671\/revisions\/3198"}],"wp:attachment":[{"href":"https:\/\/bibliotheque-sfpe-at.com\/index.php\/wp-json\/wp\/v2\/media?parent=1671"}],"wp:term":[{"taxonomy":"category","embeddable":true,"href":"https:\/\/bibliotheque-sfpe-at.com\/index.php\/wp-json\/wp\/v2\/categories?post=1671"},{"taxonomy":"post_tag","embeddable":true,"href":"https:\/\/bibliotheque-sfpe-at.com\/index.php\/wp-json\/wp\/v2\/tags?post=1671"}],"curies":[{"name":"wp","href":"https:\/\/api.w.org\/{rel}","templated":true}]}}