{"id":1675,"date":"2024-06-11T18:00:58","date_gmt":"2024-06-11T16:00:58","guid":{"rendered":"https:\/\/sfpe-at.com\/?p=1675"},"modified":"2025-01-19T20:02:47","modified_gmt":"2025-01-19T19:02:47","slug":"le-cas-vivian-maier-familles-et-cadre-photographique","status":"publish","type":"post","link":"https:\/\/bibliotheque-sfpe-at.com\/index.php\/2024\/06\/11\/le-cas-vivian-maier-familles-et-cadre-photographique\/","title":{"rendered":"Le cas Vivian Maier\u00a0: familles et cadre photographique"},"content":{"rendered":"\n<div class=\"wp-block-columns is-layout-flex wp-container-core-columns-is-layout-28f84493 wp-block-columns-is-layout-flex\">\n<div class=\"wp-block-column is-layout-flow wp-block-column-is-layout-flow\" style=\"flex-basis:66.66%\"><\/div>\n\n\n\n<div class=\"wp-block-column is-layout-flow wp-block-column-is-layout-flow\" style=\"flex-basis:33.33%\"><\/div>\n<\/div>\n\n\n\n<div class=\"wp-block-columns is-layout-flex wp-container-core-columns-is-layout-28f84493 wp-block-columns-is-layout-flex\">\n<div class=\"wp-block-column is-layout-flow wp-block-column-is-layout-flow\" style=\"flex-basis:66.66%\">\n<p>Vivian Maier, photographe franco-am\u00e9ricaine r\u00e9cemment d\u00e9couverte, r\u00e9v\u00e8le par ses clich\u00e9s les m\u00e9andres d\u2019une vie aventureuse et d\u2019une production prolifique rest\u00e9e pourtant cach\u00e9e. Chez elle, la d\u00e9mesure est d\u2019abord celle d\u2019une saga familiale traumatique, associant un fardeau transg\u00e9n\u00e9rationnel aux vicissitudes de la migration. Dans cette famille, tout est hors cadre, d\u00e9bordant, impr\u00e9visible voire violent<em>. <\/em><em><\/em><\/p>\n\n\n\n<p>Se saisissant d\u2019un appareil photo, Vivian n\u2019aura de cesse de cadrertoute sa vie, avec m\u00e9thode et un g\u00e9nie artistique \u00e9mergeant au fil de la publication de ses archives. Cadrages parfaits avec effets de g\u00e9om\u00e9trie et de sym\u00e9trie, jeux d\u2019ombre et de lumi\u00e8re soigneusement choisis, tout semble \u00ab&nbsp;tir\u00e9 au cordeau&nbsp;\u00bb dans son \u0153uvre du d\u00e9but. Cadre et mesure sont aussi de r\u00e8gle dans sa vie officielle de gouvernante, aust\u00e8re et stricte. Elle \u00e9volue dans un environnement ais\u00e9 et plut\u00f4t conventionnel.<\/p>\n\n\n\n<p>Le d\u00e9calage de certains sujets signale cependant l\u2019orage \u00e0 venir&nbsp;: photographies de poubelles, de clochards, d\u2019arrestations\u2026 Malgr\u00e9 ses pr\u00e9cautions pour faire dispara\u00eetre un pass\u00e9 tumultueux, elle est peu \u00e0 peu rattrap\u00e9e par ses temp\u00eates int\u00e9rieures. Juste un peu fantasque et appr\u00e9ci\u00e9e pour ses originalit\u00e9s dans ses premiers postes, elle sera peu \u00e0 peu gagn\u00e9e par une double d\u00e9mesure&nbsp;: celle de ses&nbsp;143&nbsp;000&nbsp;clich\u00e9s et des huit tonnes de ses diverses possessions entass\u00e9es dans des garde-meubles. Rest\u00e9e dans l\u2019ombre, c\u2019est souvent comme une ombre qu\u2019elle se repr\u00e9sente dans ses autoportraits&nbsp;: ombre tragique ou miroir d\u2019une rare r\u00e9silience&nbsp;?<\/p>\n\n\n\n<p><strong><em>Pour lire le texte complet <a href=\"\/index.php\/options-dinscription\/\"><mark style=\"background-color:rgba(0, 0, 0, 0)\" class=\"has-inline-color has-vivid-cyan-blue-color\">s&rsquo;inscrire<\/mark><\/a> ou <a href=\"\/index.php\/my-account\/edit-account\/\"><mark style=\"background-color:rgba(0, 0, 0, 0)\" class=\"has-inline-color has-vivid-cyan-blue-color\">se connecter<\/mark><\/a><\/em><\/strong><\/p>\n\n\n\n\n\n<div style=\"height:100px\" aria-hidden=\"true\" class=\"wp-block-spacer\"><\/div>\n\n\n\n<div class=\"wp-block-buttons is-content-justification-center is-layout-flex wp-container-core-buttons-is-layout-a89b3969 wp-block-buttons-is-layout-flex\">\n<div class=\"wp-block-button has-custom-font-size has-small-font-size\"><a class=\"wp-block-button__link has-vivid-red-background-color has-background wp-element-button\" href=\"\/index.php\/2022\/11\/03\/mesure-et-demesure\/\">&lt;&#8211; retour<\/a><\/div>\n<\/div>\n<\/div>\n\n\n\n<div class=\"wp-block-column is-layout-flow wp-block-column-is-layout-flow\" style=\"flex-basis:33.33%\">\n<figure class=\"wp-block-table\"><table class=\"has-background\" style=\"background-color:#f8f2f2\"><thead><tr><th><mark style=\"background-color:rgba(0, 0, 0, 0)\" class=\"has-inline-color has-vivid-red-color\"><strong>Auteur<\/strong><\/mark><\/th><\/tr><\/thead><tbody><tr><td><strong>Val\u00e9rie Deschamps<\/strong><\/td><\/tr><\/tbody><\/table><\/figure>\n\n\n\n<figure class=\"wp-block-table\"><table><thead><tr><th><mark style=\"background-color:rgba(0, 0, 0, 0)\" class=\"has-inline-color has-vivid-red-color\"><strong>R\u00e9f\u00e9rence<\/strong><\/mark><\/th><\/tr><\/thead><tbody><tr><td><strong>RA019-11<\/strong><br><strong>Mesure D\u00e9mesure<\/strong><br>Journ\u00e9es d\u2019Automne 2022<\/td><\/tr><\/tbody><\/table><\/figure>\n\n\n\n<figure class=\"wp-block-table\"><table><thead><tr><th><mark style=\"background-color:rgba(0, 0, 0, 0)\" class=\"has-inline-color has-vivid-red-color\"><strong>Cat\u00e9gories<\/strong><\/mark><\/th><\/tr><\/thead><tbody><tr><td>Art<br>Photographie<br>Psychopathologie de l\u2019expression<\/td><\/tr><\/tbody><\/table><\/figure>\n<\/div>\n<\/div>\n","protected":false},"excerpt":{"rendered":"<p>Vivian Maier, photographe franco-am\u00e9ricaine r\u00e9cemment d\u00e9couverte, r\u00e9v\u00e8le par ses clich\u00e9s les m\u00e9andres d\u2019une vie aventureuse et d\u2019une production prolifique rest\u00e9e pourtant cach\u00e9e. Chez elle, la d\u00e9mesure est d\u2019abord celle d\u2019une saga familiale traumatique, associant un fardeau transg\u00e9n\u00e9rationnel aux vicissitudes de la migration. Dans cette famille, tout est hors cadre, d\u00e9bordant,&hellip;<\/p>\n","protected":false},"author":2,"featured_media":0,"comment_status":"closed","ping_status":"open","sticky":false,"template":"","format":"standard","meta":{"pmpro_default_level":"","ngg_post_thumbnail":0,"footnotes":""},"categories":[93],"tags":[483,25,514,488,463],"class_list":["post-1675","post","type-post","status-publish","format-standard","hentry","category-deschamps-valerie","tag-art","tag-mesure-demesure","tag-photographie","tag-psychopathologie-de-lexpression","tag-ra019-11","pmpro-has-access"],"_links":{"self":[{"href":"https:\/\/bibliotheque-sfpe-at.com\/index.php\/wp-json\/wp\/v2\/posts\/1675","targetHints":{"allow":["GET"]}}],"collection":[{"href":"https:\/\/bibliotheque-sfpe-at.com\/index.php\/wp-json\/wp\/v2\/posts"}],"about":[{"href":"https:\/\/bibliotheque-sfpe-at.com\/index.php\/wp-json\/wp\/v2\/types\/post"}],"author":[{"embeddable":true,"href":"https:\/\/bibliotheque-sfpe-at.com\/index.php\/wp-json\/wp\/v2\/users\/2"}],"replies":[{"embeddable":true,"href":"https:\/\/bibliotheque-sfpe-at.com\/index.php\/wp-json\/wp\/v2\/comments?post=1675"}],"version-history":[{"count":3,"href":"https:\/\/bibliotheque-sfpe-at.com\/index.php\/wp-json\/wp\/v2\/posts\/1675\/revisions"}],"predecessor-version":[{"id":3202,"href":"https:\/\/bibliotheque-sfpe-at.com\/index.php\/wp-json\/wp\/v2\/posts\/1675\/revisions\/3202"}],"wp:attachment":[{"href":"https:\/\/bibliotheque-sfpe-at.com\/index.php\/wp-json\/wp\/v2\/media?parent=1675"}],"wp:term":[{"taxonomy":"category","embeddable":true,"href":"https:\/\/bibliotheque-sfpe-at.com\/index.php\/wp-json\/wp\/v2\/categories?post=1675"},{"taxonomy":"post_tag","embeddable":true,"href":"https:\/\/bibliotheque-sfpe-at.com\/index.php\/wp-json\/wp\/v2\/tags?post=1675"}],"curies":[{"name":"wp","href":"https:\/\/api.w.org\/{rel}","templated":true}]}}