{"id":1685,"date":"2024-06-16T18:14:44","date_gmt":"2024-06-16T16:14:44","guid":{"rendered":"https:\/\/sfpe-at.com\/?p=1685"},"modified":"2025-01-19T20:12:53","modified_gmt":"2025-01-19T19:12:53","slug":"de-la-perte-dune-petite-chose-qui-change-tout","status":"publish","type":"post","link":"https:\/\/bibliotheque-sfpe-at.com\/index.php\/2024\/06\/16\/de-la-perte-dune-petite-chose-qui-change-tout\/","title":{"rendered":"De la perte d\u2019une petite chose qui change tout"},"content":{"rendered":"\n<div class=\"wp-block-columns is-layout-flex wp-container-core-columns-is-layout-28f84493 wp-block-columns-is-layout-flex\">\n<div class=\"wp-block-column is-layout-flow wp-block-column-is-layout-flow\" style=\"flex-basis:66.66%\"><\/div>\n\n\n\n<div class=\"wp-block-column is-layout-flow wp-block-column-is-layout-flow\" style=\"flex-basis:33.33%\"><\/div>\n<\/div>\n\n\n\n<div class=\"wp-block-columns is-layout-flex wp-container-core-columns-is-layout-28f84493 wp-block-columns-is-layout-flex\">\n<div class=\"wp-block-column is-layout-flow wp-block-column-is-layout-flow\" style=\"flex-basis:66.66%\">\n<p>Lorsque la jeune patiente de Blankenburg, Anne, distingue dans l\u2019ensemble de ses troubles un trait fondamental qu\u2019elle d\u00e9signe comme \u00ab&nbsp;la perte de l\u2019\u00e9vidence naturelle&nbsp;\u00bb,elle isole un \u00e9l\u00e9ment essentiel de la schizophr\u00e9nie \u00e0 partir de la forme h\u00e9b\u00e9phr\u00e9nique.<\/p>\n\n\n\n<p>Cette forme pauci-symptomatique n\u2019emp\u00eache pas le patient de r\u00e9fl\u00e9chir \u00e0 ses troubles&nbsp;: il peut alors exprimer les cons\u00e9quences du sentiment d\u2019absence d\u2019\u00e9vidence dans le cours de sa vie quotidienne.<\/p>\n\n\n\n<p>Blankenburg, suivant les indications de sa patiente, analysera le rapport entre ce d\u00e9ficit essentiel et les alt\u00e9rations de la constitution du monde, du temps, du \u00ab&nbsp;je&nbsp;\u00bb et d\u2019autrui.<\/p>\n\n\n\n<p>Si l\u2019\u00e9vidence naturelle est pr\u00e9sent\u00e9e par Anne comme \u00ab&nbsp;un petit rien, une petite chose dr\u00f4le et innommable&nbsp;\u00bb, elle n\u2019en ressent pas moins son manque comme une pure privation d\u2019existence.<\/p>\n\n\n\n<p>En effet, cettepetite chose permet \u00e0 l\u2019homme d\u2019exister en un monde transcendentalement structur\u00e9 par le jeu des renvois entre les \u00e9vidences transcend\u00e9es.&nbsp;&nbsp;<\/p>\n\n\n\n<p>Sans ce petit rien, la \u00ab&nbsp;significativit\u00e9&nbsp;\u00bb (Heidegger) du monde est d\u00e9faite, et le \u00ab&nbsp;je&nbsp;\u00bb empirique doit lutter pour conf\u00e9rer \u00e0 la pr\u00e9sence un semblant de participation au sens commun.<\/p>\n\n\n\n<p>Nous reprendrons cette notion de pertede l\u2019\u00e9vidence naturelleavec trois vignettes cliniques qui tenteront de mettre en lumi\u00e8re son caract\u00e8re pertinent.<\/p>\n\n\n\n<p><strong><em>Pour lire le texte complet <a href=\"\/index.php\/options-dinscription\/\"><mark style=\"background-color:rgba(0, 0, 0, 0)\" class=\"has-inline-color has-vivid-cyan-blue-color\">s&rsquo;inscrire<\/mark><\/a> ou <a href=\"\/index.php\/my-account\/edit-account\/\"><mark style=\"background-color:rgba(0, 0, 0, 0)\" class=\"has-inline-color has-vivid-cyan-blue-color\">se connecter<\/mark><\/a><\/em><\/strong><\/p>\n\n\n\n\n\n<div style=\"height:100px\" aria-hidden=\"true\" class=\"wp-block-spacer\"><\/div>\n\n\n\n<div class=\"wp-block-buttons is-content-justification-center is-layout-flex wp-container-core-buttons-is-layout-a89b3969 wp-block-buttons-is-layout-flex\">\n<div class=\"wp-block-button has-custom-font-size has-small-font-size\"><a class=\"wp-block-button__link has-vivid-red-background-color has-background wp-element-button\" href=\"\/index.php\/2022\/11\/03\/mesure-et-demesure\/\">&lt;&#8211; retour<\/a><\/div>\n<\/div>\n<\/div>\n\n\n\n<div class=\"wp-block-column is-layout-flow wp-block-column-is-layout-flow\" style=\"flex-basis:33.33%\">\n<figure class=\"wp-block-table\"><table class=\"has-background\" style=\"background-color:#f8f2f2\"><thead><tr><th><mark style=\"background-color:rgba(0, 0, 0, 0)\" class=\"has-inline-color has-vivid-red-color\"><strong>Auteur<\/strong><\/mark><\/th><\/tr><\/thead><tbody><tr><td><strong>Alain Gillis<\/strong><\/td><\/tr><\/tbody><\/table><\/figure>\n\n\n\n<figure class=\"wp-block-table\"><table><thead><tr><th><mark style=\"background-color:rgba(0, 0, 0, 0)\" class=\"has-inline-color has-vivid-red-color\"><strong>R\u00e9f\u00e9rence<\/strong><\/mark><\/th><\/tr><\/thead><tbody><tr><td><strong>RA019-16<\/strong><br><strong>Mesure D\u00e9mesure<\/strong><br>Journ\u00e9es d\u2019Automne 2022<\/td><\/tr><\/tbody><\/table><\/figure>\n\n\n\n<figure class=\"wp-block-table\"><table><thead><tr><th><mark style=\"background-color:rgba(0, 0, 0, 0)\" class=\"has-inline-color has-vivid-red-color\"><strong>Cat\u00e9gories<\/strong><\/mark><\/th><\/tr><\/thead><tbody><tr><td>Cas clinique<br>Ph\u00e9nom\u00e9nologie<br>Psychiatrie<\/td><\/tr><\/tbody><\/table><\/figure>\n<\/div>\n<\/div>\n","protected":false},"excerpt":{"rendered":"<p>Lorsque la jeune patiente de Blankenburg, Anne, distingue dans l\u2019ensemble de ses troubles un trait fondamental qu\u2019elle d\u00e9signe comme \u00ab&nbsp;la perte de l\u2019\u00e9vidence naturelle&nbsp;\u00bb,elle isole un \u00e9l\u00e9ment essentiel de la schizophr\u00e9nie \u00e0 partir de la forme h\u00e9b\u00e9phr\u00e9nique. Cette forme pauci-symptomatique n\u2019emp\u00eache pas le patient de r\u00e9fl\u00e9chir \u00e0 ses troubles&nbsp;: il&hellip;<\/p>\n","protected":false},"author":2,"featured_media":0,"comment_status":"closed","ping_status":"open","sticky":false,"template":"","format":"standard","meta":{"pmpro_default_level":"","ngg_post_thumbnail":0,"footnotes":""},"categories":[273],"tags":[493,25,486,574,468],"class_list":["post-1685","post","type-post","status-publish","format-standard","hentry","category-gillis-alain","tag-cas-clinique","tag-mesure-demesure","tag-phenomenologie","tag-psychiatrie","tag-ra019-16","pmpro-has-access"],"_links":{"self":[{"href":"https:\/\/bibliotheque-sfpe-at.com\/index.php\/wp-json\/wp\/v2\/posts\/1685","targetHints":{"allow":["GET"]}}],"collection":[{"href":"https:\/\/bibliotheque-sfpe-at.com\/index.php\/wp-json\/wp\/v2\/posts"}],"about":[{"href":"https:\/\/bibliotheque-sfpe-at.com\/index.php\/wp-json\/wp\/v2\/types\/post"}],"author":[{"embeddable":true,"href":"https:\/\/bibliotheque-sfpe-at.com\/index.php\/wp-json\/wp\/v2\/users\/2"}],"replies":[{"embeddable":true,"href":"https:\/\/bibliotheque-sfpe-at.com\/index.php\/wp-json\/wp\/v2\/comments?post=1685"}],"version-history":[{"count":3,"href":"https:\/\/bibliotheque-sfpe-at.com\/index.php\/wp-json\/wp\/v2\/posts\/1685\/revisions"}],"predecessor-version":[{"id":3210,"href":"https:\/\/bibliotheque-sfpe-at.com\/index.php\/wp-json\/wp\/v2\/posts\/1685\/revisions\/3210"}],"wp:attachment":[{"href":"https:\/\/bibliotheque-sfpe-at.com\/index.php\/wp-json\/wp\/v2\/media?parent=1685"}],"wp:term":[{"taxonomy":"category","embeddable":true,"href":"https:\/\/bibliotheque-sfpe-at.com\/index.php\/wp-json\/wp\/v2\/categories?post=1685"},{"taxonomy":"post_tag","embeddable":true,"href":"https:\/\/bibliotheque-sfpe-at.com\/index.php\/wp-json\/wp\/v2\/tags?post=1685"}],"curies":[{"name":"wp","href":"https:\/\/api.w.org\/{rel}","templated":true}]}}