{"id":1693,"date":"2024-06-20T17:09:49","date_gmt":"2024-06-20T15:09:49","guid":{"rendered":"https:\/\/sfpe-at.com\/?p=1693"},"modified":"2025-01-19T20:18:22","modified_gmt":"2025-01-19T19:18:22","slug":"lenfant-dans-le-chaos-de-la-demesure","status":"publish","type":"post","link":"https:\/\/bibliotheque-sfpe-at.com\/index.php\/2024\/06\/20\/lenfant-dans-le-chaos-de-la-demesure\/","title":{"rendered":"L\u2019enfant dans le chaos de la d\u00e9mesure"},"content":{"rendered":"\n<div class=\"wp-block-columns is-layout-flex wp-container-core-columns-is-layout-28f84493 wp-block-columns-is-layout-flex\">\n<div class=\"wp-block-column is-layout-flow wp-block-column-is-layout-flow\" style=\"flex-basis:66.66%\"><\/div>\n\n\n\n<div class=\"wp-block-column is-layout-flow wp-block-column-is-layout-flow\" style=\"flex-basis:33.33%\"><\/div>\n<\/div>\n\n\n\n<div class=\"wp-block-columns is-layout-flex wp-container-core-columns-is-layout-28f84493 wp-block-columns-is-layout-flex\">\n<div class=\"wp-block-column is-layout-flow wp-block-column-is-layout-flow\" style=\"flex-basis:66.66%\">\n<p>Il y a d\u2019abord eu la p\u00e9riode d\u2019avant. Une d\u00e9cennie au moins o\u00f9 la pratique de la mesure, de l\u2019\u00e9valuation chiffr\u00e9e, de la norme et de la normalit\u00e9 ont rechavir\u00e9 nos pratiques. L\u2019ancien monde qui se confronte au nouveau. L\u2019\u00e9ternel retour.<\/p>\n\n\n\n<p>Puis, la pand\u00e9mie, plus encore sociale que m\u00e9dicale, a bris\u00e9 ces cadres aussi bien \u00e9tablis.<\/p>\n\n\n\n<p>Ensuite, il y a eu le post-Covid, et nous ne mesurons pas encore la d\u00e9mesure des cons\u00e9quences psychiques.<\/p>\n\n\n\n<p>Dans notre pratique, o\u00f9 nous recevons les enfants, curieusement, la majeure partie est actuellement \u00e2g\u00e9e de&nbsp;9 ou 10&nbsp;ans. Ils ne peuvent plus s\u2019endormir ou ne peuvent plus manger.<\/p>\n\n\n\n<p>Comme si le processus de resocialisation \u00e0 l\u2019\u00e9cole avait raviv\u00e9 le complexe d\u2019\u0152dipe. Ils viennent alors pour parler et aux questionnements r\u00e9pondent par le dessin.<\/p>\n\n\n\n<p>Nous souhaitons pr\u00e9senter ici quelques cas cliniques de cette situation particuli\u00e8re, in\u00e9dite, \u00e0 travers des cas de Rorschach, o\u00f9 les enfants ont choisi par eux-m\u00eames de r\u00e9pondre par le dessin.<\/p>\n\n\n\n<p>En tant que clinicien, psychoth\u00e9rapeute, ai-je mesur\u00e9 cette temporalit\u00e9 et r\u00e9gression singuli\u00e8re \u00e0 sa juste valeur&nbsp;?<\/p>\n\n\n\n<p>Qu\u2019y a-t-il de diff\u00e9rent aujourd\u2019hui&nbsp;? Quelle lecture proposer&nbsp;? Quelle remise en cause et en lien un th\u00e9rapeute doit-il r\u00e9fl\u00e9chir dans ce monde, \u00e0 nouveau nouveau et pourtant toujours dans une temporalit\u00e9 clinique, qui traite la d\u00e9mesure et la marque d\u2019un traumatisme&nbsp;?<\/p>\n\n\n\n<p>Nous proposerons un parall\u00e8le entre des cas cliniques et la lecture analytique d\u2019<em>Alice au pays des merveilles<\/em>, pour lequel nous savons tous qu\u2019il n\u2019est pas peupl\u00e9 de merveilles.<\/p>\n\n\n\n<p><strong><em>Pour lire le texte complet <a href=\"\/index.php\/options-dinscription\/\"><mark style=\"background-color:rgba(0, 0, 0, 0)\" class=\"has-inline-color has-vivid-cyan-blue-color\">s&rsquo;inscrire<\/mark><\/a> ou <a href=\"\/index.php\/my-account\/edit-account\/\"><mark style=\"background-color:rgba(0, 0, 0, 0)\" class=\"has-inline-color has-vivid-cyan-blue-color\">se connecter<\/mark><\/a><\/em><\/strong><\/p>\n\n\n\n\n\n<div style=\"height:100px\" aria-hidden=\"true\" class=\"wp-block-spacer\"><\/div>\n\n\n\n<div class=\"wp-block-buttons is-content-justification-center is-layout-flex wp-container-core-buttons-is-layout-a89b3969 wp-block-buttons-is-layout-flex\">\n<div class=\"wp-block-button has-custom-font-size has-small-font-size\"><a class=\"wp-block-button__link has-vivid-red-background-color has-background wp-element-button\" href=\"\/index.php\/2022\/11\/03\/mesure-et-demesure\/\">&lt;&#8211; retour<\/a><\/div>\n<\/div>\n<\/div>\n\n\n\n<div class=\"wp-block-column is-layout-flow wp-block-column-is-layout-flow\" style=\"flex-basis:33.33%\">\n<figure class=\"wp-block-table\"><table class=\"has-background\" style=\"background-color:#f8f2f2\"><thead><tr><th><mark style=\"background-color:rgba(0, 0, 0, 0)\" class=\"has-inline-color has-vivid-red-color\"><strong>Auteur<\/strong><\/mark><\/th><\/tr><\/thead><tbody><tr><td><strong>Senja Stirn<\/strong><\/td><\/tr><\/tbody><\/table><\/figure>\n\n\n\n<figure class=\"wp-block-table\"><table><thead><tr><th><mark style=\"background-color:rgba(0, 0, 0, 0)\" class=\"has-inline-color has-vivid-red-color\"><strong>R\u00e9f\u00e9rence<\/strong><\/mark><\/th><\/tr><\/thead><tbody><tr><td><strong>RA019-20<\/strong><br><strong>Mesure D\u00e9mesure<\/strong><br>Journ\u00e9es d\u2019Automne 2022<\/td><\/tr><\/tbody><\/table><\/figure>\n\n\n\n<figure class=\"wp-block-table\"><table><thead><tr><th><mark style=\"background-color:rgba(0, 0, 0, 0)\" class=\"has-inline-color has-vivid-red-color\"><strong>Cat\u00e9gories<\/strong><\/mark><\/th><\/tr><\/thead><tbody><tr><td>Art-th\u00e9rapie<br>Dessin<br>Enfant<br>\u00c9tude de cas<\/td><\/tr><\/tbody><\/table><\/figure>\n<\/div>\n<\/div>\n","protected":false},"excerpt":{"rendered":"<p>Il y a d\u2019abord eu la p\u00e9riode d\u2019avant. Une d\u00e9cennie au moins o\u00f9 la pratique de la mesure, de l\u2019\u00e9valuation chiffr\u00e9e, de la norme et de la normalit\u00e9 ont rechavir\u00e9 nos pratiques. L\u2019ancien monde qui se confronte au nouveau. L\u2019\u00e9ternel retour. Puis, la pand\u00e9mie, plus encore sociale que m\u00e9dicale, a&hellip;<\/p>\n","protected":false},"author":2,"featured_media":0,"comment_status":"closed","ping_status":"open","sticky":false,"template":"","format":"standard","meta":{"pmpro_default_level":"","ngg_post_thumbnail":0,"footnotes":""},"categories":[220],"tags":[492,508,549,493,25,474],"class_list":["post-1693","post","type-post","status-publish","format-standard","hentry","category-stirn-senja","tag-art-therapie","tag-dessin","tag-enfance","tag-cas-clinique","tag-mesure-demesure","tag-ra019-20","pmpro-has-access"],"_links":{"self":[{"href":"https:\/\/bibliotheque-sfpe-at.com\/index.php\/wp-json\/wp\/v2\/posts\/1693","targetHints":{"allow":["GET"]}}],"collection":[{"href":"https:\/\/bibliotheque-sfpe-at.com\/index.php\/wp-json\/wp\/v2\/posts"}],"about":[{"href":"https:\/\/bibliotheque-sfpe-at.com\/index.php\/wp-json\/wp\/v2\/types\/post"}],"author":[{"embeddable":true,"href":"https:\/\/bibliotheque-sfpe-at.com\/index.php\/wp-json\/wp\/v2\/users\/2"}],"replies":[{"embeddable":true,"href":"https:\/\/bibliotheque-sfpe-at.com\/index.php\/wp-json\/wp\/v2\/comments?post=1693"}],"version-history":[{"count":3,"href":"https:\/\/bibliotheque-sfpe-at.com\/index.php\/wp-json\/wp\/v2\/posts\/1693\/revisions"}],"predecessor-version":[{"id":3216,"href":"https:\/\/bibliotheque-sfpe-at.com\/index.php\/wp-json\/wp\/v2\/posts\/1693\/revisions\/3216"}],"wp:attachment":[{"href":"https:\/\/bibliotheque-sfpe-at.com\/index.php\/wp-json\/wp\/v2\/media?parent=1693"}],"wp:term":[{"taxonomy":"category","embeddable":true,"href":"https:\/\/bibliotheque-sfpe-at.com\/index.php\/wp-json\/wp\/v2\/categories?post=1693"},{"taxonomy":"post_tag","embeddable":true,"href":"https:\/\/bibliotheque-sfpe-at.com\/index.php\/wp-json\/wp\/v2\/tags?post=1693"}],"curies":[{"name":"wp","href":"https:\/\/api.w.org\/{rel}","templated":true}]}}