{"id":1697,"date":"2024-06-22T17:14:07","date_gmt":"2024-06-22T15:14:07","guid":{"rendered":"https:\/\/sfpe-at.com\/?p=1697"},"modified":"2025-01-19T20:20:12","modified_gmt":"2025-01-19T19:20:12","slug":"quand-la-demesure-donne-la-mesure","status":"publish","type":"post","link":"https:\/\/bibliotheque-sfpe-at.com\/index.php\/2024\/06\/22\/quand-la-demesure-donne-la-mesure\/","title":{"rendered":"Quand la d\u00e9mesure donne la mesure"},"content":{"rendered":"\n<div class=\"wp-block-columns is-layout-flex wp-container-core-columns-is-layout-28f84493 wp-block-columns-is-layout-flex\">\n<div class=\"wp-block-column is-layout-flow wp-block-column-is-layout-flow\" style=\"flex-basis:66.66%\"><\/div>\n\n\n\n<div class=\"wp-block-column is-layout-flow wp-block-column-is-layout-flow\" style=\"flex-basis:33.33%\"><\/div>\n<\/div>\n\n\n\n<div class=\"wp-block-columns is-layout-flex wp-container-core-columns-is-layout-28f84493 wp-block-columns-is-layout-flex\">\n<div class=\"wp-block-column is-layout-flow wp-block-column-is-layout-flow\" style=\"flex-basis:66.66%\">\n<p>Dur\u00e9e de l\u2019hospitalisation, profusion de dessins, peintures, \u00e9crits, tout est d\u00e9mesur\u00e9 chez ce patient&nbsp;! V\u00e9ritable homme-orchestre, il joue sur tous les registres d\u2019une cr\u00e9ativit\u00e9 d\u00e9bordante. Le professeur Volmat a confi\u00e9 \u00e0 la SFPE-AT le soin de prot\u00e9ger et de conserver pas moins de 382&nbsp;travaux de Maurice Blin ex\u00e9cut\u00e9s \u00e0 l\u2019h\u00f4pital pendant peu de temps au cours des quarante derni\u00e8res ann\u00e9es de sa longue vie. D\u2019autres sont conserv\u00e9s \u00e0 l\u2019h\u00f4pital Sainte-Anne, mais des milliers se sont sans doute perdus au long des trente derni\u00e8res ann\u00e9es de son s\u00e9jour dont nous ne savons plus rien. De m\u00eame que nous ne savons que tr\u00e8s peu de choses de son histoire en dehors de ce qu\u2019il nous confie dans ses \u0153uvres \u2013&nbsp;avec ce d\u00e9fi : \u00ab&nbsp;Sortez la t\u00eate de vos livres qui me r\u00e9duisent \u00e0 un diagnostic de manie chronique&nbsp;! \u00c9coutez ce que j\u2019ai \u00e0 dire sur le monde comme il va ou plut\u00f4t comme il ne va pas.&nbsp;\u00bb<\/p>\n\n\n\n<p>De M\u00e9nilmontant o\u00f9 il \u00e9tait n\u00e9 en&nbsp;1893, il avait gard\u00e9 la gouaille et l\u2019argot parisien ; de son \u00e9cole, il poursuivait les mati\u00e8res enseign\u00e9es : la musique, le dessin, le dessin industriel et les math\u00e9matiques. De ses parents aux m\u00e9tiers disparus il avait h\u00e9rit\u00e9 le choix de l\u2019artisanat. Que se passe-t-il en&nbsp;1935 quand ce destin qui semblait trac\u00e9 d\u00e9rape&nbsp;? L\u2019ombre d\u2019Alfred s\u2019est abattue sur le monde et l\u2019en a d\u00e9log\u00e9. Une ombre gigantesque, l\u2019ombre noire de la trahison et de l\u2019abandon. Exil\u00e9 volontaire, c\u2019est \u00e0 l\u2019h\u00f4pital, dont il ne veut plus sortir, que ce combattant solitaire lutte de toutes les forces de sa cr\u00e9ativit\u00e9 \u00e0 donner la mesure de sa rancune&nbsp;:<\/p>\n\n\n\n<p><em>\u00ab&nbsp;Je vis de cette id\u00e9e ou plut\u00f4t j\u2019y trouve un sens, une unit\u00e9 \u00e0 ma vie, une profondeur.&nbsp;\u00bb<\/em><\/p>\n\n\n\n<p><strong><em>Pour lire le texte complet <a href=\"\/index.php\/options-dinscription\/\"><mark style=\"background-color:rgba(0, 0, 0, 0)\" class=\"has-inline-color has-vivid-cyan-blue-color\">s&rsquo;inscrire<\/mark><\/a> ou <a href=\"\/index.php\/my-account\/edit-account\/\"><mark style=\"background-color:rgba(0, 0, 0, 0)\" class=\"has-inline-color has-vivid-cyan-blue-color\">se connecter<\/mark><\/a><\/em><\/strong><\/p>\n\n\n\n\n\n<div style=\"height:100px\" aria-hidden=\"true\" class=\"wp-block-spacer\"><\/div>\n\n\n\n<div class=\"wp-block-buttons is-content-justification-center is-layout-flex wp-container-core-buttons-is-layout-a89b3969 wp-block-buttons-is-layout-flex\">\n<div class=\"wp-block-button has-custom-font-size has-small-font-size\"><a class=\"wp-block-button__link has-vivid-red-background-color has-background wp-element-button\" href=\"\/index.php\/2022\/11\/03\/mesure-et-demesure\/\">&lt;&#8211; retour<\/a><\/div>\n<\/div>\n<\/div>\n\n\n\n<div class=\"wp-block-column is-layout-flow wp-block-column-is-layout-flow\" style=\"flex-basis:33.33%\">\n<figure class=\"wp-block-table\"><table class=\"has-background\" style=\"background-color:#f8f2f2\"><thead><tr><th><mark style=\"background-color:rgba(0, 0, 0, 0)\" class=\"has-inline-color has-vivid-red-color\"><strong>Auteur<\/strong><\/mark><\/th><\/tr><\/thead><tbody><tr><td><strong>B\u00e9atrice Chemama-Steiner<\/strong><\/td><\/tr><\/tbody><\/table><\/figure>\n\n\n\n<figure class=\"wp-block-table\"><table><thead><tr><th><mark style=\"background-color:rgba(0, 0, 0, 0)\" class=\"has-inline-color has-vivid-red-color\"><strong>R\u00e9f\u00e9rence<\/strong><\/mark><\/th><\/tr><\/thead><tbody><tr><td><strong>RA019-22<\/strong><br><strong>Mesure D\u00e9mesure<\/strong><br>Journ\u00e9es d\u2019Automne 2022<\/td><\/tr><\/tbody><\/table><\/figure>\n\n\n\n<figure class=\"wp-block-table\"><table><thead><tr><th><mark style=\"background-color:rgba(0, 0, 0, 0)\" class=\"has-inline-color has-vivid-red-color\"><strong>Cat\u00e9gories<\/strong><\/mark><\/th><\/tr><\/thead><tbody><tr><td>Dessin<br>\u00c9criture<br>\u00c9tude de cas<br>Psychopathologie de l\u2019expression<\/td><\/tr><\/tbody><\/table><\/figure>\n<\/div>\n<\/div>\n","protected":false},"excerpt":{"rendered":"<p>Dur\u00e9e de l\u2019hospitalisation, profusion de dessins, peintures, \u00e9crits, tout est d\u00e9mesur\u00e9 chez ce patient&nbsp;! V\u00e9ritable homme-orchestre, il joue sur tous les registres d\u2019une cr\u00e9ativit\u00e9 d\u00e9bordante. Le professeur Volmat a confi\u00e9 \u00e0 la SFPE-AT le soin de prot\u00e9ger et de conserver pas moins de 382&nbsp;travaux de Maurice Blin ex\u00e9cut\u00e9s \u00e0 l\u2019h\u00f4pital&hellip;<\/p>\n","protected":false},"author":2,"featured_media":0,"comment_status":"closed","ping_status":"open","sticky":false,"template":"","format":"standard","meta":{"pmpro_default_level":"","ngg_post_thumbnail":0,"footnotes":""},"categories":[54],"tags":[508,497,493,25,488,476],"class_list":["post-1697","post","type-post","status-publish","format-standard","hentry","category-chemama-steiner-beatrice","tag-dessin","tag-ecriture","tag-cas-clinique","tag-mesure-demesure","tag-psychopathologie-de-lexpression","tag-ra019-22","pmpro-has-access"],"_links":{"self":[{"href":"https:\/\/bibliotheque-sfpe-at.com\/index.php\/wp-json\/wp\/v2\/posts\/1697","targetHints":{"allow":["GET"]}}],"collection":[{"href":"https:\/\/bibliotheque-sfpe-at.com\/index.php\/wp-json\/wp\/v2\/posts"}],"about":[{"href":"https:\/\/bibliotheque-sfpe-at.com\/index.php\/wp-json\/wp\/v2\/types\/post"}],"author":[{"embeddable":true,"href":"https:\/\/bibliotheque-sfpe-at.com\/index.php\/wp-json\/wp\/v2\/users\/2"}],"replies":[{"embeddable":true,"href":"https:\/\/bibliotheque-sfpe-at.com\/index.php\/wp-json\/wp\/v2\/comments?post=1697"}],"version-history":[{"count":3,"href":"https:\/\/bibliotheque-sfpe-at.com\/index.php\/wp-json\/wp\/v2\/posts\/1697\/revisions"}],"predecessor-version":[{"id":3218,"href":"https:\/\/bibliotheque-sfpe-at.com\/index.php\/wp-json\/wp\/v2\/posts\/1697\/revisions\/3218"}],"wp:attachment":[{"href":"https:\/\/bibliotheque-sfpe-at.com\/index.php\/wp-json\/wp\/v2\/media?parent=1697"}],"wp:term":[{"taxonomy":"category","embeddable":true,"href":"https:\/\/bibliotheque-sfpe-at.com\/index.php\/wp-json\/wp\/v2\/categories?post=1697"},{"taxonomy":"post_tag","embeddable":true,"href":"https:\/\/bibliotheque-sfpe-at.com\/index.php\/wp-json\/wp\/v2\/tags?post=1697"}],"curies":[{"name":"wp","href":"https:\/\/api.w.org\/{rel}","templated":true}]}}