{"id":1701,"date":"2024-06-24T17:19:30","date_gmt":"2024-06-24T15:19:30","guid":{"rendered":"https:\/\/sfpe-at.com\/?p=1701"},"modified":"2025-01-19T20:22:43","modified_gmt":"2025-01-19T19:22:43","slug":"latelier-dart-therapie-un-recueillement-vers-le-simple-un-deploiement-vers-limmense","status":"publish","type":"post","link":"https:\/\/bibliotheque-sfpe-at.com\/index.php\/2024\/06\/24\/latelier-dart-therapie-un-recueillement-vers-le-simple-un-deploiement-vers-limmense\/","title":{"rendered":"L\u2019atelier d\u2019art-th\u00e9rapie, un recueillement vers le simple, un d\u00e9ploiement vers l\u2019immense"},"content":{"rendered":"\n<div class=\"wp-block-columns is-layout-flex wp-container-core-columns-is-layout-28f84493 wp-block-columns-is-layout-flex\">\n<div class=\"wp-block-column is-layout-flow wp-block-column-is-layout-flow\" style=\"flex-basis:66.66%\"><\/div>\n\n\n\n<div class=\"wp-block-column is-layout-flow wp-block-column-is-layout-flow\" style=\"flex-basis:33.33%\"><\/div>\n<\/div>\n\n\n\n<div class=\"wp-block-columns is-layout-flex wp-container-core-columns-is-layout-28f84493 wp-block-columns-is-layout-flex\">\n<div class=\"wp-block-column is-layout-flow wp-block-column-is-layout-flow\" style=\"flex-basis:66.66%\">\n<p>Nous vivons dans le d\u00e9saveu et la d\u00e9ception des grandes r\u00e9volutions, des grands projets de soci\u00e9t\u00e9. Mais l\u2019urgence \u00e0 laquelle ils voulaient r\u00e9pondre n\u2019a pas disparu. L\u2019enjeu ne se r\u00e9sume pas \u00e0 quelques questions, comme par exemple le sens de la vie. L\u2019enjeu est dans la construction ou la reconstruction permanente des actions de proximit\u00e9, lieux d\u2019expression, o\u00f9 renaissent les possibles dans un double mouvement&nbsp;: un recueillement vers le simple, un d\u00e9ploiement vers l\u2019immense. Laisser la parole cro\u00eetre selon ce qu\u2019elle porte afin que ce qu\u2019elle rencontre, ou ce qu\u2019elle affronte, lui soit nourriture et non extermination ou \u00e9touffement.<\/p>\n\n\n\n<p>D\u2019abord, d\u00e9passer la peur. Ses motifs sont des censures&nbsp;: le sentiment du d\u00e9risoire, du tr\u00e8s petit, du vuln\u00e9rable devant l\u2019\u00e9normit\u00e9 des choses, des puissances en place, devant tout ce qui est \u00e0 penser, \u00e0 dire, \u00e0 faire, tout ce qui serait n\u00e9cessaire. L\u2019immense para\u00eet \u00e9crasant.<\/p>\n\n\n\n<p>Il n\u2019y a pas \u00e0 esp\u00e9rer de solutions imm\u00e9diates \u00e0 ces difficult\u00e9s. On ne peut que faire fond sur ce qui nous est donn\u00e9. Quand, au sein d\u2019un atelier d\u2019art-th\u00e9rapie, on laisse les premi\u00e8res traces, les premiers mots, aller selon ce qui les porte, on esp\u00e8re juste qu\u2019ils vont doucement faire lever le monde dans lequel chaque individu s\u2019est enferm\u00e9 \u2013&nbsp;afin que le monde s\u2019y montre enfin comme une demeure, un lieu que nous pouvons habiter en go\u00fbtant toutes choses dans leur \u00ab&nbsp;aurore innocence&nbsp;\u00bb, un espace o\u00f9 nous pouvons marcher, agir, d\u00e9ployer nos dons immenses avec confiance.<\/p>\n\n\n\n<p><strong><em>Pour lire le texte complet <a href=\"\/index.php\/options-dinscription\/\"><mark style=\"background-color:rgba(0, 0, 0, 0)\" class=\"has-inline-color has-vivid-cyan-blue-color\">s&rsquo;inscrire<\/mark><\/a> ou <a href=\"\/index.php\/my-account\/edit-account\/\"><mark style=\"background-color:rgba(0, 0, 0, 0)\" class=\"has-inline-color has-vivid-cyan-blue-color\">se connecter<\/mark><\/a><\/em><\/strong><\/p>\n\n\n\n\n\n<div style=\"height:100px\" aria-hidden=\"true\" class=\"wp-block-spacer\"><\/div>\n\n\n\n<div class=\"wp-block-buttons is-content-justification-center is-layout-flex wp-container-core-buttons-is-layout-a89b3969 wp-block-buttons-is-layout-flex\">\n<div class=\"wp-block-button has-custom-font-size has-small-font-size\"><a class=\"wp-block-button__link has-vivid-red-background-color has-background wp-element-button\" href=\"\/index.php\/2022\/11\/03\/mesure-et-demesure\/\">&lt;&#8211; retour<\/a><\/div>\n<\/div>\n<\/div>\n\n\n\n<div class=\"wp-block-column is-layout-flow wp-block-column-is-layout-flow\" style=\"flex-basis:33.33%\">\n<figure class=\"wp-block-table\"><table class=\"has-background\" style=\"background-color:#f8f2f2\"><thead><tr><th><mark style=\"background-color:rgba(0, 0, 0, 0)\" class=\"has-inline-color has-vivid-red-color\"><strong>Auteur<\/strong><\/mark><\/th><\/tr><\/thead><tbody><tr><td><strong>Alain Vasseur<\/strong><\/td><\/tr><\/tbody><\/table><\/figure>\n\n\n\n<figure class=\"wp-block-table\"><table><thead><tr><th><mark style=\"background-color:rgba(0, 0, 0, 0)\" class=\"has-inline-color has-vivid-red-color\"><strong>R\u00e9f\u00e9rence<\/strong><\/mark><\/th><\/tr><\/thead><tbody><tr><td><strong>RA019-24<\/strong><br><strong>Mesure D\u00e9mesure<\/strong><br>Journ\u00e9es d\u2019Automne 2022<\/td><\/tr><\/tbody><\/table><\/figure>\n\n\n\n<figure class=\"wp-block-table\"><table><thead><tr><th><mark style=\"background-color:rgba(0, 0, 0, 0)\" class=\"has-inline-color has-vivid-red-color\"><strong>Cat\u00e9gories<\/strong><\/mark><\/th><\/tr><\/thead><tbody><tr><td>Art<br>Art-th\u00e9rapie<\/td><\/tr><\/tbody><\/table><\/figure>\n<\/div>\n<\/div>\n","protected":false},"excerpt":{"rendered":"<p>Nous vivons dans le d\u00e9saveu et la d\u00e9ception des grandes r\u00e9volutions, des grands projets de soci\u00e9t\u00e9. Mais l\u2019urgence \u00e0 laquelle ils voulaient r\u00e9pondre n\u2019a pas disparu. L\u2019enjeu ne se r\u00e9sume pas \u00e0 quelques questions, comme par exemple le sens de la vie. L\u2019enjeu est dans la construction ou la reconstruction&hellip;<\/p>\n","protected":false},"author":2,"featured_media":0,"comment_status":"closed","ping_status":"open","sticky":false,"template":"","format":"standard","meta":{"pmpro_default_level":"","ngg_post_thumbnail":0,"footnotes":""},"categories":[124],"tags":[483,492,25,479],"class_list":["post-1701","post","type-post","status-publish","format-standard","hentry","category-vasseur-alain","tag-art","tag-art-therapie","tag-mesure-demesure","tag-ra019-24","pmpro-has-access"],"_links":{"self":[{"href":"https:\/\/bibliotheque-sfpe-at.com\/index.php\/wp-json\/wp\/v2\/posts\/1701","targetHints":{"allow":["GET"]}}],"collection":[{"href":"https:\/\/bibliotheque-sfpe-at.com\/index.php\/wp-json\/wp\/v2\/posts"}],"about":[{"href":"https:\/\/bibliotheque-sfpe-at.com\/index.php\/wp-json\/wp\/v2\/types\/post"}],"author":[{"embeddable":true,"href":"https:\/\/bibliotheque-sfpe-at.com\/index.php\/wp-json\/wp\/v2\/users\/2"}],"replies":[{"embeddable":true,"href":"https:\/\/bibliotheque-sfpe-at.com\/index.php\/wp-json\/wp\/v2\/comments?post=1701"}],"version-history":[{"count":2,"href":"https:\/\/bibliotheque-sfpe-at.com\/index.php\/wp-json\/wp\/v2\/posts\/1701\/revisions"}],"predecessor-version":[{"id":3220,"href":"https:\/\/bibliotheque-sfpe-at.com\/index.php\/wp-json\/wp\/v2\/posts\/1701\/revisions\/3220"}],"wp:attachment":[{"href":"https:\/\/bibliotheque-sfpe-at.com\/index.php\/wp-json\/wp\/v2\/media?parent=1701"}],"wp:term":[{"taxonomy":"category","embeddable":true,"href":"https:\/\/bibliotheque-sfpe-at.com\/index.php\/wp-json\/wp\/v2\/categories?post=1701"},{"taxonomy":"post_tag","embeddable":true,"href":"https:\/\/bibliotheque-sfpe-at.com\/index.php\/wp-json\/wp\/v2\/tags?post=1701"}],"curies":[{"name":"wp","href":"https:\/\/api.w.org\/{rel}","templated":true}]}}