{"id":1703,"date":"2024-06-25T17:22:42","date_gmt":"2024-06-25T15:22:42","guid":{"rendered":"https:\/\/sfpe-at.com\/?p=1703"},"modified":"2025-01-19T20:24:14","modified_gmt":"2025-01-19T19:24:14","slug":"privation-des-pratiques-culturelles-apaisantes-et-contention-en-hospitalisation-psychiatrique","status":"publish","type":"post","link":"https:\/\/bibliotheque-sfpe-at.com\/index.php\/2024\/06\/25\/privation-des-pratiques-culturelles-apaisantes-et-contention-en-hospitalisation-psychiatrique\/","title":{"rendered":"Privation des pratiques culturelles apaisantes et contention en hospitalisation psychiatrique"},"content":{"rendered":"\n<div class=\"wp-block-columns is-layout-flex wp-container-core-columns-is-layout-28f84493 wp-block-columns-is-layout-flex\">\n<div class=\"wp-block-column is-layout-flow wp-block-column-is-layout-flow\" style=\"flex-basis:66.66%\"><\/div>\n\n\n\n<div class=\"wp-block-column is-layout-flow wp-block-column-is-layout-flow\" style=\"flex-basis:33.33%\"><\/div>\n<\/div>\n\n\n\n<div class=\"wp-block-columns is-layout-flex wp-container-core-columns-is-layout-28f84493 wp-block-columns-is-layout-flex\">\n<div class=\"wp-block-column is-layout-flow wp-block-column-is-layout-flow\" style=\"flex-basis:66.66%\">\n<p><\/p>\n\n\n\n<p>Retrait\u00e9e, j\u2019ai re\u00e7u un appel \u00e0 l\u2019aide de l\u2019un de mes anciens patients, qui avait \u00e9t\u00e9 en psychoth\u00e9rapie analytique \u00e0 mon cabinet durant quatre ans. La pratique de l\u2019\u00e9criture \u00e9tait alors un \u00e9l\u00e9ment structurant de sa pens\u00e9e et de ses \u00e9changes, y compris dans la cure.<\/p>\n\n\n\n<p>La psychiatre cheffe de p\u00f4le m\u2019accorda le droit de lui rendre visite.<\/p>\n\n\n\n<p>Hospitalis\u00e9 depuis plusieurs mois, sa situation au sein de ce service s\u2019\u00e9tait d\u00e9grad\u00e9e \u00e0 la suite du d\u00e9part de sa psychiatre r\u00e9f\u00e9rente et d\u2019une relation impos\u00e9e avec un rempla\u00e7ant. Priv\u00e9 de la lecture de sa Bible, de mat\u00e9riel d\u2019\u00e9criture et de la possibilit\u00e9 de d\u00e9ambulations apaisantes, ce quadrag\u00e9naire athl\u00e9tique \u00e9tait ligot\u00e9, chevilles, poignets et buste li\u00e9s \u00e0 un lit m\u00e9tallique dans une chambre d\u2019isolement.<\/p>\n\n\n\n<p>Je prolongerai mon t\u00e9moignage, publi\u00e9 sur le site VIF, par une r\u00e9flexion sur les effets d\u2019une privation des pratiques culturelles sur la vie psychique d\u2019un homme&nbsp;qui subit cette \u00ab&nbsp;contention&nbsp;en dernier recours&nbsp;\u00bb.<\/p>\n\n\n\n<p>J\u2019appuierai mon propos par quelques \u00e9l\u00e9ments de textes qu\u2019il avait lui-m\u00eame fait publier dans <em>Chim<\/em><em>\u00e8<\/em><em>re<\/em> \u00e0 l\u2019\u00e9poque de sa psychoth\u00e9rapie avec moi.<\/p>\n\n\n\n<p><strong><em>Pour lire le texte complet <a href=\"\/index.php\/options-dinscription\/\"><mark style=\"background-color:rgba(0, 0, 0, 0)\" class=\"has-inline-color has-vivid-cyan-blue-color\">s&rsquo;inscrire<\/mark><\/a> ou <a href=\"\/index.php\/my-account\/edit-account\/\"><mark style=\"background-color:rgba(0, 0, 0, 0)\" class=\"has-inline-color has-vivid-cyan-blue-color\">se connecter<\/mark><\/a><\/em><\/strong><\/p>\n\n\n\n\n\n<div style=\"height:100px\" aria-hidden=\"true\" class=\"wp-block-spacer\"><\/div>\n\n\n\n<div class=\"wp-block-buttons is-content-justification-center is-layout-flex wp-container-core-buttons-is-layout-a89b3969 wp-block-buttons-is-layout-flex\">\n<div class=\"wp-block-button has-custom-font-size has-small-font-size\"><a class=\"wp-block-button__link has-vivid-red-background-color has-background wp-element-button\" href=\"\/index.php\/2022\/11\/03\/mesure-et-demesure\/\">&lt;&#8211; retour<\/a><\/div>\n<\/div>\n<\/div>\n\n\n\n<div class=\"wp-block-column is-layout-flow wp-block-column-is-layout-flow\" style=\"flex-basis:33.33%\">\n<figure class=\"wp-block-table\"><table class=\"has-background\" style=\"background-color:#f8f2f2\"><thead><tr><th><mark style=\"background-color:rgba(0, 0, 0, 0)\" class=\"has-inline-color has-vivid-red-color\"><strong>Auteur<\/strong><\/mark><\/th><\/tr><\/thead><tbody><tr><td><strong>Mireille<\/strong> <strong>Nathan-Murat\u00a0<\/strong><\/td><\/tr><\/tbody><\/table><\/figure>\n\n\n\n<figure class=\"wp-block-table\"><table><thead><tr><th><mark style=\"background-color:rgba(0, 0, 0, 0)\" class=\"has-inline-color has-vivid-red-color\"><strong>R\u00e9f\u00e9rence<\/strong><\/mark><\/th><\/tr><\/thead><tbody><tr><td><strong>RA019-25<\/strong><br><strong>Mesure D\u00e9mesure<\/strong><br>Journ\u00e9es d\u2019Automne 2022<\/td><\/tr><\/tbody><\/table><\/figure>\n\n\n\n<figure class=\"wp-block-table\"><table><thead><tr><th><mark style=\"background-color:rgba(0, 0, 0, 0)\" class=\"has-inline-color has-vivid-red-color\"><strong>Cat\u00e9gories<\/strong><\/mark><\/th><\/tr><\/thead><tbody><tr><td>Cas clinique<br>\u00c9thique<br>Psychiatrie<\/td><\/tr><\/tbody><\/table><\/figure>\n<\/div>\n<\/div>\n","protected":false},"excerpt":{"rendered":"<p>Retrait\u00e9e, j\u2019ai re\u00e7u un appel \u00e0 l\u2019aide de l\u2019un de mes anciens patients, qui avait \u00e9t\u00e9 en psychoth\u00e9rapie analytique \u00e0 mon cabinet durant quatre ans. La pratique de l\u2019\u00e9criture \u00e9tait alors un \u00e9l\u00e9ment structurant de sa pens\u00e9e et de ses \u00e9changes, y compris dans la cure. La psychiatre cheffe de&hellip;<\/p>\n","protected":false},"author":2,"featured_media":0,"comment_status":"closed","ping_status":"open","sticky":false,"template":"","format":"standard","meta":{"pmpro_default_level":"","ngg_post_thumbnail":0,"footnotes":""},"categories":[481],"tags":[502,493,25,574,480],"class_list":["post-1703","post","type-post","status-publish","format-standard","hentry","category-nathan-murat-mireille","tag-ethique","tag-cas-clinique","tag-mesure-demesure","tag-psychiatrie","tag-ra019-25","pmpro-has-access"],"_links":{"self":[{"href":"https:\/\/bibliotheque-sfpe-at.com\/index.php\/wp-json\/wp\/v2\/posts\/1703","targetHints":{"allow":["GET"]}}],"collection":[{"href":"https:\/\/bibliotheque-sfpe-at.com\/index.php\/wp-json\/wp\/v2\/posts"}],"about":[{"href":"https:\/\/bibliotheque-sfpe-at.com\/index.php\/wp-json\/wp\/v2\/types\/post"}],"author":[{"embeddable":true,"href":"https:\/\/bibliotheque-sfpe-at.com\/index.php\/wp-json\/wp\/v2\/users\/2"}],"replies":[{"embeddable":true,"href":"https:\/\/bibliotheque-sfpe-at.com\/index.php\/wp-json\/wp\/v2\/comments?post=1703"}],"version-history":[{"count":7,"href":"https:\/\/bibliotheque-sfpe-at.com\/index.php\/wp-json\/wp\/v2\/posts\/1703\/revisions"}],"predecessor-version":[{"id":3222,"href":"https:\/\/bibliotheque-sfpe-at.com\/index.php\/wp-json\/wp\/v2\/posts\/1703\/revisions\/3222"}],"wp:attachment":[{"href":"https:\/\/bibliotheque-sfpe-at.com\/index.php\/wp-json\/wp\/v2\/media?parent=1703"}],"wp:term":[{"taxonomy":"category","embeddable":true,"href":"https:\/\/bibliotheque-sfpe-at.com\/index.php\/wp-json\/wp\/v2\/categories?post=1703"},{"taxonomy":"post_tag","embeddable":true,"href":"https:\/\/bibliotheque-sfpe-at.com\/index.php\/wp-json\/wp\/v2\/tags?post=1703"}],"curies":[{"name":"wp","href":"https:\/\/api.w.org\/{rel}","templated":true}]}}