{"id":21,"date":"2021-11-05T00:47:39","date_gmt":"2021-11-04T23:47:39","guid":{"rendered":"http:\/\/localhost\/Wordpress\/?p=21"},"modified":"2024-06-12T17:45:51","modified_gmt":"2024-06-12T15:45:51","slug":"fenetres","status":"publish","type":"post","link":"https:\/\/bibliotheque-sfpe-at.com\/index.php\/2021\/11\/05\/fenetres\/","title":{"rendered":"Fen\u00eatres"},"content":{"rendered":"<div class=\"wp-block-image\">\n<figure class=\"alignright size-large is-resized\"><a href=\"https:\/\/bibliotheque-sfpe-at.com\/wp-content\/uploads\/2024\/06\/RA017-Fenetres-1.jpg\"><img loading=\"lazy\" decoding=\"async\" width=\"724\" height=\"1024\" src=\"https:\/\/bibliotheque-sfpe-at.com\/wp-content\/uploads\/2024\/06\/RA017-Fenetres-1-724x1024.jpg\" alt=\"\" class=\"wp-image-1534\" style=\"width:350px\" srcset=\"https:\/\/bibliotheque-sfpe-at.com\/wp-content\/uploads\/2024\/06\/RA017-Fenetres-1-724x1024.jpg 724w, https:\/\/bibliotheque-sfpe-at.com\/wp-content\/uploads\/2024\/06\/RA017-Fenetres-1-600x848.jpg 600w, https:\/\/bibliotheque-sfpe-at.com\/wp-content\/uploads\/2024\/06\/RA017-Fenetres-1-212x300.jpg 212w, https:\/\/bibliotheque-sfpe-at.com\/wp-content\/uploads\/2024\/06\/RA017-Fenetres-1-768x1086.jpg 768w, https:\/\/bibliotheque-sfpe-at.com\/wp-content\/uploads\/2024\/06\/RA017-Fenetres-1-241x340.jpg 241w, https:\/\/bibliotheque-sfpe-at.com\/wp-content\/uploads\/2024\/06\/RA017-Fenetres-1-425x600.jpg 425w, https:\/\/bibliotheque-sfpe-at.com\/wp-content\/uploads\/2024\/06\/RA017-Fenetres-1.jpg 849w\" sizes=\"auto, (max-width: 724px) 100vw, 724px\" \/><\/a><\/figure>\n<\/div>\n\n\n<p><\/p>\n\n\n\n<p>Sur quel espace singulier la fen\u00eatre s\u2019ouvre-t-elle, quel interstice entre le dehors et le dedans fait-elle na\u00eetre ? &#8230;. Comment le geste artistique et la pratique clinique sont-ils articul\u00e9s \u00e0 cet espace singulier, ni tout \u00e0 fait dehors ni tout \u00e0 fait dedans &#8230;&nbsp;?<\/p>\n\n\n\n<p>&nbsp;&nbsp;&nbsp; Ouverture salutaire ou acc\u00e8s improbable vers un dehors souvent soustrait \u00e0 la vue : entre ouverture et exclusion, la fen\u00eatre rev\u00eat des significations diff\u00e9rentes et souvent contradictoires. Depuis Baudelaire, la fen\u00eatre est accessoire de la m\u00e9lancolie, ouvrant sur un dehors convoit\u00e9, mais inatteignable. C&rsquo;est depuis une fen\u00eatre que Pascal entame sa r\u00e9flexion sur \u00ab Qu\u2019est-ce que le moi ? Un homme qui se met \u00e0 la fen\u00eatre pour voir les passants si je passe, puis-je dire qu&rsquo;il s&rsquo;est mis l\u00e0 pour me voir ?&#8230;&nbsp;\u00bb. Pr\u00e9sente dans la symptomatologie psychopathologique, la fen\u00eatre dans sa version la plus tragique, le cadre bris\u00e9 du fantasme, incite le sujet psychotique \u00e0 la d\u00e9fenestration.<\/p>\n\n\n\n<p>De G\u00e9rard Wajcman et son livre Fen\u00eatre, chroniques du regard et de l\u2019intime (2004) au Colloque que l\u2019Universit\u00e9 de Franche-Comt\u00e9 a consacr\u00e9 les 23 et 24 janvier 2015 \u00e0 Fen\u00eatre : ouvertures et perspectives, de Jean Starobinski et son \u00e9tude des Fen\u00eatres de Rousseau \u00e0 Baudelaire (1983), des toiles de Vermeer \u00e0 celles de Hopper, la fen\u00eatre d\u00e9limite un int\u00e9rieur, elle pr\u00e9serve une intimit\u00e9 tout en la d\u00e9voilant. Ce double mouvement nous int\u00e9ressera dans ses dimensions esth\u00e9tiques, psychopathologiques et art th\u00e9rapeutiques. C\u2019est \u00e0 ces diff\u00e9rentes questions face aux fen\u00eatres et aux sens multiples auxquels elles nous convient que nous tentons de r\u00e9pondre en croisant interventions et interm\u00e8des artistiques.<\/p>\n\n\n<div class='pt-cv-wrapper'> <div class=\"pt-cv-view pt-cv-blockgrid iscvblock iscvreal grid1 layout2 cveffect-zoomin\" id=\"pt-cv-view-3i0h7lt2\"><div data-id=\"pt-cv-page-1\" class=\"pt-cv-page\" data-cvc=\"4\"><div class=\" pt-cv-content-item pt-cv-1-col\" ><div class=\"pt-cv-taxoterm above_title\"><a href='https:\/\/bibliotheque-sfpe-at.com\/index.php\/category\/auteurs\/schneider-francois\/' title='Schneider Fran\u00e7ois' class='pt-cv-tax-schneider-francois'>Schneider Fran\u00e7ois<\/a><\/div>\n<h4 class=\"pt-cv-title\"><a href=\"https:\/\/bibliotheque-sfpe-at.com\/index.php\/2024\/06\/12\/vingt-six-fenetres-pour-saerer-lesprit\/\" class=\"_self\" target=\"_self\" >Vingt-six fen\u00eatres pour s\u2019a\u00e9rer l\u2019esprit<\/a><\/h4>\n<div class=\"pt-cv-content\">En ouvrant les vingt-six fen\u00eatres de cette grande maison de l\u2019\u00eatre, je choisis d\u2019interroger la multiplicit\u00e9 de cadres qui se superposent imparfaitement pour tenter de d\u00e9gager les lignes entrelac\u00e9es d\u2019une contenance approximative.Les cadres th\u00e9rapeutiques que nous nommons empathie, diagnostic et \/ou art, r\u00e9sultent bien souvent &#8230;<\/div>\n<div class=\"pt-cv-rmwrap\"><a href=\"https:\/\/bibliotheque-sfpe-at.com\/index.php\/2024\/06\/12\/vingt-six-fenetres-pour-saerer-lesprit\/\" class=\"_self pt-cv-readmore btn btn-success\" target=\"_self\" >Lire La Suite\u2026<\/a><\/div><\/div>\n<div class=\" pt-cv-content-item pt-cv-1-col\" ><div class=\"pt-cv-taxoterm above_title\"><a href='https:\/\/bibliotheque-sfpe-at.com\/index.php\/category\/auteurs\/reillanne-ghislaine\/' title='Reillanne Ghislaine' class='pt-cv-tax-reillanne-ghislaine'>Reillanne Ghislaine<\/a><\/div>\n<h4 class=\"pt-cv-title\"><a href=\"https:\/\/bibliotheque-sfpe-at.com\/index.php\/2024\/06\/12\/chagall-et-la-colombe-se-posa-sur-le-bord-de-la-fenetre\/\" class=\"_self\" target=\"_self\" >Chagall : et la colombe se posa sur le bord de la fen\u00eatre\u2026<\/a><\/h4>\n<div class=\"pt-cv-content\">Depuis la nuit des temps la Fen\u00eatre existe, puisque d\u00e9j\u00e0 dans la Gen\u00e8se Dieu avait exhort\u00e9 No\u00e9 \u00e0 construire son Arche avec une fen\u00eatre. Celle-ci n\u2019est pas tant un objet architectural ou ornemental, c\u2019est un \u00e9l\u00e9ment essentiel de m\u00e9diation entre deux perceptions de l\u2019espace, l\u2019int\u00e9rieur, &#8230;<\/div>\n<div class=\"pt-cv-rmwrap\"><a href=\"https:\/\/bibliotheque-sfpe-at.com\/index.php\/2024\/06\/12\/chagall-et-la-colombe-se-posa-sur-le-bord-de-la-fenetre\/\" class=\"_self pt-cv-readmore btn btn-success\" target=\"_self\" >Lire La Suite\u2026<\/a><\/div><\/div>\n<div class=\" pt-cv-content-item pt-cv-1-col\" ><div class=\"pt-cv-taxoterm above_title\"><a href='https:\/\/bibliotheque-sfpe-at.com\/index.php\/category\/auteurs\/burtin-marie-pierre\/' title='Burtin Marie-Pierre' class='pt-cv-tax-burtin-marie-pierre'>Burtin Marie-Pierre<\/a><\/div>\n<h4 class=\"pt-cv-title\"><a href=\"https:\/\/bibliotheque-sfpe-at.com\/index.php\/2024\/06\/12\/les-fenetres-dans-loeuvre-dedward-hopper-ou-le-theatre-de-lintime\/\" class=\"_self\" target=\"_self\" >Les fen\u00eatres dans l\u2019\u0153uvre d\u2019Edward Hopper, ou le th\u00e9\u00e2tre de l\u2019intime<\/a><\/h4>\n<div class=\"pt-cv-content\">\u00abIl est difficile de peindre en m\u00eame temps un int\u00e9rieur et un ext\u00e9rieur \u00bb aurait dit, assez platement, Edward Hopper. Gageons que cette formule concerne, en fait, le probl\u00e8me de la peinture lorsqu\u2019elle doit figurer l\u2019invisible avec du visible. Figuration \u00e0 laquelle concourt le motif &#8230;<\/div>\n<div class=\"pt-cv-rmwrap\"><a href=\"https:\/\/bibliotheque-sfpe-at.com\/index.php\/2024\/06\/12\/les-fenetres-dans-loeuvre-dedward-hopper-ou-le-theatre-de-lintime\/\" class=\"_self pt-cv-readmore btn btn-success\" target=\"_self\" >Lire La Suite\u2026<\/a><\/div><\/div>\n<div class=\" pt-cv-content-item pt-cv-1-col\" ><div class=\"pt-cv-taxoterm above_title\"><a href='https:\/\/bibliotheque-sfpe-at.com\/index.php\/category\/auteurs\/massardier-luc\/' title='Massardier Luc' class='pt-cv-tax-massardier-luc'>Massardier Luc<\/a><\/div>\n<h4 class=\"pt-cv-title\"><a href=\"https:\/\/bibliotheque-sfpe-at.com\/index.php\/2024\/06\/12\/au-detour-des-fenetres\/\" class=\"_self\" target=\"_self\" >Au d\u00e9tour des fen\u00eatres<\/a><\/h4>\n<div class=\"pt-cv-content\">On peut tout voir, ou ne rien voir d\u2019une fen\u00eatre. Ouvrons-la quand m\u00eame. D\u2019aucuns l\u2019appellent une crois\u00e9e. Quelle origine \u00e0 cette appellation ? Autres moeurs, autres termes, voyons sur quoi elle permet au regard de se fixer. La femme assise de Hopper, immobile, assise sur &#8230;<\/div>\n<div class=\"pt-cv-rmwrap\"><a href=\"https:\/\/bibliotheque-sfpe-at.com\/index.php\/2024\/06\/12\/au-detour-des-fenetres\/\" class=\"_self pt-cv-readmore btn btn-success\" target=\"_self\" >Lire La Suite\u2026<\/a><\/div><\/div>\n<div class=\" pt-cv-content-item pt-cv-1-col\" ><div class=\"pt-cv-taxoterm above_title\"><a href='https:\/\/bibliotheque-sfpe-at.com\/index.php\/category\/auteurs\/barthelemy-jean-marie\/' title='Barth\u00e9l\u00e9my Jean-Marie' class='pt-cv-tax-barthelemy-jean-marie'>Barth\u00e9l\u00e9my Jean-Marie<\/a><\/div>\n<h4 class=\"pt-cv-title\"><a href=\"https:\/\/bibliotheque-sfpe-at.com\/index.php\/2024\/06\/12\/la-fenetre-dangle-de-mon-cousin-kaleidoscope-du-soi-createur\/\" class=\"_self\" target=\"_self\" >La fen\u00eatre d\u2019angle de mon cousin, kal\u00e9idoscope du soi cr\u00e9ateur<\/a><\/h4>\n<div class=\"pt-cv-content\">Depuis un chevet de souffrance bient\u00f4t repli d\u2019agonie puis lit de mort, E.T.A. Hoffmann, paralys\u00e9 jusqu\u2019\u00e0 la moelle par un tabes dorsalis qui le prive du geste d\u2019\u00e9crire, dicte encore \u00e0 son \u00e9pouse Micha\u00eblina. Parmi ses derniers contes, La fen\u00eatre d\u2019angle de mon cousin, s\u2019efforce, &#8230;<\/div>\n<div class=\"pt-cv-rmwrap\"><a href=\"https:\/\/bibliotheque-sfpe-at.com\/index.php\/2024\/06\/12\/la-fenetre-dangle-de-mon-cousin-kaleidoscope-du-soi-createur\/\" class=\"_self pt-cv-readmore btn btn-success\" target=\"_self\" >Lire La Suite\u2026<\/a><\/div><\/div>\n<div class=\" pt-cv-content-item pt-cv-1-col\" ><div class=\"pt-cv-taxoterm above_title\"><a href='https:\/\/bibliotheque-sfpe-at.com\/index.php\/category\/auteurs\/marsat-martine\/' title='Marsat Martine' class='pt-cv-tax-marsat-martine'>Marsat Martine<\/a><\/div>\n<h4 class=\"pt-cv-title\"><a href=\"https:\/\/bibliotheque-sfpe-at.com\/index.php\/2024\/06\/12\/la-litterature-demile-zola-une-fenetre-sur-le-monde-ou-lemergence-dune-nouvelle-esthetique-le-naturalisme\/\" class=\"_self\" target=\"_self\" >La litt\u00e9rature d\u2019\u00c9mile Zola : une fen\u00eatre sur le monde ou l\u2019\u00e9mergence d\u2019une nouvelle esth\u00e9tique: le naturalisme<\/a><\/h4>\n<div class=\"pt-cv-content\">Attach\u00e9e au motif embl\u00e9matique de la fen\u00eatre ouverte sur le monde, cette communication montre, \u00e0 travers l\u2019oeuvre d\u2019\u00c9mile Zola, Les Rougon-Macquart, l\u2019histoire naturelle et sociale d\u2019une famille sous le second Empire. Le romancier social d\u00e9crit la d\u00e9ch\u00e9ance de l\u2019homme li\u00e9e \u00e0 ses h\u00e9r\u00e9dit\u00e9s et son &#8230;<\/div>\n<div class=\"pt-cv-rmwrap\"><a href=\"https:\/\/bibliotheque-sfpe-at.com\/index.php\/2024\/06\/12\/la-litterature-demile-zola-une-fenetre-sur-le-monde-ou-lemergence-dune-nouvelle-esthetique-le-naturalisme\/\" class=\"_self pt-cv-readmore btn btn-success\" target=\"_self\" >Lire La Suite\u2026<\/a><\/div><\/div>\n<div class=\" pt-cv-content-item pt-cv-1-col\" ><div class=\"pt-cv-taxoterm above_title\"><a href='https:\/\/bibliotheque-sfpe-at.com\/index.php\/category\/auteurs\/mourtada-youssef\/' title='Mourtada Youssef' class='pt-cv-tax-mourtada-youssef'>Mourtada Youssef<\/a><\/div>\n<h4 class=\"pt-cv-title\"><a href=\"https:\/\/bibliotheque-sfpe-at.com\/index.php\/2024\/06\/12\/etre-et-fenetre\/\" class=\"_self\" target=\"_self\" >\u00catre et fen\u00eatre<\/a><\/h4>\n<div class=\"pt-cv-content\">Les yeux comme le sexe (et non l\u2019appareil g\u00e9nital) sont d\u2019\u00e9tranges organes qui ne se r\u00e9duisent pas \u00e0 un moi, ils rel\u00e8vent de l\u2019autre. Mais l\u2019\u00e9trange est un familier qu\u2019on ignore et, comme le dit \u00e0 juste titre l\u2019auteur de l\u2019Empire des lumi\u00e8res, le myst\u00e8re &#8230;<\/div>\n<div class=\"pt-cv-rmwrap\"><a href=\"https:\/\/bibliotheque-sfpe-at.com\/index.php\/2024\/06\/12\/etre-et-fenetre\/\" class=\"_self pt-cv-readmore btn btn-success\" target=\"_self\" >Lire La Suite\u2026<\/a><\/div><\/div>\n<div class=\" pt-cv-content-item pt-cv-1-col\" ><div class=\"pt-cv-taxoterm above_title\"><a href='https:\/\/bibliotheque-sfpe-at.com\/index.php\/category\/auteurs\/thierry-gabrielle\/' title='Thierry Gabrielle' class='pt-cv-tax-thierry-gabrielle'>Thierry Gabrielle<\/a><\/div>\n<h4 class=\"pt-cv-title\"><a href=\"https:\/\/bibliotheque-sfpe-at.com\/index.php\/2024\/06\/12\/dessine-ta-fenetre-la-fenetre-et-le-dessin-en-temps-de-pandemie\/\" class=\"_self\" target=\"_self\" >Dessine ta fen\u00eatre, la fen\u00eatre et le dessin en temps de pand\u00e9mie<\/a><\/h4>\n<div class=\"pt-cv-content\">Cette manifestation artistique t\u00e9moignant de nos vies pendant les confinements a \u00e9t\u00e9 lanc\u00e9e sur les r\u00e9seaux sociaux en mars 2020 et fait l\u2019objet d\u2019une exposition au mus\u00e9e des Beaux-arts La Cohue de Vannes. L\u2019intervention propose de pr\u00e9senter comment la fen\u00eatre, fronti\u00e8re entre le monde et &#8230;<\/div>\n<div class=\"pt-cv-rmwrap\"><a href=\"https:\/\/bibliotheque-sfpe-at.com\/index.php\/2024\/06\/12\/dessine-ta-fenetre-la-fenetre-et-le-dessin-en-temps-de-pandemie\/\" class=\"_self pt-cv-readmore btn btn-success\" target=\"_self\" >Lire La Suite\u2026<\/a><\/div><\/div>\n<div class=\" pt-cv-content-item pt-cv-1-col\" ><div class=\"pt-cv-taxoterm above_title\"><a href='https:\/\/bibliotheque-sfpe-at.com\/index.php\/category\/auteurs\/chemin-isabelle\/' title='Chemin Isabelle' class='pt-cv-tax-chemin-isabelle'>Chemin Isabelle<\/a><\/div>\n<h4 class=\"pt-cv-title\"><a href=\"https:\/\/bibliotheque-sfpe-at.com\/index.php\/2024\/06\/12\/de-la-fenetre-grille-au-vitrail-de-la-liberte\/\" class=\"_self\" target=\"_self\" >De la fen\u00eatre-grille au vitrail de la libert\u00e9<\/a><\/h4>\n<div class=\"pt-cv-content\">Les ateliers hebdomadaires en foyer de vie durant le confinement ont permis l\u2019aboutissement d\u2019une cr\u00e9ation multim\u00e9dia, Le vitrail de la libert\u00e9, m\u00ealant questionnements, craintes et angoisses, mais aussi attentes et espoirs des r\u00e9sidents. On y retrouve leurs dessins, leurs voix, leurs chants. Je voudrais montrer &#8230;<\/div>\n<div class=\"pt-cv-rmwrap\"><a href=\"https:\/\/bibliotheque-sfpe-at.com\/index.php\/2024\/06\/12\/de-la-fenetre-grille-au-vitrail-de-la-liberte\/\" class=\"_self pt-cv-readmore btn btn-success\" target=\"_self\" >Lire La Suite\u2026<\/a><\/div><\/div>\n<div class=\" pt-cv-content-item pt-cv-1-col\" ><div class=\"pt-cv-taxoterm above_title\"><a href='https:\/\/bibliotheque-sfpe-at.com\/index.php\/category\/auteurs\/de-lagausie-veronique\/' title='De Lagausie V\u00e9ronique' class='pt-cv-tax-de-lagausie-veronique'>De Lagausie V\u00e9ronique<\/a><\/div>\n<h4 class=\"pt-cv-title\"><a href=\"https:\/\/bibliotheque-sfpe-at.com\/index.php\/2024\/06\/12\/les-trois-fenetres-une-tache-inaugurale-de-psychotherapie-par-lart-therapie\/\" class=\"_self\" target=\"_self\" >Les trois fen\u00eatres, une t\u00e2che inaugurale de psychoth\u00e9rapie par l\u2019art-th\u00e9rapie<\/a><\/h4>\n<div class=\"pt-cv-content\">Habiter c\u2019est \u00eatre de quelque part. Du territoire familier \u00e0 la chambre, les p\u00e9rim\u00e8tres de nos enveloppes soutiennent notre psychisme comme des v\u00eatements ou des peaux aux diff\u00e9rentes fonctions (Anzieu, 1995). La fen\u00eatre fait trou\u00e9e de la paroi donnant \u00e0 voir la solide \u00e9paisseur de &#8230;<\/div>\n<div class=\"pt-cv-rmwrap\"><a href=\"https:\/\/bibliotheque-sfpe-at.com\/index.php\/2024\/06\/12\/les-trois-fenetres-une-tache-inaugurale-de-psychotherapie-par-lart-therapie\/\" class=\"_self pt-cv-readmore btn btn-success\" target=\"_self\" >Lire La Suite\u2026<\/a><\/div><\/div>\n<div class=\" pt-cv-content-item pt-cv-1-col\" ><div class=\"pt-cv-taxoterm above_title\"><a href='https:\/\/bibliotheque-sfpe-at.com\/index.php\/category\/auteurs\/winter-sonia\/' title='Winter Sonia' class='pt-cv-tax-winter-sonia'>Winter Sonia<\/a><\/div>\n<h4 class=\"pt-cv-title\"><a href=\"https:\/\/bibliotheque-sfpe-at.com\/index.php\/2024\/06\/12\/la-creation-dun-film-pour-se-reconstruire-apres-un-evenement-traumatique\/\" class=\"_self\" target=\"_self\" >La cr\u00e9ation d\u2019un film pour se reconstruire apr\u00e8s un \u00e9v\u00e9nement traumatique<\/a><\/h4>\n<div class=\"pt-cv-content\">L e cin\u00e9ma a souvent \u00e9t\u00e9 d\u00e9crit comme une \u00ab fen\u00eatre ouverte sur le monde \u00bb. Le d\u00e9veloppement des technologies num\u00e9riques permet aujourd\u2019hui \u00e0 tout individu de t\u00e9moigner de son existence et de tenter d\u2019inscrire son histoire personnelle, souvent intime, dans une histoire humaine globalis\u00e9e &#8230;<\/div>\n<div class=\"pt-cv-rmwrap\"><a href=\"https:\/\/bibliotheque-sfpe-at.com\/index.php\/2024\/06\/12\/la-creation-dun-film-pour-se-reconstruire-apres-un-evenement-traumatique\/\" class=\"_self pt-cv-readmore btn btn-success\" target=\"_self\" >Lire La Suite\u2026<\/a><\/div><\/div>\n<div class=\" pt-cv-content-item pt-cv-1-col\" ><div class=\"pt-cv-taxoterm above_title\"><a href='https:\/\/bibliotheque-sfpe-at.com\/index.php\/category\/auteurs\/bompart-malvina\/' title='Bompart Malvina' class='pt-cv-tax-bompart-malvina'>Bompart Malvina<\/a><\/div>\n<h4 class=\"pt-cv-title\"><a href=\"https:\/\/bibliotheque-sfpe-at.com\/index.php\/2024\/06\/12\/de-la-fenetre-comme-metaphore-deprouves-psycho-sensoriels\/\" class=\"_self\" target=\"_self\" >De la fen\u00eatre, comme m\u00e9taphore d\u2019\u00e9prouv\u00e9s psycho\/sensoriels<\/a><\/h4>\n<div class=\"pt-cv-content\">La mise en perspective des propos de L.B. Alberti, maintes fois comment\u00e9s, qui relient le tableau, la fen\u00eatre et la \u00ab historia \u00bb \u2014 le r\u00e9cit pictural \u2014 avec l\u2019incitation de Poussin \u00e0 \u00ab lire l\u2019histoire et le tableau \u00bb et avec le constat par &#8230;<\/div>\n<div class=\"pt-cv-rmwrap\"><a href=\"https:\/\/bibliotheque-sfpe-at.com\/index.php\/2024\/06\/12\/de-la-fenetre-comme-metaphore-deprouves-psycho-sensoriels\/\" class=\"_self pt-cv-readmore btn btn-success\" target=\"_self\" >Lire La Suite\u2026<\/a><\/div><\/div>\n<div class=\" pt-cv-content-item pt-cv-1-col\" ><div class=\"pt-cv-taxoterm above_title\"><a href='https:\/\/bibliotheque-sfpe-at.com\/index.php\/category\/auteurs\/saint-pierre-olivier\/' title='Saint-Pierre Olivier' class='pt-cv-tax-saint-pierre-olivier'>Saint-Pierre Olivier<\/a><\/div>\n<h4 class=\"pt-cv-title\"><a href=\"https:\/\/bibliotheque-sfpe-at.com\/index.php\/2024\/06\/12\/nature-et-lumiere-la-fenetre-chez-marcel-proust-et-pierre-bonnard\/\" class=\"_self\" target=\"_self\" >Nature et lumi\u00e8re, la fen\u00eatre chez Marcel Proust et Pierre Bonnard<\/a><\/h4>\n<div class=\"pt-cv-content\">La lumi\u00e8re au travers de la fen\u00eatre donne \u00e0 notre corps l\u2019instant de l\u2019existence, je suis dans ce moment \u00e9trange de l\u2019interpellation du monde ext\u00e9rieur. Ceci fait instant et acte de r\u00e9alit\u00e9 du monde, du soleil, du temps infini et de l\u2019intime. Une sorte d\u2019amour &#8230;<\/div>\n<div class=\"pt-cv-rmwrap\"><a href=\"https:\/\/bibliotheque-sfpe-at.com\/index.php\/2024\/06\/12\/nature-et-lumiere-la-fenetre-chez-marcel-proust-et-pierre-bonnard\/\" class=\"_self pt-cv-readmore btn btn-success\" target=\"_self\" >Lire La Suite\u2026<\/a><\/div><\/div>\n<div class=\" pt-cv-content-item pt-cv-1-col\" ><div class=\"pt-cv-taxoterm above_title\"><a href='https:\/\/bibliotheque-sfpe-at.com\/index.php\/category\/auteurs\/martineau-jean-pierre\/' title='Martineau Jean-Pierre' class='pt-cv-tax-martineau-jean-pierre'>Martineau Jean-Pierre<\/a><\/div>\n<h4 class=\"pt-cv-title\"><a href=\"https:\/\/bibliotheque-sfpe-at.com\/index.php\/2024\/06\/12\/lazur-par-la-fenetre-ou-lamour-dailleurs\/\" class=\"_self\" target=\"_self\" >L\u2019azur par la fen\u00eatre ou l\u2019amour d\u2019ailleurs<\/a><\/h4>\n<div class=\"pt-cv-content\">E p\u00e9riculoso sporgesi. Pour expliquer la forme de d\u00e9prise qui sied au travail d\u2019association libre, Freud renvoyait \u00e0 la position du voyageur dans un train (se) racontant ce qui d\u00e9filait par la fen\u00eatre : visions de r\u00e9alit\u00e9s et de r\u00eaveries, de mises en abyme et &#8230;<\/div>\n<div class=\"pt-cv-rmwrap\"><a href=\"https:\/\/bibliotheque-sfpe-at.com\/index.php\/2024\/06\/12\/lazur-par-la-fenetre-ou-lamour-dailleurs\/\" class=\"_self pt-cv-readmore btn btn-success\" target=\"_self\" >Lire La Suite\u2026<\/a><\/div><\/div>\n<div class=\" pt-cv-content-item pt-cv-1-col\" ><div class=\"pt-cv-taxoterm above_title\"><a href='https:\/\/bibliotheque-sfpe-at.com\/index.php\/category\/auteurs\/boute-gerard\/' title='Bout\u00e9 G\u00e9rard' class='pt-cv-tax-boute-gerard'>Bout\u00e9 G\u00e9rard<\/a><\/div>\n<h4 class=\"pt-cv-title\"><a href=\"https:\/\/bibliotheque-sfpe-at.com\/index.php\/2024\/06\/12\/fenetre-sur-lenchantement-pierre-bonnard\/\" class=\"_self\" target=\"_self\" >Fen\u00eatre sur l\u2019enchantement : Pierre Bonnard<\/a><\/h4>\n<div class=\"pt-cv-content\">\u00ab Je trace sur la surface \u00e0 peindre un quadrilat\u00e8re qui serapour moi comme une fen\u00eatre ouverte sur le monde. \u00bbLeon Battista Alberti, 1404-1472 Nombre de fen\u00eatres sont pr\u00e9sentes dans l\u2019histoire de la peinture \u2026 Elles sont une mani\u00e8re de distinguer deux espaces. Au-del\u00e0 de &#8230;<\/div>\n<div class=\"pt-cv-rmwrap\"><a href=\"https:\/\/bibliotheque-sfpe-at.com\/index.php\/2024\/06\/12\/fenetre-sur-lenchantement-pierre-bonnard\/\" class=\"_self pt-cv-readmore btn btn-success\" target=\"_self\" >Lire La Suite\u2026<\/a><\/div><\/div>\n<div class=\" pt-cv-content-item pt-cv-1-col\" ><div class=\"pt-cv-taxoterm above_title\"><a href='https:\/\/bibliotheque-sfpe-at.com\/index.php\/category\/auteurs\/lafrance-pierre\/' title='Lafrance Pierre' class='pt-cv-tax-lafrance-pierre'>Lafrance Pierre<\/a><a href='https:\/\/bibliotheque-sfpe-at.com\/index.php\/category\/auteurs\/schauder-silke\/' title='Schauder Silke' class='pt-cv-tax-schauder-silke'>Schauder Silke<\/a><\/div>\n<h4 class=\"pt-cv-title\"><a href=\"https:\/\/bibliotheque-sfpe-at.com\/index.php\/2024\/06\/12\/entre-le-fini-et-linfini-fenetre-sur-rue-sur-cour-ou-jardin\/\" class=\"_self\" target=\"_self\" >Entre le fini et l\u2019infini : fen\u00eatre sur rue, sur cour ou jardin<\/a><\/h4>\n<div class=\"pt-cv-content\">\u00ab La r\u00e9alit\u00e9 est ce qui nous arrive jusqu\u2019\u00e0 la fen\u00eatre. \u00bb \u00ab Se regardant avec les yeux cass\u00e9s de leurs fen\u00eatres \u00bb, Les Usines du grand po\u00e8te belge \u00c9mile Verhaeren d\u00e9limitent un dedans soustrait aux regards, elles ouvrent sur un dehors essentiellement ambivalent. Persiennes &#8230;<\/div>\n<div class=\"pt-cv-rmwrap\"><a href=\"https:\/\/bibliotheque-sfpe-at.com\/index.php\/2024\/06\/12\/entre-le-fini-et-linfini-fenetre-sur-rue-sur-cour-ou-jardin\/\" class=\"_self pt-cv-readmore btn btn-success\" target=\"_self\" >Lire La Suite\u2026<\/a><\/div><\/div>\n<div class=\" pt-cv-content-item pt-cv-1-col\" ><div class=\"pt-cv-taxoterm above_title\"><a href='https:\/\/bibliotheque-sfpe-at.com\/index.php\/category\/auteurs\/rigaud-bernard\/' title='Rigaud Bernard' class='pt-cv-tax-rigaud-bernard'>Rigaud Bernard<\/a><\/div>\n<h4 class=\"pt-cv-title\"><a href=\"https:\/\/bibliotheque-sfpe-at.com\/index.php\/2024\/06\/12\/fenetres-entre-ouverture-et-vertige\/\" class=\"_self\" target=\"_self\" >Fen\u00eatres : entre ouverture et vertige<\/a><\/h4>\n<div class=\"pt-cv-content\">Devant une fen\u00eatre, nous pouvons nous stabiliser face \u00e0 l\u2019ouverture ou perdre pied et basculer dans le vertige. Et c\u2019est le rythme qui transforme le vertige en ouverture. Mais sans l\u2019exp\u00e9rience du vertige, pas de rythme. Quel meilleur premier acc\u00e8s au vertige que la fen\u00eatre &#8230;<\/div>\n<div class=\"pt-cv-rmwrap\"><a href=\"https:\/\/bibliotheque-sfpe-at.com\/index.php\/2024\/06\/12\/fenetres-entre-ouverture-et-vertige\/\" class=\"_self pt-cv-readmore btn btn-success\" target=\"_self\" >Lire La Suite\u2026<\/a><\/div><\/div>\n<div class=\" pt-cv-content-item pt-cv-1-col\" ><div class=\"pt-cv-taxoterm above_title\"><a href='https:\/\/bibliotheque-sfpe-at.com\/index.php\/category\/auteurs\/bloess-georges\/' title='Bloess Georges' class='pt-cv-tax-bloess-georges'>Bloess Georges<\/a><\/div>\n<h4 class=\"pt-cv-title\"><a href=\"https:\/\/bibliotheque-sfpe-at.com\/index.php\/2024\/06\/12\/fenetres-entre-quete-didentite-et-desir-dinfini\/\" class=\"_self\" target=\"_self\" >Fen\u00eatres : entre qu\u00eate d\u2019identit\u00e9 et d\u00e9sir d\u2019Infini<\/a><\/h4>\n<div class=\"pt-cv-content\">Cela semble une \u00e9vidence : pur prolongement de notre corps, les fen\u00eatres font partie de notre espace intime. Comment concevoir l\u2019architecture humaine sans elles ? Et quant au dispositif pictural, n\u2019est-il pas dans son essence, lui-m\u00eame fen\u00eatre ? Seul le souvenir de la peinture murale, &#8230;<\/div>\n<div class=\"pt-cv-rmwrap\"><a href=\"https:\/\/bibliotheque-sfpe-at.com\/index.php\/2024\/06\/12\/fenetres-entre-quete-didentite-et-desir-dinfini\/\" class=\"_self pt-cv-readmore btn btn-success\" target=\"_self\" >Lire La Suite\u2026<\/a><\/div><\/div>\n<div class=\" pt-cv-content-item pt-cv-1-col\" ><div class=\"pt-cv-taxoterm above_title\"><a href='https:\/\/bibliotheque-sfpe-at.com\/index.php\/category\/auteurs\/cassayre-sylvie\/' title='Cassayre Sylvie' class='pt-cv-tax-cassayre-sylvie'>Cassayre Sylvie<\/a><\/div>\n<h4 class=\"pt-cv-title\"><a href=\"https:\/\/bibliotheque-sfpe-at.com\/index.php\/2024\/06\/12\/apollinaire-et-robert-delaunay-des-briseurs-de-fenetres\/\" class=\"_self\" target=\"_self\" >Apollinaire et Robert Delaunay, des briseurs de fen\u00eatres ?<\/a><\/h4>\n<div class=\"pt-cv-content\">Apollinaire compose les po\u00e8mes de Calligrammes entre 1912 et 1917. Entre 1912 et 1913, Robert Delaunay r\u00e9alise la s\u00e9rie des Fen\u00eatres. En janvier 1913, Apollinaire et Delaunay vont ensemble \u00e0 Berlin, \u00e0 l\u2019occasion de l\u2019exposition du peintre \u00e0 la galerie du Sturm. Pour ouvrir l\u2019album-catalogue &#8230;<\/div>\n<div class=\"pt-cv-rmwrap\"><a href=\"https:\/\/bibliotheque-sfpe-at.com\/index.php\/2024\/06\/12\/apollinaire-et-robert-delaunay-des-briseurs-de-fenetres\/\" class=\"_self pt-cv-readmore btn btn-success\" target=\"_self\" >Lire La Suite\u2026<\/a><\/div><\/div>\n<div class=\" pt-cv-content-item pt-cv-1-col\" ><div class=\"pt-cv-taxoterm above_title\"><a href='https:\/\/bibliotheque-sfpe-at.com\/index.php\/category\/auteurs\/corbonnois-sigalas-laurence\/' title='Corbonnois Sigalas Laurence' class='pt-cv-tax-corbonnois-sigalas-laurence'>Corbonnois Sigalas Laurence<\/a><\/div>\n<h4 class=\"pt-cv-title\"><a href=\"https:\/\/bibliotheque-sfpe-at.com\/index.php\/2024\/06\/12\/le-musee-fenetre-sur-la-vie\/\" class=\"_self\" target=\"_self\" >Le mus\u00e9e, fen\u00eatre sur la vie<\/a><\/h4>\n<div class=\"pt-cv-content\">Si l\u2019atelier d\u2019art -th\u00e9rapie est le cadre par lequel l\u2019ombre se dissipe, laissant entrevoir l\u2019intime du patient \u00e0 travers sa cr\u00e9ation, le mus\u00e9e est, lui aussi, vecteur de lumi\u00e8re, au-dedans et au-dehors. \u00ab L\u2019oeuvre d\u2019art doit projeter sa lumi\u00e8re, et non l\u2019emprunter \u00bb affirmait le &#8230;<\/div>\n<div class=\"pt-cv-rmwrap\"><a href=\"https:\/\/bibliotheque-sfpe-at.com\/index.php\/2024\/06\/12\/le-musee-fenetre-sur-la-vie\/\" class=\"_self pt-cv-readmore btn btn-success\" target=\"_self\" >Lire La Suite\u2026<\/a><\/div><\/div>\n<div class=\" pt-cv-content-item pt-cv-1-col\" ><div class=\"pt-cv-taxoterm above_title\"><a href='https:\/\/bibliotheque-sfpe-at.com\/index.php\/category\/auteurs\/granier-francois\/' title='Granier Fran\u00e7ois' class='pt-cv-tax-granier-francois'>Granier Fran\u00e7ois<\/a><\/div>\n<h4 class=\"pt-cv-title\"><a href=\"https:\/\/bibliotheque-sfpe-at.com\/index.php\/2024\/06\/12\/une-fenetre-therapeutique-lisolement-psychotherapique-dans-lanorexie-mentale\/\" class=\"_self\" target=\"_self\" >Une fen\u00eatre th\u00e9rapeutique : l\u2019isolement psychoth\u00e9rapique dans l\u2019anorexie mentale<\/a><\/h4>\n<div class=\"pt-cv-content\">En th\u00e9rapeutique, une fen\u00eatre th\u00e9rapeutique est un wash-out pour \u00e9valuer les effets positifs ou au contraire secondaires entre diff\u00e9rents traitements. L\u2019isolement psychoth\u00e9rapique s\u2019impose de m\u00eame quand l\u2019anorectique est d\u00e9bord\u00e9e par ses sympt\u00f4mes, ses compulsions, cet auto-enfermement dont elle ne peut plus se sortir seule, se &#8230;<\/div>\n<div class=\"pt-cv-rmwrap\"><a href=\"https:\/\/bibliotheque-sfpe-at.com\/index.php\/2024\/06\/12\/une-fenetre-therapeutique-lisolement-psychotherapique-dans-lanorexie-mentale\/\" class=\"_self pt-cv-readmore btn btn-success\" target=\"_self\" >Lire La Suite\u2026<\/a><\/div><\/div>\n<div class=\" pt-cv-content-item pt-cv-1-col\" ><div class=\"pt-cv-taxoterm above_title\"><a href='https:\/\/bibliotheque-sfpe-at.com\/index.php\/category\/auteurs\/paradas-christophe\/' title='Paradas Christophe' class='pt-cv-tax-paradas-christophe'>Paradas Christophe<\/a><\/div>\n<h4 class=\"pt-cv-title\"><a href=\"https:\/\/bibliotheque-sfpe-at.com\/index.php\/2024\/06\/12\/lamour-au-balcon-contre-la-defenestration\/\" class=\"_self\" target=\"_self\" >L\u2019amour au balcon, contre la d\u00e9fenestration ?<\/a><\/h4>\n<div class=\"pt-cv-content\">D\u2019un c\u00f4t\u00e9 de la sc\u00e8ne, trois fen\u00eatres dramaturgiques, le vide et l\u2019extase aux balcons : Pell\u00e9as et M\u00e9lisande, Roxane et Cyrano, Rom\u00e9o et Juliette. De l\u2019autre, le geste fou en clinique du passage \u00e0 l\u2019acte aux fen\u00eatres : fractures du r\u00e9el, fuites en avant, voyages &#8230;<\/div>\n<div class=\"pt-cv-rmwrap\"><a href=\"https:\/\/bibliotheque-sfpe-at.com\/index.php\/2024\/06\/12\/lamour-au-balcon-contre-la-defenestration\/\" class=\"_self pt-cv-readmore btn btn-success\" target=\"_self\" >Lire La Suite\u2026<\/a><\/div><\/div>\n<div class=\" pt-cv-content-item pt-cv-1-col\" ><div class=\"pt-cv-taxoterm above_title\"><a href='https:\/\/bibliotheque-sfpe-at.com\/index.php\/category\/auteurs\/vaysse-jocelyne\/' title='Vaysse Jocelyne' class='pt-cv-tax-vaysse-jocelyne'>Vaysse Jocelyne<\/a><\/div>\n<h4 class=\"pt-cv-title\"><a href=\"https:\/\/bibliotheque-sfpe-at.com\/index.php\/2024\/06\/12\/ne-vois-tu-rien-venir-intrusions-incestueuses-et-effraction-du-soi-corporel\/\" class=\"_self\" target=\"_self\" >\u00ab {\u2026} Ne vois-tu rien venir ? \u00bb intrusions incestueuses et effraction du soi corporel<\/a><\/h4>\n<div class=\"pt-cv-content\">De la fen\u00eatre du troisi\u00e8me \u00e9tage de son pavillon, L., 25 ans, scrute anxieusement chaque soir ce qu\u2019elle craint \u00ab voir venir \u00bb : r\u00f4deur for\u00e7ant la grille verrouill\u00e9e, intrus cach\u00e9 dans le jardin&#8230; Du conte de Ch. Perrault, on retiendra l\u2019emprise masculine destructrice de &#8230;<\/div>\n<div class=\"pt-cv-rmwrap\"><a href=\"https:\/\/bibliotheque-sfpe-at.com\/index.php\/2024\/06\/12\/ne-vois-tu-rien-venir-intrusions-incestueuses-et-effraction-du-soi-corporel\/\" class=\"_self pt-cv-readmore btn btn-success\" target=\"_self\" >Lire La Suite\u2026<\/a><\/div><\/div>\n<div class=\" pt-cv-content-item pt-cv-1-col\" ><div class=\"pt-cv-taxoterm above_title\"><a href='https:\/\/bibliotheque-sfpe-at.com\/index.php\/category\/auteurs\/christaki-angelique\/' title='Christaki Ang\u00e9lique' class='pt-cv-tax-christaki-angelique'>Christaki Ang\u00e9lique<\/a><\/div>\n<h4 class=\"pt-cv-title\"><a href=\"https:\/\/bibliotheque-sfpe-at.com\/index.php\/2024\/06\/12\/une-fenetre-empoisonnee-le-rire-au-nom-de-la-rose\/\" class=\"_self\" target=\"_self\" >Une fen\u00eatre empoisonn\u00e9e : le rire au nom de la rose<\/a><\/h4>\n<div class=\"pt-cv-content\">\u00c9l\u00e9ment architectural, ni dedans ni dehors, la fen\u00eatre, constitue un marqueur relatif \u00e0 la dimension de l\u2019espace, y compris de l\u2019espace psychique. On ouvre une fen\u00eatre comme on ouvre un livre et, en l\u2019ouvrant, c\u2019est \u00e0 chaque fois tout un monde qui est susceptible d\u2019appara\u00eetre &#8230;<\/div>\n<div class=\"pt-cv-rmwrap\"><a href=\"https:\/\/bibliotheque-sfpe-at.com\/index.php\/2024\/06\/12\/une-fenetre-empoisonnee-le-rire-au-nom-de-la-rose\/\" class=\"_self pt-cv-readmore btn btn-success\" target=\"_self\" >Lire La Suite\u2026<\/a><\/div><\/div>\n<div class=\" pt-cv-content-item pt-cv-1-col\" ><div class=\"pt-cv-taxoterm above_title\"><a href='https:\/\/bibliotheque-sfpe-at.com\/index.php\/category\/auteurs\/fondacci-francesco\/' title='Fondacci Francesco' class='pt-cv-tax-fondacci-francesco'>Fondacci Francesco<\/a><\/div>\n<h4 class=\"pt-cv-title\"><a href=\"https:\/\/bibliotheque-sfpe-at.com\/index.php\/2024\/06\/12\/a-chacun-sa-fenetre\/\" class=\"_self\" target=\"_self\" >\u00c0 chacun sa fen\u00eatre<\/a><\/h4>\n<div class=\"pt-cv-content\">Deux patients, r\u00e9sidents d\u2019une structure pour personnes handicap\u00e9es, ont exp\u00e9riment\u00e9 une pratique artistique qui leur a permis d\u2019ouvrir chacun leur fen\u00eatre : l\u2019une sur le pass\u00e9 pour red\u00e9couvrir son identit\u00e9, l\u2019autre sur les profondeurs de la mer pour une plus grande conscience de soi. Ce &#8230;<\/div>\n<div class=\"pt-cv-rmwrap\"><a href=\"https:\/\/bibliotheque-sfpe-at.com\/index.php\/2024\/06\/12\/a-chacun-sa-fenetre\/\" class=\"_self pt-cv-readmore btn btn-success\" target=\"_self\" >Lire La Suite\u2026<\/a><\/div><\/div>\n<div class=\" pt-cv-content-item pt-cv-1-col\" ><div class=\"pt-cv-taxoterm above_title\"><a href='https:\/\/bibliotheque-sfpe-at.com\/index.php\/category\/auteurs\/dubicki-brigitte\/' title='Dubicki Brigitte' class='pt-cv-tax-dubicki-brigitte'>Dubicki Brigitte<\/a><\/div>\n<h4 class=\"pt-cv-title\"><a href=\"https:\/\/bibliotheque-sfpe-at.com\/index.php\/2024\/06\/12\/conte-parle-conte-dessine\/\" class=\"_self\" target=\"_self\" >Conte, parl\u00e9, conte dessin\u00e9<\/a><\/h4>\n<div class=\"pt-cv-content\">Filer la m\u00e9taphore, tisser le monde de paroles, telle est une des missions -nombreuses- du conte. Ses mots tissent les liens et les histoires, dessinent un outil de voyage pour ouvrir les fen\u00eatres et d\u00e9couvrir ce qui se passe \u00ab ailleurs \u00bb. Nommo nous livre &#8230;<\/div>\n<div class=\"pt-cv-rmwrap\"><a href=\"https:\/\/bibliotheque-sfpe-at.com\/index.php\/2024\/06\/12\/conte-parle-conte-dessine\/\" class=\"_self pt-cv-readmore btn btn-success\" target=\"_self\" >Lire La Suite\u2026<\/a><\/div><\/div>\n<div class=\" pt-cv-content-item pt-cv-1-col\" ><div class=\"pt-cv-taxoterm above_title\"><a href='https:\/\/bibliotheque-sfpe-at.com\/index.php\/category\/auteurs\/vasseur-alain\/' title='Vasseur Alain' class='pt-cv-tax-vasseur-alain'>Vasseur Alain<\/a><\/div>\n<h4 class=\"pt-cv-title\"><a href=\"https:\/\/bibliotheque-sfpe-at.com\/index.php\/2024\/06\/12\/lart-therapie-une-fenetre-ouverte-aux-courants-dair\/\" class=\"_self\" target=\"_self\" >L\u2019art-th\u00e9rapie\u2026 une fen\u00eatre ouverte aux courants d\u2019air<\/a><\/h4>\n<div class=\"pt-cv-content\">\u00abIl n\u2019est pas d\u2019objet plus profond, plus myst\u00e9rieux, plus f\u00e9cond, plus t\u00e9n\u00e9breux, plus \u00e9blouissant qu\u2019une fen\u00eatre \u00e9clair\u00e9e d\u2019une chandelle \u00bb nous dit Baudelaire. Offrande du feu et du silence, ralenti d\u2019une \u00e9closion, la flamme d\u2019une chandelle derri\u00e8re cette fen\u00eatre rend visible l\u2019invisible que nous portons, &#8230;<\/div>\n<div class=\"pt-cv-rmwrap\"><a href=\"https:\/\/bibliotheque-sfpe-at.com\/index.php\/2024\/06\/12\/lart-therapie-une-fenetre-ouverte-aux-courants-dair\/\" class=\"_self pt-cv-readmore btn btn-success\" target=\"_self\" >Lire La Suite\u2026<\/a><\/div><\/div>\n<div class=\" pt-cv-content-item pt-cv-1-col\" ><div class=\"pt-cv-taxoterm above_title\"><a href='https:\/\/bibliotheque-sfpe-at.com\/index.php\/category\/auteurs\/blanc-fontes-maxime\/' title='Blanc-Fontes Maxime' class='pt-cv-tax-blanc-fontes-maxime'>Blanc-Fontes Maxime<\/a><\/div>\n<h4 class=\"pt-cv-title\"><a href=\"https:\/\/bibliotheque-sfpe-at.com\/index.php\/2024\/06\/12\/musicotherapie-et-hematologie-une-rencontre-de-subjectivites\/\" class=\"_self\" target=\"_self\" >Musicoth\u00e9rapie et h\u00e9matologie : une rencontre de subjectivit\u00e9s<\/a><\/h4>\n<div class=\"pt-cv-content\">Il en va du vital, du salutaire et du pardon. Dans ce petit bout d\u2019espace terrien, le malade est calfeutr\u00e9, soign\u00e9, confin\u00e9 pourrait-on dire aujourd\u2019hui. Cette chambre avec vue sur ses propres abysses mentaux, gouffre de fatigue et de peurs, est le si\u00e8ge, pour un &#8230;<\/div>\n<div class=\"pt-cv-rmwrap\"><a href=\"https:\/\/bibliotheque-sfpe-at.com\/index.php\/2024\/06\/12\/musicotherapie-et-hematologie-une-rencontre-de-subjectivites\/\" class=\"_self pt-cv-readmore btn btn-success\" target=\"_self\" >Lire La Suite\u2026<\/a><\/div><\/div>\n<div class=\" pt-cv-content-item pt-cv-1-col\" ><div class=\"pt-cv-taxoterm above_title\"><a href='https:\/\/bibliotheque-sfpe-at.com\/index.php\/category\/auteurs\/grasset-marie-claire\/' title='Grasset Marie-Claire' class='pt-cv-tax-grasset-marie-claire'>Grasset Marie-Claire<\/a><\/div>\n<h4 class=\"pt-cv-title\"><a href=\"https:\/\/bibliotheque-sfpe-at.com\/index.php\/2024\/06\/12\/quand-la-fenetre-ouvre-la-creation\/\" class=\"_self\" target=\"_self\" >Quand la fen\u00eatre ouvre la cr\u00e9ation<\/a><\/h4>\n<div class=\"pt-cv-content\">\u00abUne fen\u00eatre, j\u2019aime les fen\u00eatres. La vie tout enti\u00e8re, c\u2019est d\u00e9j\u00e0 un tableau sous nos yeux \u00bb (Extrait du film Maudie, Ailsing Walsh \u2013 2016) Tant\u00f4t appel au d\u00e9voilement, au \u00ab d\u00e9couvrement \u00bb de la vie qui s\u2019offre, tant\u00f4t protection et repli, la fen\u00eatre a &#8230;<\/div>\n<div class=\"pt-cv-rmwrap\"><a href=\"https:\/\/bibliotheque-sfpe-at.com\/index.php\/2024\/06\/12\/quand-la-fenetre-ouvre-la-creation\/\" class=\"_self pt-cv-readmore btn btn-success\" target=\"_self\" >Lire La Suite\u2026<\/a><\/div><\/div>\n<div class=\" pt-cv-content-item pt-cv-1-col\" ><div class=\"pt-cv-taxoterm above_title\"><a href='https:\/\/bibliotheque-sfpe-at.com\/index.php\/category\/auteurs\/katz-mazilu-irina\/' title='Katz-Mazilu Irina' class='pt-cv-tax-katz-mazilu-irina'>Katz-Mazilu Irina<\/a><\/div>\n<h4 class=\"pt-cv-title\"><a href=\"https:\/\/bibliotheque-sfpe-at.com\/index.php\/2024\/06\/12\/la-fenetre-en-creation-de-therapie\/\" class=\"_self\" target=\"_self\" >La fen\u00eatre \u2014 en cr\u00e9ation de th\u00e9rapie<\/a><\/h4>\n<div class=\"pt-cv-content\">Certains jours, on ouvre les fen\u00eatres et le bruit du monde est si assourdissant&#8230; alors on fuit, on referme. D\u2019autres fois le silence dehors est mortif\u00e8re \u2014 rien ne sert alors de les ouvrir, les fen\u00eatres\u2026 Et si on les gardait ferm\u00e9es, la paix int\u00e9rieure &#8230;<\/div>\n<div class=\"pt-cv-rmwrap\"><a href=\"https:\/\/bibliotheque-sfpe-at.com\/index.php\/2024\/06\/12\/la-fenetre-en-creation-de-therapie\/\" class=\"_self pt-cv-readmore btn btn-success\" target=\"_self\" >Lire La Suite\u2026<\/a><\/div><\/div><\/div><\/div> <\/div> <style>\n\n#pt-cv-view-3i0h7lt2 .pt-cv-meta-fields {  }#pt-cv-view-3i0h7lt2 .pt-cv-meta-fields * { font-size: 13px; }#pt-cv-view-3i0h7lt2 .pt-cv-thumb-wrapper:not(.miniwrap) {  }#pt-cv-view-3i0h7lt2 .pt-cv-thumbnail:not(.pt-cv-thumbnailsm) { height: 250px; }#pt-cv-view-3i0h7lt2 .pt-cv-title a { display: block;color: #a83838; }#pt-cv-view-3i0h7lt2 .pt-cv-title:not(.pt-cv-titlesm) a { font-weight: 600;text-decoration: none;font-size: 20px; }#pt-cv-view-3i0h7lt2 .pt-cv-titlesm a { font-weight: 600;font-size: 18px; }#pt-cv-view-3i0h7lt2 .pt-cv-content { font-size: 12px; }#pt-cv-view-3i0h7lt2 .pt-cv-rmwrap {  }#pt-cv-view-3i0h7lt2 .pt-cv-readmore { color: #951a1a;background-color: #ffffff00;font-style: italic;font-size: 12px; }#pt-cv-view-3i0h7lt2 .pt-cv-taxoterm {  }#pt-cv-view-3i0h7lt2 .pt-cv-taxoterm * { color: #9badb7;background-color: #f5f0f057;border-style: solid;font-size: 14px;border-width: 1.5px 1.5px 1.5px 1.5px;border-radius: 8px 8px 8px 8px; }#pt-cv-view-3i0h7lt2 + .pt-cv-pagination-wrapper {  }#pt-cv-view-3i0h7lt2 + .pt-cv-pagination-wrapper a { font-size: 14px; }#pt-cv-view-3i0h7lt2 > .pt-cv-page {grid-template-columns: repeat(4, 1fr);grid-gap: 13px;}\n@media all and (max-width: 1024px) { \n#pt-cv-view-3i0h7lt2 > .pt-cv-page {}\n} \n@media all and (max-width: 767px) { \n#pt-cv-view-3i0h7lt2 > .pt-cv-page {grid-template-columns: repeat(1, 1fr);}\n} <\/style>","protected":false},"excerpt":{"rendered":"<p>Sur quel espace singulier la fen\u00eatre s\u2019ouvre-t-elle, quel interstice entre le dehors et le dedans fait-elle na\u00eetre ? &#8230;. Comment le geste artistique et la pratique clinique sont-ils articul\u00e9s \u00e0 cet espace singulier, ni tout \u00e0 fait dehors ni tout \u00e0 fait dedans &#8230;&nbsp;? &nbsp;&nbsp;&nbsp; Ouverture salutaire ou acc\u00e8s improbable&hellip;<\/p>\n","protected":false},"author":2,"featured_media":551,"comment_status":"closed","ping_status":"closed","sticky":false,"template":"","format":"standard","meta":{"pmpro_default_level":"","ngg_post_thumbnail":0,"footnotes":""},"categories":[2],"tags":[27],"class_list":["post-21","post","type-post","status-publish","format-standard","has-post-thumbnail","hentry","category-journees-dautomne","tag-apres-2010","pmpro-has-access"],"_links":{"self":[{"href":"https:\/\/bibliotheque-sfpe-at.com\/index.php\/wp-json\/wp\/v2\/posts\/21","targetHints":{"allow":["GET"]}}],"collection":[{"href":"https:\/\/bibliotheque-sfpe-at.com\/index.php\/wp-json\/wp\/v2\/posts"}],"about":[{"href":"https:\/\/bibliotheque-sfpe-at.com\/index.php\/wp-json\/wp\/v2\/types\/post"}],"author":[{"embeddable":true,"href":"https:\/\/bibliotheque-sfpe-at.com\/index.php\/wp-json\/wp\/v2\/users\/2"}],"replies":[{"embeddable":true,"href":"https:\/\/bibliotheque-sfpe-at.com\/index.php\/wp-json\/wp\/v2\/comments?post=21"}],"version-history":[{"count":4,"href":"https:\/\/bibliotheque-sfpe-at.com\/index.php\/wp-json\/wp\/v2\/posts\/21\/revisions"}],"predecessor-version":[{"id":1603,"href":"https:\/\/bibliotheque-sfpe-at.com\/index.php\/wp-json\/wp\/v2\/posts\/21\/revisions\/1603"}],"wp:featuredmedia":[{"embeddable":true,"href":"https:\/\/bibliotheque-sfpe-at.com\/index.php\/wp-json\/wp\/v2\/media\/551"}],"wp:attachment":[{"href":"https:\/\/bibliotheque-sfpe-at.com\/index.php\/wp-json\/wp\/v2\/media?parent=21"}],"wp:term":[{"taxonomy":"category","embeddable":true,"href":"https:\/\/bibliotheque-sfpe-at.com\/index.php\/wp-json\/wp\/v2\/categories?post=21"},{"taxonomy":"post_tag","embeddable":true,"href":"https:\/\/bibliotheque-sfpe-at.com\/index.php\/wp-json\/wp\/v2\/tags?post=21"}],"curies":[{"name":"wp","href":"https:\/\/api.w.org\/{rel}","templated":true}]}}