{"id":2355,"date":"2011-10-13T21:13:46","date_gmt":"2011-10-13T19:13:46","guid":{"rendered":"https:\/\/sfpe-at.com\/?p=2355"},"modified":"2025-01-13T22:05:01","modified_gmt":"2025-01-13T21:05:01","slug":"illusion","status":"publish","type":"post","link":"https:\/\/bibliotheque-sfpe-at.com\/index.php\/2011\/10\/13\/illusion\/","title":{"rendered":"Illusion Apparence Transparence"},"content":{"rendered":"<div class=\"wp-block-image\">\n<figure class=\"alignright size-large is-resized\"><a href=\"https:\/\/bibliotheque-sfpe-at.com\/wp-content\/uploads\/2025\/01\/RA002-Illusion-Apparence-transparence.jpg\"><img loading=\"lazy\" decoding=\"async\" width=\"724\" height=\"1024\" src=\"https:\/\/bibliotheque-sfpe-at.com\/wp-content\/uploads\/2025\/01\/RA002-Illusion-Apparence-transparence-724x1024.jpg\" alt=\"\" class=\"wp-image-2356\" style=\"width:350px\" srcset=\"https:\/\/bibliotheque-sfpe-at.com\/wp-content\/uploads\/2025\/01\/RA002-Illusion-Apparence-transparence-724x1024.jpg 724w, https:\/\/bibliotheque-sfpe-at.com\/wp-content\/uploads\/2025\/01\/RA002-Illusion-Apparence-transparence-212x300.jpg 212w, https:\/\/bibliotheque-sfpe-at.com\/wp-content\/uploads\/2025\/01\/RA002-Illusion-Apparence-transparence-768x1086.jpg 768w, https:\/\/bibliotheque-sfpe-at.com\/wp-content\/uploads\/2025\/01\/RA002-Illusion-Apparence-transparence-241x340.jpg 241w, https:\/\/bibliotheque-sfpe-at.com\/wp-content\/uploads\/2025\/01\/RA002-Illusion-Apparence-transparence-425x600.jpg 425w, https:\/\/bibliotheque-sfpe-at.com\/wp-content\/uploads\/2025\/01\/RA002-Illusion-Apparence-transparence-600x848.jpg 600w, https:\/\/bibliotheque-sfpe-at.com\/wp-content\/uploads\/2025\/01\/RA002-Illusion-Apparence-transparence.jpg 849w\" sizes=\"auto, (max-width: 724px) 100vw, 724px\" \/><\/a><\/figure>\n<\/div>\n\n\n<p><strong>F\u00e9conde illusion, v\u00e9ritable apparence<br>et d\u00e9sir de transparence<\/strong><\/p>\n\n\n\n<p>Que l\u2019illusion ait partie li\u00e9e \u00e0 l\u2019erreur, voil\u00e0 qui ne saurait nous surprendre. Celle-ci appartient en effet \u00e0 la d\u00e9finition de celle-l\u00e0. Que l\u2019art ait une proximit\u00e9 avec l\u2019illusion, nous le savions depuis longtemps. Par le moyen de cette illusion, il parvient m\u00eame \u00e0 r\u00e9soudre des contradictions. Rien d\u2019\u00e9tonnant encore \u00e0 s\u2019entendre rappeler la relation entre religion et illusion, du moins pour ceux ne croyant pas \u00e0 la r\u00e9v\u00e9lation. Telle fut la position de Freud. \u00c0 une \u00e9poque o\u00f9 certains bien-pensants r\u00e9cusent la psychanalyse, saluons dans cette revue l\u2019auteur ayant mis l\u2019accent sur la d\u00e9marche freudienne, actrice d\u2019une salutaire entreprise de d\u00e9sillusionnement. <br>En revanche, toujours \u00e0 propos de l\u2019illusion, on pourrait s\u2019\u00e9tonner qu\u2019un seul article fasse un rapprochement \u2013 quoique bref \u2013 avec la vanit\u00e9. Il y est question de la passion amoureuse que Oskar Kokoschka a vou\u00e9e \u00e0 Alma Mahler. Apr\u00e8s leur rupture, l\u2019inconsolable Kokoschka fi t r\u00e9aliser un mannequin de l\u2019aim\u00e9e. Subtilement, l\u2019article analyse en quoi cette r\u00e9alisation fut \u00e0 la fois une tentative d\u2019autogu\u00e9rison d\u2019un amoureux \u00e9conduit et un projet artistique d\u2019un corps plus vrai que nature, une mise en sc\u00e8ne amoureuse et une performance artistique. Soit ! Mais pourquoi cette juste r\u00e9f\u00e9rence \u00e0 la vanit\u00e9 ? <br>ll convient, me semble-t-il, de se r\u00e9f\u00e9rer au texte biblique intitul\u00e9 l\u2019Eccl\u00e9siaste. Ce rouleau est attribu\u00e9 au roi Salomon, roi sage par excellence. En h\u00e9breu, il se dit Q\u00f4h\u00e8let, c\u2019est-\u00e0-dire celui qui prend la parole dans une assembl\u00e9e populaire. La traduction grecque para\u00eet fid\u00e8le, puisque l\u2019eccl\u00e9sia signifie l\u2019assembl\u00e9e du peuple. De ce texte, on retient souvent ces paroles : \u00ab Vanit\u00e9s des vanit\u00e9s, disait Q\u00f4h\u00e8let, vanit\u00e9 des vanit\u00e9s, tout est vanit\u00e9s \u00bb. Or, on pourrait tout aussi bien ici traduire vanit\u00e9s par illusions. Quoique que l\u2019on fasse, dit le Q\u00f4h\u00e8let, la mort efface tout. Ce serait donc illusion de consentir \u00e0 des efforts, voire m\u00eame de cultiver la sagesse. Le texte para\u00eet empli d\u2019un inextricable pessimisme : le sage p\u00e9rit et la mort frappe le juste comme le m\u00e9chant. Pourtant, la conclusion n\u2019appara\u00eet pas aussi sinistre. Un rayon de lumi\u00e8re l\u2019\u00e9claire. D\u00e8s lors que nous vivons, faisons de notre vie ce qu\u2019il y a de meilleur. Tirons parti de cette le\u00e7on de lucidit\u00e9. Acceptons cette part d\u2019incertitude, d\u2019illusion. Cela rejoint Nietzsche et cette id\u00e9e de l\u2019utile illusion. De m\u00eame et pour revenir \u00e0 notre point de d\u00e9part, quand bien m\u00eame l\u2019amour serait illusion, nous aurions tort de ne pas vivre l\u2019amour que la vie nous offre.<br>Que nous apprennent encore les articles contenus dans cette revue sur l\u2019illusion, l\u2019apparence et l\u2019art ? Entre le normal et la pathologique, la distinction semble affaire de degr\u00e9s inscrits dans une commune nature humaine. On apprend comment Salvador Dal\u00ed fut gu\u00e9ri par l\u2019amour de Gala, comment la perversion sexuelle peut cr\u00e9er l\u2019\u0153uvre picturale de Egon Schiele ou litt\u00e9raire de Virginia Woolf, \u00e0 condition d\u2019\u00eatre port\u00e9e par le talent. Quant \u00e0 la transparence, multiples articles s\u2019y int\u00e9ressent, en particulier par l\u2019\u00e9loge du verre. Encore faudrait-il distinguer le transparent, le translucide et l\u2019opaque. Deux auteurs s\u2019y emploient. Si l\u2019\u0153uvre manifeste un d\u00e9sir de transparence d\u2019une totalit\u00e9, si l\u2019opaque d\u00e9signe ce qui rend visible et impossible \u00e0 saisir en sa totalit\u00e9, le translucide repr\u00e9sente cet interm\u00e9diaire porteur d\u2019apparences illusoires et source de plaisir esth\u00e9tique. Delacroix et La Mort de Sardanapale illustrent cette d\u00e9lectation. Elle r\u00e9sulte de l\u2019\u00e9prouv\u00e9 de la sensation d\u00e9livr\u00e9 de la tension d\u2019un esprit visant la compl\u00e9tude. On comprend alors comment le translucide off re l\u2019illusion de saisir l\u2019Un repr\u00e9sent\u00e9 dans l\u2019\u0153uvre. Il est une autre magnifique illustration de cette trilogie associant le transparent avec l\u2019opaque et le translucide, celle expos\u00e9e par la voie du voile. Si le transparent attire le d\u00e9sir tout en s\u2019en d\u00e9fendant et si l\u2019opaque garde le secret, le translucide estompe le visible et instaure une distance symbolique. \u00c0 l\u2019appui de cette lev\u00e9e du voile, on lira l\u2019histoire de Salom\u00e9 et de sa danse devant H\u00e9rode. Ce voile cache et r\u00e9v\u00e8le ; il sauvegarde la pudeur et incite \u00e0 l\u2019impudeur par le d\u00e9sir du d\u00e9voilement. L\u2019auteure des Dessous cach\u00e9s du voile introduit sa r\u00e9flexion en citant un aphorisme d\u2019H\u00e9raclite : \u00ab La nature aime \u00e0 se cacher \u00bb. H\u00e9raclite est connu comme le penseur de la mobilit\u00e9, du changement : \u00ab On ne peut pas entrer deux fois dans le m\u00eame fleuve \u00bb. \u00c0 cette philosophie du mouve- ment r\u00e9pond une autre pens\u00e9e ant\u00e9socratique, l\u00e9g\u00e8rement post\u00e9rieure et due \u00e0 Parm\u00e9nide, penseur de l\u2019immobilit\u00e9 de l\u2019\u00eatre, lequel d\u00e9signe la vraie r\u00e9alit\u00e9. Parm\u00e9nide avance qu\u2019elle se saisit par la seule rationalit\u00e9. En cons\u00e9quence, \u00ab C\u2019est m\u00eame chose que penser et penser l\u2019\u00eatre \u00bb Une r\u00e9ciprocit\u00e9 peut \u00eatre \u00e9tablie entre ce qui est vraiment et l\u2019intelligible qui le saisit : \u00ab La formule de Hegel \u201cce qui est rationnel cela est r\u00e9el, ce qui est r\u00e9el cela est rationnel \u201d dit, au fond, la m\u00eame chose. Parm\u00e9nide est seulement plus radical \u00bb, \u00e9crit Marcel Conche. Est-ce \u00e0 dire que la raison puisse saisir le tout du R\u00e9el ? Le m\u00e9ta- physicien peut certainement s\u2019efforcer de le penser. L\u2019artiste s\u2019y emploie aussi, nous l\u2019avons vu, au prix d\u2019une illusion source de d\u00e9lectation. Quid alors du savant ? Un article expose notre incapacit\u00e9 scientifique \u00e0 nous affranchir de l\u2019incompl\u00e9tude : impr\u00e9dictibilit\u00e9 math\u00e9matique, indicibilit\u00e9 langagi\u00e8re, ind\u00e9cidabilit\u00e9 logique, ind\u00e9termination de la physique quantique, manque structurant le psychisme selon la psychanalyse. Autrement dit, tout discours suppose un insu, toute th\u00e9orie de la connaissance reposerait sur une absence fondatrice ! Pour nous en convaincre, l\u2019auteur convoque un artiste, qu\u2019il qualifie de ma\u00eetre dans l\u2019art de duper. Il s\u2019agit de Escher et de La Galerie d\u2019estampes. Ainsi, on aura not\u00e9 l\u2019omnipr\u00e9sence de l\u2019art dans notre revue, y compris quand s\u2019y introduit la note philosophique. Arts plastiques, litt\u00e9rature, po\u00e9sie, musique\u2026 constituent le sol sur lequel se d\u00e9veloppe la r\u00e9flexion de la Soci\u00e9t\u00e9 fran\u00e7aise de psychopathologie de l\u2019expression et d\u2019art-th\u00e9rapie. H\u00e9riti\u00e8re d\u2019une tradition qui place les \u00ab Humanit\u00e9s \u00bb au centre des valeurs, elle \u00e9rige la personne comme sommet de ces valeurs, exigence premi\u00e8re dans toute d\u00e9marche th\u00e9rapeutique rationnelle centr\u00e9e sur l\u2019art et sa capacit\u00e9 de r\u00e9v\u00e9lation de soi.<\/p>\n\n\n\n<p><strong>Jean-Philippe Catonn\u00e9<\/strong><\/p>\n\n\n<div class='pt-cv-wrapper'> <div class=\"pt-cv-view pt-cv-blockgrid iscvblock iscvreal grid1 layout2 cveffect-zoomin\" id=\"pt-cv-view-3i0h7lt2\"><div data-id=\"pt-cv-page-1\" class=\"pt-cv-page\" data-cvc=\"4\"><div class=\" pt-cv-content-item pt-cv-1-col\" ><div class=\"pt-cv-taxoterm above_title\"><a href='https:\/\/bibliotheque-sfpe-at.com\/index.php\/category\/auteurs\/rinaldi-jean\/' title='Rinaldi Jean' class='pt-cv-tax-rinaldi-jean'>Rinaldi Jean<\/a><\/div>\n<h4 class=\"pt-cv-title\"><a href=\"https:\/\/bibliotheque-sfpe-at.com\/index.php\/2025\/01\/13\/illusion-desillusion-dans-le-transfert\/\" class=\"_self\" target=\"_self\" >Illusion, d\u00e9sillusion dans le transfert<\/a><\/h4>\n<div class=\"pt-cv-content\">Vous allez sans doute \u00eatre \u00e9tonn\u00e9, vous qui attendez le th\u00e8me \u00ab Illusion, apparence, transparence \u00bb de m\u2019entendre vous parler du transfert\u2026 En quoi ce ph\u00e9nom\u00e8ne psychiquea-t-il sa place dans ces journ\u00e9es d\u2019Automne?Le dictionnaire de psychologie d\u00e9finit l\u2019illusion comme \u00ab Une tromperie de l\u2019esprit sur &#8230;<\/div>\n<div class=\"pt-cv-rmwrap\"><a href=\"https:\/\/bibliotheque-sfpe-at.com\/index.php\/2025\/01\/13\/illusion-desillusion-dans-le-transfert\/\" class=\"_self pt-cv-readmore btn btn-success\" target=\"_self\" >Lire La Suite\u2026<\/a><\/div><\/div>\n<div class=\" pt-cv-content-item pt-cv-1-col\" ><div class=\"pt-cv-taxoterm above_title\"><a href='https:\/\/bibliotheque-sfpe-at.com\/index.php\/category\/auteurs\/morin-bompart-michelle\/' title='Morin-Bompart Michelle' class='pt-cv-tax-morin-bompart-michelle'>Morin-Bompart Michelle<\/a><\/div>\n<h4 class=\"pt-cv-title\"><a href=\"https:\/\/bibliotheque-sfpe-at.com\/index.php\/2025\/01\/13\/la-creation-artistique-jeu-dillusion-entre-perception-et-representation\/\" class=\"_self\" target=\"_self\" >La cr\u00e9ation artistique : jeu d\u2019illusion entre perception et repr\u00e9sentation<\/a><\/h4>\n<div class=\"pt-cv-content\">L\u2019illusion semble se jouer de nos sens (interpr\u00e9tation erron\u00e9e d\u2019une donn\u00e9e sensorielle) ou de notre pens\u00e9e (erreur de l\u2019esprit ou croyance fausse erron\u00e9e). Illusionner, c\u2019est tromperquelqu\u2019un par une illusion et l\u2019illusoire trompe par une fausse apparence. Quant \u00e0 Laplanche et Pontalis, ils ne donnent aucune &#8230;<\/div>\n<div class=\"pt-cv-rmwrap\"><a href=\"https:\/\/bibliotheque-sfpe-at.com\/index.php\/2025\/01\/13\/la-creation-artistique-jeu-dillusion-entre-perception-et-representation\/\" class=\"_self pt-cv-readmore btn btn-success\" target=\"_self\" >Lire La Suite\u2026<\/a><\/div><\/div>\n<div class=\" pt-cv-content-item pt-cv-1-col\" ><div class=\"pt-cv-taxoterm above_title\"><a href='https:\/\/bibliotheque-sfpe-at.com\/index.php\/category\/auteurs\/marion-lissajoux-catherine\/' title='Marion-Lissajoux Catherine' class='pt-cv-tax-marion-lissajoux-catherine'>Marion-Lissajoux Catherine<\/a><\/div>\n<h4 class=\"pt-cv-title\"><a href=\"https:\/\/bibliotheque-sfpe-at.com\/index.php\/2025\/01\/13\/contrainte-et-creation\/\" class=\"_self\" target=\"_self\" >Contrainte et cr\u00e9ation<\/a><\/h4>\n<div class=\"pt-cv-content\">Quelques r\u00e9flexions sur le processus psychoth\u00e9rapeutique e propose dans ce texte d\u2019illustrer cliniquement les trois notions retenues dans le cadre de nos Journ\u00e9es : illusion, apparence et transparence . Je voudrais montrer comment ces trois termes, non seulement peuvent d\u00e9crire le fonctionnement intellectuel et\/ou relationnel &#8230;<\/div>\n<div class=\"pt-cv-rmwrap\"><a href=\"https:\/\/bibliotheque-sfpe-at.com\/index.php\/2025\/01\/13\/contrainte-et-creation\/\" class=\"_self pt-cv-readmore btn btn-success\" target=\"_self\" >Lire La Suite\u2026<\/a><\/div><\/div>\n<div class=\" pt-cv-content-item pt-cv-1-col\" ><div class=\"pt-cv-taxoterm above_title\"><a href='https:\/\/bibliotheque-sfpe-at.com\/index.php\/category\/auteurs\/schauder-silke\/' title='Schauder Silke' class='pt-cv-tax-schauder-silke'>Schauder Silke<\/a><\/div>\n<h4 class=\"pt-cv-title\"><a href=\"https:\/\/bibliotheque-sfpe-at.com\/index.php\/2025\/01\/13\/dune-illusion-lautre-notes-sur-la-poupee-doskar-kokoschka-1886-1980\/\" class=\"_self\" target=\"_self\" >D\u2019une illusion l\u2019autre : notes sur la poup\u00e9e d\u2019Oskar Kokoschka (1886-1980)<\/a><\/h4>\n<div class=\"pt-cv-content\">Nous avons vu et entendu dans nos Journ\u00e9es d\u2019\u00e9tude \u00e0 quel point la poup\u00e9e ou la marionnette2 poss\u00e8de des qualit\u00e9s th\u00e9rapeutiques : sans en \u00eatre d\u00e9truite, sa forme humainepeut accueillir des projections haineuses et amoureuses, servir d\u2019exutoire, subir des ch\u00e2timents cathartiques et substitutifs \u00e0 la &#8230;<\/div>\n<div class=\"pt-cv-rmwrap\"><a href=\"https:\/\/bibliotheque-sfpe-at.com\/index.php\/2025\/01\/13\/dune-illusion-lautre-notes-sur-la-poupee-doskar-kokoschka-1886-1980\/\" class=\"_self pt-cv-readmore btn btn-success\" target=\"_self\" >Lire La Suite\u2026<\/a><\/div><\/div>\n<div class=\" pt-cv-content-item pt-cv-1-col\" ><div class=\"pt-cv-taxoterm above_title\"><a href='https:\/\/bibliotheque-sfpe-at.com\/index.php\/category\/auteurs\/sicre-diane\/' title='Sicre Diane' class='pt-cv-tax-sicre-diane'>Sicre Diane<\/a><a href='https:\/\/bibliotheque-sfpe-at.com\/index.php\/category\/auteurs\/sudres-jean-luc\/' title='Sudres Jean-Luc' class='pt-cv-tax-sudres-jean-luc'>Sudres Jean-Luc<\/a><\/div>\n<h4 class=\"pt-cv-title\"><a href=\"https:\/\/bibliotheque-sfpe-at.com\/index.php\/2025\/01\/13\/quand-la-transparence-prend-corps-par-lapparence-et-lhabille-dans-la-psychose-applications-art-therapiques\/\" class=\"_self\" target=\"_self\" >Quand la transparence prend corps par l\u2019apparence et l\u2019habill\u00e9 dans la psychose : applications art-th\u00e9rapiques<\/a><\/h4>\n<div class=\"pt-cv-content\">Nous convoqu\u00e9 en tant que sympt\u00f4me clef, le corps dysfonctionnel du psychotique que cela soit dans une acception d\u2019image, de sch\u00e9ma, d\u2019int\u00e9riorit\u00e9 ou encore de fronti\u00e8re, est abord\u00e9 par l\u2019entremise de cas cliniques singuliers et\/ou de groupes \u00e0 m\u00e9diation avec des objectifs flous, des dispositifs &#8230;<\/div>\n<div class=\"pt-cv-rmwrap\"><a href=\"https:\/\/bibliotheque-sfpe-at.com\/index.php\/2025\/01\/13\/quand-la-transparence-prend-corps-par-lapparence-et-lhabille-dans-la-psychose-applications-art-therapiques\/\" class=\"_self pt-cv-readmore btn btn-success\" target=\"_self\" >Lire La Suite\u2026<\/a><\/div><\/div>\n<div class=\" pt-cv-content-item pt-cv-1-col\" ><div class=\"pt-cv-taxoterm above_title\"><a href='https:\/\/bibliotheque-sfpe-at.com\/index.php\/category\/auteurs\/morales-diana\/' title='Morales Diana' class='pt-cv-tax-morales-diana'>Morales Diana<\/a><\/div>\n<h4 class=\"pt-cv-title\"><a href=\"https:\/\/bibliotheque-sfpe-at.com\/index.php\/2025\/01\/13\/fabrique-de-marionnettes-du-depot-dillusion-a-lillusion-de-la-vicariance\/\" class=\"_self\" target=\"_self\" >Fabrique de marionnettes : du d\u00e9p\u00f4t d\u2019illusion \u00e0 l\u2019illusion de la vicariance<\/a><\/h4>\n<div class=\"pt-cv-content\">Cela va sans dire que le sujet de la marionnette n\u2019est pas pr\u00e9- pond\u00e9rant dans les pratiques professionnelles et que par cons\u00e9quent l\u2019\u00e9tude de son objet est fond\u00e9e sur de rares textes, la plupart du temps centr\u00e9s sur le jeu avec la marionnette. N\u00e9anmoins, la &#8230;<\/div>\n<div class=\"pt-cv-rmwrap\"><a href=\"https:\/\/bibliotheque-sfpe-at.com\/index.php\/2025\/01\/13\/fabrique-de-marionnettes-du-depot-dillusion-a-lillusion-de-la-vicariance\/\" class=\"_self pt-cv-readmore btn btn-success\" target=\"_self\" >Lire La Suite\u2026<\/a><\/div><\/div>\n<div class=\" pt-cv-content-item pt-cv-1-col\" ><div class=\"pt-cv-taxoterm above_title\"><a href='https:\/\/bibliotheque-sfpe-at.com\/index.php\/category\/auteurs\/boute-gerard\/' title='Bout\u00e9 G\u00e9rard' class='pt-cv-tax-boute-gerard'>Bout\u00e9 G\u00e9rard<\/a><\/div>\n<h4 class=\"pt-cv-title\"><a href=\"https:\/\/bibliotheque-sfpe-at.com\/index.php\/2025\/01\/13\/lenchantement-du-regard-transparent-translucide-opaque\/\" class=\"_self\" target=\"_self\" >L\u2019enchantement du regard Transparent, Translucide,\u00a0Opaque<\/a><\/h4>\n<div class=\"pt-cv-content\">\u00ab La fonction du tableau [\u2026] a un rapport avec le regard [\u2026] Quelque chose est donn\u00e9 non point tant au regard qu\u2019\u00e0 l\u2019\u0153il, quelque chose qui comporte abandon, d\u00e9p\u00f4t du regard1. [\u2026] En quoi ce donner-\u00e0-voir apaise-t-il quelque chose ? \u2014 sinon en ceci &#8230;<\/div>\n<div class=\"pt-cv-rmwrap\"><a href=\"https:\/\/bibliotheque-sfpe-at.com\/index.php\/2025\/01\/13\/lenchantement-du-regard-transparent-translucide-opaque\/\" class=\"_self pt-cv-readmore btn btn-success\" target=\"_self\" >Lire La Suite\u2026<\/a><\/div><\/div>\n<div class=\" pt-cv-content-item pt-cv-1-col\" ><div class=\"pt-cv-taxoterm above_title\"><a href='https:\/\/bibliotheque-sfpe-at.com\/index.php\/category\/auteurs\/granier-francois\/' title='Granier Fran\u00e7ois' class='pt-cv-tax-granier-francois'>Granier Fran\u00e7ois<\/a><\/div>\n<h4 class=\"pt-cv-title\"><a href=\"https:\/\/bibliotheque-sfpe-at.com\/index.php\/2025\/01\/13\/transparence-de-lart-therapeute\/\" class=\"_self\" target=\"_self\" >Transparence de l\u2019art-th\u00e9rapeute<\/a><\/h4>\n<div class=\"pt-cv-content\">Dans le triptyque propos\u00e9 \u00ab Illusion, apparence, transparence \u00bb, nous avons choisi transparence, car pour l\u2019art-th\u00e9rapeute cela permet de se transposer d\u2019un m\u00e9dium avec ses pratiques artisanales ou artistiques (le verre), \u00e0 la situation th\u00e9rapeutique. Il est une excellente m\u00e9taphore de cette transparence de l\u2019art-th\u00e9rapeute &#8230;<\/div>\n<div class=\"pt-cv-rmwrap\"><a href=\"https:\/\/bibliotheque-sfpe-at.com\/index.php\/2025\/01\/13\/transparence-de-lart-therapeute\/\" class=\"_self pt-cv-readmore btn btn-success\" target=\"_self\" >Lire La Suite\u2026<\/a><\/div><\/div>\n<div class=\" pt-cv-content-item pt-cv-1-col\" ><div class=\"pt-cv-taxoterm above_title\"><a href='https:\/\/bibliotheque-sfpe-at.com\/index.php\/category\/auteurs\/reillanne-ghislaine\/' title='Reillanne Ghislaine' class='pt-cv-tax-reillanne-ghislaine'>Reillanne Ghislaine<\/a><\/div>\n<h4 class=\"pt-cv-title\"><a href=\"https:\/\/bibliotheque-sfpe-at.com\/index.php\/2025\/01\/13\/les-dessous-caches-du-voile\/\" class=\"_self\" target=\"_self\" >Les Dessous cach\u00e9s du voile\u2026<\/a><\/h4>\n<div class=\"pt-cv-content\">H\u00e9raclitedisait : \u00ab La Nature aime \u00e0 se voiler\u00bb. Cet aphorisme, illustr\u00e9 par l\u2019image du voile recouvrant la d\u00e9esse Isis, met l\u2019accent et questionne sur la part secr\u00e8te de la nature divineou humaine, part secr\u00e8te qui peut prendre l\u2019aspect de la vertu, de la beaut\u00e9 &#8230;<\/div>\n<div class=\"pt-cv-rmwrap\"><a href=\"https:\/\/bibliotheque-sfpe-at.com\/index.php\/2025\/01\/13\/les-dessous-caches-du-voile\/\" class=\"_self pt-cv-readmore btn btn-success\" target=\"_self\" >Lire La Suite\u2026<\/a><\/div><\/div>\n<div class=\" pt-cv-content-item pt-cv-1-col\" ><div class=\"pt-cv-taxoterm above_title\"><a href='https:\/\/bibliotheque-sfpe-at.com\/index.php\/category\/auteurs\/martineau-jean-pierre\/' title='Martineau Jean-Pierre' class='pt-cv-tax-martineau-jean-pierre'>Martineau Jean-Pierre<\/a><\/div>\n<h4 class=\"pt-cv-title\"><a href=\"https:\/\/bibliotheque-sfpe-at.com\/index.php\/2025\/01\/14\/ecran-de-verre-ecrin-du-rever-images-doubles-dans-loeuvre-de-salvador-dali\/\" class=\"_self\" target=\"_self\" >\u00c9cran de verre\/\u00e9crin du r\u00eaver : images doubles dans l\u2019\u0153uvre de Salvador Dal\u00ed<\/a><\/h4>\n<div class=\"pt-cv-content\">Transparence et refletEst-il une substance plus ancienne et plus innovante, dans les usages quotidiens comme dans la fabrique des illusions et les explorations scientifiques des confins infimes et infinis, que le verre (vitre, miroir, lentille\u2026) dur et cassant, r\u00e9sistant et fragile ? L\u2019\u00e9cran de verre, &#8230;<\/div>\n<div class=\"pt-cv-rmwrap\"><a href=\"https:\/\/bibliotheque-sfpe-at.com\/index.php\/2025\/01\/14\/ecran-de-verre-ecrin-du-rever-images-doubles-dans-loeuvre-de-salvador-dali\/\" class=\"_self pt-cv-readmore btn btn-success\" target=\"_self\" >Lire La Suite\u2026<\/a><\/div><\/div>\n<div class=\" pt-cv-content-item pt-cv-1-col\" ><div class=\"pt-cv-taxoterm above_title\"><a href='https:\/\/bibliotheque-sfpe-at.com\/index.php\/category\/auteurs\/mazoyer-anne-valerie\/' title='Mazoyer Anne-Val\u00e9rie' class='pt-cv-tax-mazoyer-anne-valerie'>Mazoyer Anne-Val\u00e9rie<\/a><\/div>\n<h4 class=\"pt-cv-title\"><a href=\"https:\/\/bibliotheque-sfpe-at.com\/index.php\/2025\/01\/14\/on-viole-une-princesse-en-la-touchant-des-yeux\/\" class=\"_self\" target=\"_self\" >On viole une princesse&#8230;en la touchant des yeux<\/a><\/h4>\n<div class=\"pt-cv-content\">Le premier volet d\u2019une trilogie ouvertement autobiographique r\u00e9alis\u00e9 par Eva Ionesco (My little princess, 2011) met en \u00e9vidence la fonction de la photographie comme tentative de r\u00e9ponse \u00e0 l\u2019impasse pos\u00e9e par le f\u00e9minin. Et ce alors que le double f\u00e9minin, convoqu\u00e9 dans une mission de &#8230;<\/div>\n<div class=\"pt-cv-rmwrap\"><a href=\"https:\/\/bibliotheque-sfpe-at.com\/index.php\/2025\/01\/14\/on-viole-une-princesse-en-la-touchant-des-yeux\/\" class=\"_self pt-cv-readmore btn btn-success\" target=\"_self\" >Lire La Suite\u2026<\/a><\/div><\/div>\n<div class=\" pt-cv-content-item pt-cv-1-col\" ><div class=\"pt-cv-taxoterm above_title\"><a href='https:\/\/bibliotheque-sfpe-at.com\/index.php\/category\/auteurs\/veyrat-jean-gerald\/' title='Veyrat Jean-G\u00e9rald' class='pt-cv-tax-veyrat-jean-gerald'>Veyrat Jean-G\u00e9rald<\/a><\/div>\n<h4 class=\"pt-cv-title\"><a href=\"https:\/\/bibliotheque-sfpe-at.com\/index.php\/2025\/01\/14\/de-lillusion-au-delire\/\" class=\"_self\" target=\"_self\" >De l\u2019illusion au d\u00e9lire<\/a><\/h4>\n<div class=\"pt-cv-content\">Nous avons choisi de vous pr\u00e9senter le film Bug qui est d\u2019une parfaite unit\u00e9 de temps, de lieu, et de sujet, pour plusieurs raisons :\u2014 parce que son \u00e9volution est lin\u00e9aire, et suit un d\u00e9veloppement logique en plusieurs actes que l\u2019on pourrait titrer comme un &#8230;<\/div>\n<div class=\"pt-cv-rmwrap\"><a href=\"https:\/\/bibliotheque-sfpe-at.com\/index.php\/2025\/01\/14\/de-lillusion-au-delire\/\" class=\"_self pt-cv-readmore btn btn-success\" target=\"_self\" >Lire La Suite\u2026<\/a><\/div><\/div>\n<div class=\" pt-cv-content-item pt-cv-1-col\" ><div class=\"pt-cv-taxoterm above_title\"><a href='https:\/\/bibliotheque-sfpe-at.com\/index.php\/category\/auteurs\/perriot-gilles\/' title='Perriot Gilles' class='pt-cv-tax-perriot-gilles'>Perriot Gilles<\/a><\/div>\n<h4 class=\"pt-cv-title\"><a href=\"https:\/\/bibliotheque-sfpe-at.com\/index.php\/2025\/01\/14\/voir-au-dela-transparences-et-opacites-photographiques\/\" class=\"_self\" target=\"_self\" >Voir au-del\u00e0\u2026. Transparences et opacit\u00e9s photographiques<\/a><\/h4>\n<div class=\"pt-cv-content\">Il n\u2019est gu\u00e8re possible de parler de la transparence en photo- graphie, sans aborder conjointement la question du r\u00e9el, si pr\u00e9sente dans ce m\u00e9dium qui renvoie, comme on le sait, au visible et \u00e0 la visibilit\u00e9. Le r\u00e9el et le visible entretiennent des liens traditionnellement &#8230;<\/div>\n<div class=\"pt-cv-rmwrap\"><a href=\"https:\/\/bibliotheque-sfpe-at.com\/index.php\/2025\/01\/14\/voir-au-dela-transparences-et-opacites-photographiques\/\" class=\"_self pt-cv-readmore btn btn-success\" target=\"_self\" >Lire La Suite\u2026<\/a><\/div><\/div>\n<div class=\" pt-cv-content-item pt-cv-1-col\" ><div class=\"pt-cv-taxoterm above_title\"><a href='https:\/\/bibliotheque-sfpe-at.com\/index.php\/category\/auteurs\/lambert-jean-francois\/' title='Lambert Jean-Fran\u00e7ois' class='pt-cv-tax-lambert-jean-francois'>Lambert Jean-Fran\u00e7ois<\/a><\/div>\n<h4 class=\"pt-cv-title\"><a href=\"https:\/\/bibliotheque-sfpe-at.com\/index.php\/2025\/01\/14\/illusion-logique-et-transparence-du-sujet-labsence-qui-fait-signe\/\" class=\"_self\" target=\"_self\" >Illusion, logique et transparence du sujet L\u2019absence qui fait signe<\/a><\/h4>\n<div class=\"pt-cv-content\">\u00ab Ce dont on ne peut parler, il faut le taire \u00bb Est-il donc raisonnable de poursuivre ? Tout en partageant pleinement la position de l\u2019auteur du Tractatus, nous pensons l\u00e9gitime de poursuivre car \u00ab ce dont on ne peut parler \u00bb, on peut le &#8230;<\/div>\n<div class=\"pt-cv-rmwrap\"><a href=\"https:\/\/bibliotheque-sfpe-at.com\/index.php\/2025\/01\/14\/illusion-logique-et-transparence-du-sujet-labsence-qui-fait-signe\/\" class=\"_self pt-cv-readmore btn btn-success\" target=\"_self\" >Lire La Suite\u2026<\/a><\/div><\/div>\n<div class=\" pt-cv-content-item pt-cv-1-col\" ><div class=\"pt-cv-taxoterm above_title\"><a href='https:\/\/bibliotheque-sfpe-at.com\/index.php\/category\/auteurs\/christaki-angelique\/' title='Christaki Ang\u00e9lique' class='pt-cv-tax-christaki-angelique'>Christaki Ang\u00e9lique<\/a><\/div>\n<h4 class=\"pt-cv-title\"><a href=\"https:\/\/bibliotheque-sfpe-at.com\/index.php\/2025\/01\/14\/du-trait-au-detail-chemins-detrangete\/\" class=\"_self\" target=\"_self\" >Du trait au d\u00e9tail: chemins d\u2019\u00e9tranget\u00e9<\/a><\/h4>\n<div class=\"pt-cv-content\">Transparence et opacit\u00e9 comme lieux du d\u00e9litement de l\u2019image du corps ans le champ de la psychiatrie classique, les termes tels que automatisme mental, vol de pens\u00e9e, d\u00e9lire d\u2019influence ont tent\u00e9 de d\u00e9cliner les diverses expressions du ph\u00e9nom\u00e8ne de l\u2019hallucination. Au cours de ces manifestations &#8230;<\/div>\n<div class=\"pt-cv-rmwrap\"><a href=\"https:\/\/bibliotheque-sfpe-at.com\/index.php\/2025\/01\/14\/du-trait-au-detail-chemins-detrangete\/\" class=\"_self pt-cv-readmore btn btn-success\" target=\"_self\" >Lire La Suite\u2026<\/a><\/div><\/div>\n<div class=\" pt-cv-content-item pt-cv-1-col\" ><div class=\"pt-cv-taxoterm above_title\"><a href='https:\/\/bibliotheque-sfpe-at.com\/index.php\/category\/auteurs\/barthelemy-jean-marie\/' title='Barth\u00e9l\u00e9my Jean-Marie' class='pt-cv-tax-barthelemy-jean-marie'>Barth\u00e9l\u00e9my Jean-Marie<\/a><\/div>\n<h4 class=\"pt-cv-title\"><a href=\"https:\/\/bibliotheque-sfpe-at.com\/index.php\/2025\/01\/14\/petite-phenomenologie-des-metaphores-de-diffraction-du-moi\/\" class=\"_self\" target=\"_self\" >Petite ph\u00e9nom\u00e9nologie des m\u00e9taphores de diffraction du Moi<\/a><\/h4>\n<div class=\"pt-cv-content\">La conception psychologique d\u2019une fragilit\u00e9 identitaire consubstantielle \u00e0 la personne humaine se d\u00e9ploie et se r\u00e9percute dans une mosa\u00efque de registres. Bien que susceptibles d\u2019\u00eatre di\ufb00\u00e9renci\u00e9s par l\u2019analyse, ils n\u2019en contribuent pas moins \u00e0 renforcer conjointement l\u2019id\u00e9e fondamentale d\u2019un Moi aux assises et composantes probl\u00e9matiques, &#8230;<\/div>\n<div class=\"pt-cv-rmwrap\"><a href=\"https:\/\/bibliotheque-sfpe-at.com\/index.php\/2025\/01\/14\/petite-phenomenologie-des-metaphores-de-diffraction-du-moi\/\" class=\"_self pt-cv-readmore btn btn-success\" target=\"_self\" >Lire La Suite\u2026<\/a><\/div><\/div>\n<div class=\" pt-cv-content-item pt-cv-1-col\" ><div class=\"pt-cv-taxoterm above_title\"><a href='https:\/\/bibliotheque-sfpe-at.com\/index.php\/category\/auteurs\/mourtada-youssef\/' title='Mourtada Youssef' class='pt-cv-tax-mourtada-youssef'>Mourtada Youssef<\/a><\/div>\n<h4 class=\"pt-cv-title\"><a href=\"https:\/\/bibliotheque-sfpe-at.com\/index.php\/2025\/01\/14\/lapparence-illusion-de-soi-la-transparence-illusion-de-lautre\/\" class=\"_self\" target=\"_self\" >L\u2019apparence, illusion de soi. La transparence, illusion de l\u2019autre<\/a><\/h4>\n<div class=\"pt-cv-content\">Le psychique : illusion ou r\u00e9alit\u00e9 Il n\u2019y a de r\u00e9alit\u00e9 que psychique \u00e0 savoir que notre perception de soi et de l\u2019autre dans sa radicale singularit\u00e9 est le propre de chaque \u00eatre humain. Mais cette perception n\u2019est pas une donn\u00e9ede naissance et il ne &#8230;<\/div>\n<div class=\"pt-cv-rmwrap\"><a href=\"https:\/\/bibliotheque-sfpe-at.com\/index.php\/2025\/01\/14\/lapparence-illusion-de-soi-la-transparence-illusion-de-lautre\/\" class=\"_self pt-cv-readmore btn btn-success\" target=\"_self\" >Lire La Suite\u2026<\/a><\/div><\/div>\n<div class=\" pt-cv-content-item pt-cv-1-col\" ><div class=\"pt-cv-taxoterm above_title\"><a href='https:\/\/bibliotheque-sfpe-at.com\/index.php\/category\/auteurs\/catonne-jean-philippe\/' title='Catonn\u00e9 Jean-Philippe' class='pt-cv-tax-catonne-jean-philippe'>Catonn\u00e9 Jean-Philippe<\/a><\/div>\n<h4 class=\"pt-cv-title\"><a href=\"https:\/\/bibliotheque-sfpe-at.com\/index.php\/2025\/01\/14\/de-lillusion\/\" class=\"_self\" target=\"_self\" >De l\u2019illusion\u2026<\/a><\/h4>\n<div class=\"pt-cv-content\">Pour ce congr\u00e8s, nous avons retenu le titre de Illusion, apparence, transparence. Quant au choix pour mon propos : celui de centrer la r\u00e9flexion sur les deux premiers termes de la trilogie. Et tout d\u2019abord l\u2019illusion : elle constitue une interrogation par excellence de la &#8230;<\/div>\n<div class=\"pt-cv-rmwrap\"><a href=\"https:\/\/bibliotheque-sfpe-at.com\/index.php\/2025\/01\/14\/de-lillusion\/\" class=\"_self pt-cv-readmore btn btn-success\" target=\"_self\" >Lire La Suite\u2026<\/a><\/div><\/div><\/div><\/div> <\/div> <style>\n\n#pt-cv-view-3i0h7lt2 .pt-cv-meta-fields {  }#pt-cv-view-3i0h7lt2 .pt-cv-meta-fields * { font-size: 13px; }#pt-cv-view-3i0h7lt2 .pt-cv-thumb-wrapper:not(.miniwrap) {  }#pt-cv-view-3i0h7lt2 .pt-cv-thumbnail:not(.pt-cv-thumbnailsm) { height: 250px; }#pt-cv-view-3i0h7lt2 .pt-cv-title a { display: block;color: #a83838; }#pt-cv-view-3i0h7lt2 .pt-cv-title:not(.pt-cv-titlesm) a { font-weight: 600;text-decoration: none;font-size: 20px; }#pt-cv-view-3i0h7lt2 .pt-cv-titlesm a { font-weight: 600;font-size: 18px; }#pt-cv-view-3i0h7lt2 .pt-cv-content { font-size: 12px; }#pt-cv-view-3i0h7lt2 .pt-cv-rmwrap {  }#pt-cv-view-3i0h7lt2 .pt-cv-readmore { color: #951a1a;background-color: #ffffff00;font-style: italic;font-size: 12px; }#pt-cv-view-3i0h7lt2 .pt-cv-taxoterm {  }#pt-cv-view-3i0h7lt2 .pt-cv-taxoterm * { color: #9badb7;background-color: #f5f0f057;border-style: solid;font-size: 14px;border-width: 1.5px 1.5px 1.5px 1.5px;border-radius: 8px 8px 8px 8px; }#pt-cv-view-3i0h7lt2 + .pt-cv-pagination-wrapper {  }#pt-cv-view-3i0h7lt2 + .pt-cv-pagination-wrapper a { font-size: 14px; }#pt-cv-view-3i0h7lt2 > .pt-cv-page {grid-template-columns: repeat(4, 1fr);grid-gap: 13px;}\n@media all and (max-width: 1024px) { \n#pt-cv-view-3i0h7lt2 > .pt-cv-page {}\n} \n@media all and (max-width: 767px) { \n#pt-cv-view-3i0h7lt2 > .pt-cv-page {grid-template-columns: repeat(1, 1fr);}\n} <\/style>\n\n\n<p><\/p>\n","protected":false},"excerpt":{"rendered":"<p>F\u00e9conde illusion, v\u00e9ritable apparenceet d\u00e9sir de transparence Que l\u2019illusion ait partie li\u00e9e \u00e0 l\u2019erreur, voil\u00e0 qui ne saurait nous surprendre. Celle-ci appartient en effet \u00e0 la d\u00e9finition de celle-l\u00e0. Que l\u2019art ait une proximit\u00e9 avec l\u2019illusion, nous le savions depuis longtemps. Par le moyen de cette illusion, il parvient m\u00eame&hellip;<\/p>\n","protected":false},"author":2,"featured_media":2356,"comment_status":"closed","ping_status":"open","sticky":false,"template":"","format":"standard","meta":{"pmpro_default_level":"","ngg_post_thumbnail":0,"footnotes":""},"categories":[2],"tags":[27],"class_list":["post-2355","post","type-post","status-publish","format-standard","has-post-thumbnail","hentry","category-journees-dautomne","tag-apres-2010","pmpro-has-access"],"_links":{"self":[{"href":"https:\/\/bibliotheque-sfpe-at.com\/index.php\/wp-json\/wp\/v2\/posts\/2355","targetHints":{"allow":["GET"]}}],"collection":[{"href":"https:\/\/bibliotheque-sfpe-at.com\/index.php\/wp-json\/wp\/v2\/posts"}],"about":[{"href":"https:\/\/bibliotheque-sfpe-at.com\/index.php\/wp-json\/wp\/v2\/types\/post"}],"author":[{"embeddable":true,"href":"https:\/\/bibliotheque-sfpe-at.com\/index.php\/wp-json\/wp\/v2\/users\/2"}],"replies":[{"embeddable":true,"href":"https:\/\/bibliotheque-sfpe-at.com\/index.php\/wp-json\/wp\/v2\/comments?post=2355"}],"version-history":[{"count":5,"href":"https:\/\/bibliotheque-sfpe-at.com\/index.php\/wp-json\/wp\/v2\/posts\/2355\/revisions"}],"predecessor-version":[{"id":2391,"href":"https:\/\/bibliotheque-sfpe-at.com\/index.php\/wp-json\/wp\/v2\/posts\/2355\/revisions\/2391"}],"wp:featuredmedia":[{"embeddable":true,"href":"https:\/\/bibliotheque-sfpe-at.com\/index.php\/wp-json\/wp\/v2\/media\/2356"}],"wp:attachment":[{"href":"https:\/\/bibliotheque-sfpe-at.com\/index.php\/wp-json\/wp\/v2\/media?parent=2355"}],"wp:term":[{"taxonomy":"category","embeddable":true,"href":"https:\/\/bibliotheque-sfpe-at.com\/index.php\/wp-json\/wp\/v2\/categories?post=2355"},{"taxonomy":"post_tag","embeddable":true,"href":"https:\/\/bibliotheque-sfpe-at.com\/index.php\/wp-json\/wp\/v2\/tags?post=2355"}],"curies":[{"name":"wp","href":"https:\/\/api.w.org\/{rel}","templated":true}]}}