{"id":2394,"date":"2025-01-13T22:16:33","date_gmt":"2025-01-13T21:16:33","guid":{"rendered":"https:\/\/sfpe-at.com\/?p=2394"},"modified":"2025-03-26T14:24:31","modified_gmt":"2025-03-26T13:24:31","slug":"quand-la-transparence-prend-corps-par-lapparence-et-lhabille-dans-la-psychose-applications-art-therapiques","status":"publish","type":"post","link":"https:\/\/bibliotheque-sfpe-at.com\/index.php\/2025\/01\/13\/quand-la-transparence-prend-corps-par-lapparence-et-lhabille-dans-la-psychose-applications-art-therapiques\/","title":{"rendered":"Quand la transparence prend corps par l\u2019apparence et l\u2019habill\u00e9 dans la psychose : applications art-th\u00e9rapiques"},"content":{"rendered":"\n<p><\/p>\n\n\n\n<div class=\"wp-block-columns is-layout-flex wp-container-core-columns-is-layout-28f84493 wp-block-columns-is-layout-flex\">\n<div class=\"wp-block-column is-layout-flow wp-block-column-is-layout-flow\" style=\"flex-basis:66.66%\">\n<p>Nous convoqu\u00e9 en tant que sympt\u00f4me clef, le corps dysfonctionnel du psychotique que cela soit dans une acception d\u2019image, de sch\u00e9ma, d\u2019int\u00e9riorit\u00e9 ou encore de fronti\u00e8re, est abord\u00e9 par l\u2019entremise de cas cliniques singuliers et\/ou de groupes \u00e0 m\u00e9diation avec des objectifs flous, des dispositifs non utilis\u00e9s manuellement (et donc non reproductibles) et sans \u00e9valuation permettant d\u2019interroger l\u00e9gitimement la question de l\u2019efficacit\u00e9 et de l\u2019efficience. Toutefois, avant m\u00eame de s\u2019inscrire dans cette dynamique exploratoire, il convient au pr\u00e9alable de poser et de rappeler quelques \u00e9l\u00e9ments clefs pour appr\u00e9hender la singularit\u00e9 du corps et a fortiori du corps de la personne psychotique.<br>DE CONSTATS EN POINTS DE REP\u00c8RES\u2026<br>Contextualisation<br>Aujourd\u2019hui davantage qu\u2019hier, nous sommes install\u00e9s dans une soci\u00e9t\u00e9 de corps\/du corps. Il s\u2019av\u00e8re n\u00e9cessaire de le montrer, imposer, cultiver, \u00e9duquer, contenir, surveiller, relaxer, etc. dans une banalisation paradoxale devenue aussi s\u00e9duisante que tyran- nique (Le Breton, 1999).<br>\u00c0 la fois visible et public, ce corps inter-subjectif est un corps qui va de soi (il doit suivre) m\u00eame l\u2019intra-subjectif bat de l\u2019aile.<br>En sciences humaines et m\u00e9dicales, il est classique de l\u2019\u00e9voquer par des concepts polys\u00e9miques (sch\u00e9ma corporel, stade du miroir, image inconsciente \u2014 dialogue tonique \u2014 sensorimotricit\u00e9) avec quantit\u00e9 de nuances en lesquelles chacun disserte \u00e0 d\u00e9faut de se perdre. Tant et si bien qu\u2019\u00e9merge une v\u00e9ritable symptomatologie o\u00f9 se c\u00f4toient malentendus, postulats, absence de pragmatisme, gargarisme lyrico-intellectuel et n\u00e9gligence du v\u00e9cu intra-subjectif. Le tout permet de poser un diagnostic Made in DSM IV-TR : \u00ab Si trois ou plus de ces manifestations sont pr\u00e9sentes pendant une p\u00e9riode d\u2019un mois, le sujet (la personne\/le domaine) pr\u00e9sente un trouble de polys\u00e9mie somato-psychique \u201cconfusionnant\u201d \u00bb<\/p>\n\n\n\n<p class=\"has-text-color has-link-color wp-elements-0c5dd61414d2cb4c88e3596780dedeb0\" style=\"color:#2753a5\"><strong><em>Pour lire le texte complet <a href=\"\/index.php\/options-dinscription\/\"><mark style=\"background-color:rgba(0, 0, 0, 0)\" class=\"has-inline-color has-vivid-cyan-blue-color\">s&rsquo;inscrire<\/mark><\/a> ou <a href=\"\/index.php\/my-account\/edit-account\/\"><mark style=\"background-color:rgba(0, 0, 0, 0)\" class=\"has-inline-color has-vivid-cyan-blue-color\">se connecter<\/mark><\/a><\/em><\/strong><\/p>\n\n\n\n\n\n<div style=\"height:100px\" aria-hidden=\"true\" class=\"wp-block-spacer\"><\/div>\n\n\n\n<div class=\"wp-block-buttons is-content-justification-center is-layout-flex wp-container-core-buttons-is-layout-a89b3969 wp-block-buttons-is-layout-flex\">\n<div class=\"wp-block-button has-custom-font-size has-small-font-size\"><a class=\"wp-block-button__link has-vivid-red-background-color has-background wp-element-button\" href=\"\/index.php\/2011\/10\/13\/illusion\/\">&lt;&#8211; retour<\/a><\/div>\n<\/div>\n<\/div>\n\n\n\n<div class=\"wp-block-column is-layout-flow wp-block-column-is-layout-flow\" style=\"flex-basis:33.33%\">\n<figure class=\"wp-block-table\"><table class=\"has-background\" style=\"background-color:#f8f2f2\"><thead><tr><th><mark class=\"has-inline-color has-vivid-red-color\" style=\"background-color: rgba(0, 0, 0, 0);\"><strong>Auteur<\/strong><\/mark><\/th><\/tr><\/thead><tbody><tr><td><strong><strong><strong><strong><strong>Diane Sicre<\/strong><\/strong><\/strong><\/strong><\/strong><br><strong><strong><strong><strong><strong>Jean-Luc Sudres<\/strong><\/strong><\/strong><\/strong><\/strong><\/td><\/tr><\/tbody><\/table><\/figure>\n\n\n\n<figure class=\"wp-block-table\"><table><thead><tr><th><mark class=\"has-inline-color has-vivid-red-color\" style=\"background-color: rgba(0, 0, 0, 0);\"><strong>R\u00e9f\u00e9rence<\/strong><\/mark><\/th><\/tr><\/thead><tbody><tr><td><strong>RA002-05<\/strong><br><strong>Illusion, apparence, transparence<\/strong><br>Journ\u00e9es d\u2019Automne 2011<\/td><\/tr><\/tbody><\/table><\/figure>\n\n\n\n<figure class=\"wp-block-table\"><table><thead><tr><th><mark class=\"has-inline-color has-vivid-red-color\" style=\"background-color: rgba(0, 0, 0, 0);\"><strong>Cat\u00e9gories<\/strong><\/mark><\/th><\/tr><\/thead><tbody><tr><td>Art-th\u00e9rapie<br>Dispositif de m\u00e9diation<br>Techniques corporelles<\/td><\/tr><\/tbody><\/table><\/figure>\n<\/div>\n<\/div>\n","protected":false},"excerpt":{"rendered":"<p>Nous convoqu\u00e9 en tant que sympt\u00f4me clef, le corps dysfonctionnel du psychotique que cela soit dans une acception d\u2019image, de sch\u00e9ma, d\u2019int\u00e9riorit\u00e9 ou encore de fronti\u00e8re, est abord\u00e9 par l\u2019entremise de cas cliniques singuliers et\/ou de groupes \u00e0 m\u00e9diation avec des objectifs flous, des dispositifs non utilis\u00e9s manuellement (et donc&hellip;<\/p>\n","protected":false},"author":2,"featured_media":0,"comment_status":"closed","ping_status":"open","sticky":false,"template":"","format":"standard","meta":{"pmpro_default_level":"","ngg_post_thumbnail":0,"footnotes":""},"categories":[532,451],"tags":[492,505,525,530,531],"class_list":["post-2394","post","type-post","status-publish","format-standard","hentry","category-sicre-diane","category-sudres-jean-luc","tag-art-therapie","tag-dispositif-de-mediation","tag-illusion-apparence-transparence","tag-ra002-05","tag-techniques-corporelles","pmpro-has-access"],"_links":{"self":[{"href":"https:\/\/bibliotheque-sfpe-at.com\/index.php\/wp-json\/wp\/v2\/posts\/2394","targetHints":{"allow":["GET"]}}],"collection":[{"href":"https:\/\/bibliotheque-sfpe-at.com\/index.php\/wp-json\/wp\/v2\/posts"}],"about":[{"href":"https:\/\/bibliotheque-sfpe-at.com\/index.php\/wp-json\/wp\/v2\/types\/post"}],"author":[{"embeddable":true,"href":"https:\/\/bibliotheque-sfpe-at.com\/index.php\/wp-json\/wp\/v2\/users\/2"}],"replies":[{"embeddable":true,"href":"https:\/\/bibliotheque-sfpe-at.com\/index.php\/wp-json\/wp\/v2\/comments?post=2394"}],"version-history":[{"count":4,"href":"https:\/\/bibliotheque-sfpe-at.com\/index.php\/wp-json\/wp\/v2\/posts\/2394\/revisions"}],"predecessor-version":[{"id":4334,"href":"https:\/\/bibliotheque-sfpe-at.com\/index.php\/wp-json\/wp\/v2\/posts\/2394\/revisions\/4334"}],"wp:attachment":[{"href":"https:\/\/bibliotheque-sfpe-at.com\/index.php\/wp-json\/wp\/v2\/media?parent=2394"}],"wp:term":[{"taxonomy":"category","embeddable":true,"href":"https:\/\/bibliotheque-sfpe-at.com\/index.php\/wp-json\/wp\/v2\/categories?post=2394"},{"taxonomy":"post_tag","embeddable":true,"href":"https:\/\/bibliotheque-sfpe-at.com\/index.php\/wp-json\/wp\/v2\/tags?post=2394"}],"curies":[{"name":"wp","href":"https:\/\/api.w.org\/{rel}","templated":true}]}}