{"id":2403,"date":"2025-01-13T22:36:53","date_gmt":"2025-01-13T21:36:53","guid":{"rendered":"https:\/\/sfpe-at.com\/?p=2403"},"modified":"2025-03-19T00:12:07","modified_gmt":"2025-03-18T23:12:07","slug":"les-dessous-caches-du-voile","status":"publish","type":"post","link":"https:\/\/bibliotheque-sfpe-at.com\/index.php\/2025\/01\/13\/les-dessous-caches-du-voile\/","title":{"rendered":"Les Dessous cach\u00e9s du voile\u2026"},"content":{"rendered":"\n<p><\/p>\n\n\n\n<p><\/p>\n\n\n\n<p><\/p>\n\n\n\n<div class=\"wp-block-columns is-layout-flex wp-container-core-columns-is-layout-28f84493 wp-block-columns-is-layout-flex\">\n<div class=\"wp-block-column is-layout-flow wp-block-column-is-layout-flow\" style=\"flex-basis:66.66%\">\n<p>H\u00e9raclitedisait : \u00ab La Nature aime \u00e0 se voiler\u00bb. Cet aphorisme, illustr\u00e9 par l\u2019image du voile recouvrant la d\u00e9esse Isis, met l\u2019accent et questionne sur la part secr\u00e8te de la nature divine<br>ou humaine, part secr\u00e8te qui peut prendre l\u2019aspect de la vertu, de la beaut\u00e9 ou de la v\u00e9rit\u00e9 dissimul\u00e9es au regard par des enveloppes sensibles ou mythiques.<br>Le voile (velum), simple morceau d\u2019\u00e9to\ufb00e dont le tissage peut aller du plus opaque au plus fin jusqu\u2019\u00e0 la transparence, sert en premier lieu \u00e0 couvrir, \u00e0 cacher (velare), \u00e0 prot\u00e9ger, \u00e0 s\u00e9parer voire \u00e0 estomper l\u2019image. Mais il sert aussi paradoxalement \u00e0 r\u00e9v\u00e9ler, \u00e0 d\u00e9v\u00e9ler, \u00e0 faire voir ou entrevoir en maintenant l\u2019apparence tout en gardant l\u2019illusion. Il est ainsi le support de valeurs et d\u2019interpr\u00e9tations multiples voire contradictoires.<br>Pour Platon les id\u00e9es du monde intelligible ne sont r\u00e9v\u00e9l\u00e9es qu\u2019apr\u00e8s d\u00e9voilement des illusions, des reflets du monde sensible projet\u00e9s sur le fond de la caverne.<br>Dans la plupart des religions, certaines \u00e9tant assimil\u00e9es \u00e0 des philosophies, le voile a cette fonction particuli\u00e8re et essentielle de s\u00e9paration.<br>Dans l\u2019hindouisme, et plus sp\u00e9cialement dans la philosophie indienne v\u00e9dique, le concept de Maya est l\u2019illusion d\u2019un monde physique que notre conscience consid\u00e8re comme la r\u00e9alit\u00e9, le principe \u00e9tant de \u00ab percer le voile \u00bb, voile d\u2019ignorance au-del\u00e0 duquel serait laV\u00e9rit\u00e9, la r\u00e9alit\u00e9 ultime mais insaisissable. La Nature devenue alors synonyme deV\u00e9rit\u00e9 est recouverte d\u2019un voile, le voile des apparences, qui cacherait ainsi une v\u00e9rit\u00e9 bien plus profonde.<br>Dans le bouddhisme, Bouddha est souvent repr\u00e9sent\u00e9 voil\u00e9, mais ici, la v\u00e9rit\u00e9 cach\u00e9e serait la vacuit\u00e9 immanente \u00e0 toute chose. De m\u00eame dans le soufisme, le voile s\u00e9pare l\u2019homme de Dieu (Mahomet est souvent recouvert d\u2019un voile blanc) et mat\u00e9rialise<br>l\u2019acc\u00e8s vers la connaissance gr\u00e2ce \u00e0 la m\u00e9ditation et la sagesse.<\/p>\n\n\n\n<p class=\"has-text-color has-link-color wp-elements-0c5dd61414d2cb4c88e3596780dedeb0\" style=\"color:#2753a5\"><strong><em>Pour lire le texte complet <a href=\"\/index.php\/options-dinscription\/\"><mark style=\"background-color:rgba(0, 0, 0, 0)\" class=\"has-inline-color has-vivid-cyan-blue-color\">s&rsquo;inscrire<\/mark><\/a> ou <a href=\"\/index.php\/my-account\/edit-account\/\"><mark style=\"background-color:rgba(0, 0, 0, 0)\" class=\"has-inline-color has-vivid-cyan-blue-color\">se connecter<\/mark><\/a><\/em><\/strong><\/p>\n\n\n\n\n\n<div style=\"height:100px\" aria-hidden=\"true\" class=\"wp-block-spacer\"><\/div>\n\n\n\n<div class=\"wp-block-buttons is-content-justification-center is-layout-flex wp-container-core-buttons-is-layout-a89b3969 wp-block-buttons-is-layout-flex\">\n<div class=\"wp-block-button has-custom-font-size has-small-font-size\"><a class=\"wp-block-button__link has-vivid-red-background-color has-background wp-element-button\" href=\"\/index.php\/2011\/10\/13\/illusion\/\">&lt;&#8211; retour<\/a><\/div>\n<\/div>\n<\/div>\n\n\n\n<div class=\"wp-block-column is-layout-flow wp-block-column-is-layout-flow\" style=\"flex-basis:33.33%\">\n<figure class=\"wp-block-table\"><table class=\"has-background\" style=\"background-color:#f8f2f2\"><thead><tr><th><mark class=\"has-inline-color has-vivid-red-color\" style=\"background-color: rgba(0, 0, 0, 0);\"><strong>Auteur<\/strong><\/mark><\/th><\/tr><\/thead><tbody><tr><td><strong><strong><strong><strong>Ghislaine Reillanne<\/strong><\/strong><\/strong><\/strong><\/td><\/tr><\/tbody><\/table><\/figure>\n\n\n\n<figure class=\"wp-block-table\"><table><thead><tr><th><mark class=\"has-inline-color has-vivid-red-color\" style=\"background-color: rgba(0, 0, 0, 0);\"><strong>R\u00e9f\u00e9rence<\/strong><\/mark><\/th><\/tr><\/thead><tbody><tr><td><strong>RA002-09<\/strong><br><strong>Illusion, apparence, transparence<\/strong><br>Journ\u00e9es d\u2019Automne 2011<\/td><\/tr><\/tbody><\/table><\/figure>\n\n\n\n<figure class=\"wp-block-table\"><table><thead><tr><th><mark class=\"has-inline-color has-vivid-red-color\" style=\"background-color: rgba(0, 0, 0, 0);\"><strong>Cat\u00e9gories<\/strong><\/mark><\/th><\/tr><\/thead><tbody><tr><td>Art<br>Danse<br>Musique<br>Peinture<br>Philosophie<\/td><\/tr><\/tbody><\/table><\/figure>\n<\/div>\n<\/div>\n","protected":false},"excerpt":{"rendered":"<p>H\u00e9raclitedisait : \u00ab La Nature aime \u00e0 se voiler\u00bb. Cet aphorisme, illustr\u00e9 par l\u2019image du voile recouvrant la d\u00e9esse Isis, met l\u2019accent et questionne sur la part secr\u00e8te de la nature divineou humaine, part secr\u00e8te qui peut prendre l\u2019aspect de la vertu, de la beaut\u00e9 ou de la v\u00e9rit\u00e9 dissimul\u00e9es&hellip;<\/p>\n","protected":false},"author":2,"featured_media":0,"comment_status":"closed","ping_status":"open","sticky":false,"template":"","format":"standard","meta":{"pmpro_default_level":"","ngg_post_thumbnail":0,"footnotes":""},"categories":[91],"tags":[483,1294,525,538,484,487,537],"class_list":["post-2403","post","type-post","status-publish","format-standard","hentry","category-reillanne-ghislaine","tag-art","tag-danse-mouvement","tag-illusion-apparence-transparence","tag-musique","tag-peinture","tag-philosophie","tag-ra002-09","pmpro-has-access"],"_links":{"self":[{"href":"https:\/\/bibliotheque-sfpe-at.com\/index.php\/wp-json\/wp\/v2\/posts\/2403","targetHints":{"allow":["GET"]}}],"collection":[{"href":"https:\/\/bibliotheque-sfpe-at.com\/index.php\/wp-json\/wp\/v2\/posts"}],"about":[{"href":"https:\/\/bibliotheque-sfpe-at.com\/index.php\/wp-json\/wp\/v2\/types\/post"}],"author":[{"embeddable":true,"href":"https:\/\/bibliotheque-sfpe-at.com\/index.php\/wp-json\/wp\/v2\/users\/2"}],"replies":[{"embeddable":true,"href":"https:\/\/bibliotheque-sfpe-at.com\/index.php\/wp-json\/wp\/v2\/comments?post=2403"}],"version-history":[{"count":3,"href":"https:\/\/bibliotheque-sfpe-at.com\/index.php\/wp-json\/wp\/v2\/posts\/2403\/revisions"}],"predecessor-version":[{"id":4338,"href":"https:\/\/bibliotheque-sfpe-at.com\/index.php\/wp-json\/wp\/v2\/posts\/2403\/revisions\/4338"}],"wp:attachment":[{"href":"https:\/\/bibliotheque-sfpe-at.com\/index.php\/wp-json\/wp\/v2\/media?parent=2403"}],"wp:term":[{"taxonomy":"category","embeddable":true,"href":"https:\/\/bibliotheque-sfpe-at.com\/index.php\/wp-json\/wp\/v2\/categories?post=2403"},{"taxonomy":"post_tag","embeddable":true,"href":"https:\/\/bibliotheque-sfpe-at.com\/index.php\/wp-json\/wp\/v2\/tags?post=2403"}],"curies":[{"name":"wp","href":"https:\/\/api.w.org\/{rel}","templated":true}]}}