{"id":2405,"date":"2025-01-14T00:28:50","date_gmt":"2025-01-13T23:28:50","guid":{"rendered":"https:\/\/sfpe-at.com\/?p=2405"},"modified":"2025-03-19T00:12:47","modified_gmt":"2025-03-18T23:12:47","slug":"ecran-de-verre-ecrin-du-rever-images-doubles-dans-loeuvre-de-salvador-dali","status":"publish","type":"post","link":"https:\/\/bibliotheque-sfpe-at.com\/index.php\/2025\/01\/14\/ecran-de-verre-ecrin-du-rever-images-doubles-dans-loeuvre-de-salvador-dali\/","title":{"rendered":"\u00c9cran de verre\/\u00e9crin du r\u00eaver : images doubles dans l\u2019\u0153uvre de Salvador Dal\u00ed"},"content":{"rendered":"\n<p><\/p>\n\n\n\n<p><\/p>\n\n\n\n<p><\/p>\n\n\n\n<p><\/p>\n\n\n\n<div class=\"wp-block-columns is-layout-flex wp-container-core-columns-is-layout-28f84493 wp-block-columns-is-layout-flex\">\n<div class=\"wp-block-column is-layout-flow wp-block-column-is-layout-flow\" style=\"flex-basis:66.66%\">\n<p><strong>Transparence et reflet<\/strong><br>Est-il une substance plus ancienne et plus innovante, dans les usages quotidiens comme dans la fabrique des illusions et les explorations scientifiques des confins infimes et infinis, que le verre (vitre, miroir, lentille\u2026) dur et cassant, r\u00e9sistant et fragile ? L\u2019\u00e9cran de verre, ce rempart narcissique qui prot\u00e8ge l\u2019objet, comme celui qui le regarde, de toute tentative pour le toucher, en l\u2019\u00e9levant tel un chef-d\u2019oeuvre, en fait un plaisir de t\u00eate (cosa mentale), une a\ufb00aire de sublimation ou d\u2019id\u00e9alisation. Mais ce faisant, l\u2019objet pr\u00e9cieux (agalma \/ma Gala) est aur\u00e9ol\u00e9 d\u2019une ambigu\u00eft\u00e9 essentielle, d\u2019un flottement de la signifiance\u2026 dus au fait que l\u2019\u0153uvre donn\u00e9e \u00e0 voir en transparence, se double de reflets changeants qui cr\u00e9ent une double image ou des images multiples, parmi les- quelles la projection de celui qui la contemple (sorte de \u00ab regard o\ufb00 \u00bb comme on dit \u00ab voix o\ufb00 \u00bb au cin\u00e9ma) et son propre arri\u00e8re- pays, faisant de l\u2019\u00e9cran de verre, un \u00e9cran de r\u00eave. L\u2019\u0153uvre y gagne en \u00e9tranget\u00e9 tout en tamponnant le d\u00e9sir de celui qui la contemple et qui est confront\u00e9 non pas au para\u00eetre (ostentatoire), ni au com- para\u00eetre (moraliste), mais \u00e0 l\u2019\u00e9clipse appara\u00eetre\/dispara\u00eetre ainsi qu\u2019au transpara\u00eetre. Salvador Dal\u00ed, \u00e0 dix ans seulement, fascin\u00e9 par l\u2019impressionnisme, emportait dans sa poche un bouchon de carafe en cristal, \u00e0 travers lequel il voyait les choses \u00ab sous l\u2019angle impressionniste \u00bb. L\u2019\u0153uvre la plus c\u00e9l\u00e8bre et la plus \u00e9nigmatique de M. Duchamp : La mari\u00e9e mise \u00e0 nue par ses c\u00e9libataires a aussi pour titre Le Grand Verre.<br>Seul celui qui conna\u00eet la mati\u00e8re de l\u2019\u0153uvre pour l\u2019avoir choisie, p\u00e9n\u00e9tr\u00e9e, p\u00e9trie, fouill\u00e9e, frapp\u00e9e, taill\u00e9e, d\u00e9truite et restaur\u00e9e, ce- lui qui en conna\u00eet le go\u00fbt, l\u2019odeur, les humeurs et les failles conna\u00eet \u00e0 jamais son intimit\u00e9 et ce qui lui en a co\u00fbt\u00e9 de la porter dans sa propre chair, de la contenir dans son propre ventre au long du for- mage gestatoire, avant son expulsion. Tous les autres &#8211; esth\u00e8tes et non pas artisans &#8211; ne conna\u00eetront pas les secrets de l\u2019atelier, ni de la sc\u00e8ne primitive o\u00f9 le concept de l\u2019oeuvre fut engendr\u00e9 ; ils n\u2019auront avec l\u2019oeuvre qu\u2019un rapport extime sinon de surface, une \u00e9motion vraie mais frapp\u00e9e du sceau de l\u2019illusion.<br>\u00ab Ceci n\u2019est qu\u2019une image, jamais vraiment \u00e7a \u00bb et si le corps de l\u2019oeuvre nous est refus\u00e9, pouvons nous acc\u00e9der au secret (\u00e9nigme, intrigue) de son code parth\u00e9nog\u00e9n\u00e9tique ?<\/p>\n\n\n\n<p class=\"has-text-color has-link-color wp-elements-0c5dd61414d2cb4c88e3596780dedeb0\" style=\"color:#2753a5\"><strong><em>Pour lire le texte complet <a href=\"\/index.php\/options-dinscription\/\"><mark style=\"background-color:rgba(0, 0, 0, 0)\" class=\"has-inline-color has-vivid-cyan-blue-color\">s&rsquo;inscrire<\/mark><\/a> ou <a href=\"\/index.php\/my-account\/edit-account\/\"><mark style=\"background-color:rgba(0, 0, 0, 0)\" class=\"has-inline-color has-vivid-cyan-blue-color\">se connecter<\/mark><\/a><\/em><\/strong><\/p>\n\n\n\n\n\n<div style=\"height:100px\" aria-hidden=\"true\" class=\"wp-block-spacer\"><\/div>\n\n\n\n<div class=\"wp-block-buttons is-content-justification-center is-layout-flex wp-container-core-buttons-is-layout-a89b3969 wp-block-buttons-is-layout-flex\">\n<div class=\"wp-block-button has-custom-font-size has-small-font-size\"><a class=\"wp-block-button__link has-vivid-red-background-color has-background wp-element-button\" href=\"\/index.php\/2011\/10\/13\/illusion\/\">&lt;&#8211; retour<\/a><\/div>\n<\/div>\n<\/div>\n\n\n\n<div class=\"wp-block-column is-layout-flow wp-block-column-is-layout-flow\" style=\"flex-basis:33.33%\">\n<figure class=\"wp-block-table\"><table class=\"has-background\" style=\"background-color:#f8f2f2\"><thead><tr><th><mark class=\"has-inline-color has-vivid-red-color\" style=\"background-color: rgba(0, 0, 0, 0);\"><strong>Auteur<\/strong><\/mark><\/th><\/tr><\/thead><tbody><tr><td><strong><strong><strong><strong><strong>Jean-Pierre Martineau<\/strong><\/strong><\/strong><\/strong><\/strong><\/td><\/tr><\/tbody><\/table><\/figure>\n\n\n\n<figure class=\"wp-block-table\"><table><thead><tr><th><mark class=\"has-inline-color has-vivid-red-color\" style=\"background-color: rgba(0, 0, 0, 0);\"><strong>R\u00e9f\u00e9rence<\/strong><\/mark><\/th><\/tr><\/thead><tbody><tr><td><strong>RA002-10<\/strong><br><strong>Illusion, apparence, transparence<\/strong><br>Journ\u00e9es d\u2019Automne 2011<\/td><\/tr><\/tbody><\/table><\/figure>\n\n\n\n<figure class=\"wp-block-table\"><table><thead><tr><th><mark class=\"has-inline-color has-vivid-red-color\" style=\"background-color: rgba(0, 0, 0, 0);\"><strong>Cat\u00e9gories<\/strong><\/mark><\/th><\/tr><\/thead><tbody><tr><td>Art<br>Peinture<br>Psychopathologie de l\u2019expression<\/td><\/tr><\/tbody><\/table><\/figure>\n<\/div>\n<\/div>\n","protected":false},"excerpt":{"rendered":"<p>Transparence et refletEst-il une substance plus ancienne et plus innovante, dans les usages quotidiens comme dans la fabrique des illusions et les explorations scientifiques des confins infimes et infinis, que le verre (vitre, miroir, lentille\u2026) dur et cassant, r\u00e9sistant et fragile ? L\u2019\u00e9cran de verre, ce rempart narcissique qui prot\u00e8ge&hellip;<\/p>\n","protected":false},"author":2,"featured_media":0,"comment_status":"closed","ping_status":"open","sticky":false,"template":"","format":"standard","meta":{"pmpro_default_level":"","ngg_post_thumbnail":0,"footnotes":""},"categories":[41],"tags":[483,525,484,488,540],"class_list":["post-2405","post","type-post","status-publish","format-standard","hentry","category-martineau-jean-pierre","tag-art","tag-illusion-apparence-transparence","tag-peinture","tag-psychopathologie-de-lexpression","tag-ra002-10","pmpro-has-access"],"_links":{"self":[{"href":"https:\/\/bibliotheque-sfpe-at.com\/index.php\/wp-json\/wp\/v2\/posts\/2405","targetHints":{"allow":["GET"]}}],"collection":[{"href":"https:\/\/bibliotheque-sfpe-at.com\/index.php\/wp-json\/wp\/v2\/posts"}],"about":[{"href":"https:\/\/bibliotheque-sfpe-at.com\/index.php\/wp-json\/wp\/v2\/types\/post"}],"author":[{"embeddable":true,"href":"https:\/\/bibliotheque-sfpe-at.com\/index.php\/wp-json\/wp\/v2\/users\/2"}],"replies":[{"embeddable":true,"href":"https:\/\/bibliotheque-sfpe-at.com\/index.php\/wp-json\/wp\/v2\/comments?post=2405"}],"version-history":[{"count":3,"href":"https:\/\/bibliotheque-sfpe-at.com\/index.php\/wp-json\/wp\/v2\/posts\/2405\/revisions"}],"predecessor-version":[{"id":4339,"href":"https:\/\/bibliotheque-sfpe-at.com\/index.php\/wp-json\/wp\/v2\/posts\/2405\/revisions\/4339"}],"wp:attachment":[{"href":"https:\/\/bibliotheque-sfpe-at.com\/index.php\/wp-json\/wp\/v2\/media?parent=2405"}],"wp:term":[{"taxonomy":"category","embeddable":true,"href":"https:\/\/bibliotheque-sfpe-at.com\/index.php\/wp-json\/wp\/v2\/categories?post=2405"},{"taxonomy":"post_tag","embeddable":true,"href":"https:\/\/bibliotheque-sfpe-at.com\/index.php\/wp-json\/wp\/v2\/tags?post=2405"}],"curies":[{"name":"wp","href":"https:\/\/api.w.org\/{rel}","templated":true}]}}