{"id":2411,"date":"2025-01-14T00:49:14","date_gmt":"2025-01-13T23:49:14","guid":{"rendered":"https:\/\/sfpe-at.com\/?p=2411"},"modified":"2025-03-19T00:14:18","modified_gmt":"2025-03-18T23:14:18","slug":"voir-au-dela-transparences-et-opacites-photographiques","status":"publish","type":"post","link":"https:\/\/bibliotheque-sfpe-at.com\/index.php\/2025\/01\/14\/voir-au-dela-transparences-et-opacites-photographiques\/","title":{"rendered":"Voir au-del\u00e0\u2026. Transparences et opacit\u00e9s photographiques"},"content":{"rendered":"\n<p><\/p>\n\n\n\n<p><\/p>\n\n\n\n<p><\/p>\n\n\n\n<p><\/p>\n\n\n\n<p><\/p>\n\n\n\n<div class=\"wp-block-columns is-layout-flex wp-container-core-columns-is-layout-28f84493 wp-block-columns-is-layout-flex\">\n<div class=\"wp-block-column is-layout-flow wp-block-column-is-layout-flow\" style=\"flex-basis:66.66%\">\n<p>Il n\u2019est gu\u00e8re possible de parler de la transparence en photo- graphie, sans aborder conjointement la question du r\u00e9el, si pr\u00e9sente dans ce m\u00e9dium qui renvoie, comme on le sait, au visible et \u00e0 la visibilit\u00e9. Le r\u00e9el et le visible entretiennent des liens traditionnellement \u00e9troits et il nous semble judicieux de reprendre ce vieux d\u00e9bat sur la pr\u00e9sence ou non du r\u00e9el dans la photographie quand les nouvelles technologies de l\u2019image privil\u00e9gient de plus en plus le virtuel, au risque d\u2019entra\u00eener des e\ufb00ets psychologiques et sociologiques aux cons\u00e9quences encore ind\u00e9termin\u00e9es. Poser la question de la transparence nous o\ufb00re donc le pr\u00e9texte pour reprendre d\u2019autres interrogations portant \u00e0 la fois sur notre int\u00e9r\u00eat pour la photographie et sur le rapport au r\u00e9el entretenu en psychoth\u00e9rapie.<br>Comment d\u00e9finir le r\u00e9el ?<br>On sait qu\u2019il s\u2019agit l\u00e0 d\u2019une notion qui nous est donn\u00e9e sans \u00eatre vraiment explicit\u00e9e et qui interpelle aussi bien la philosophie, que la psychiatrie ou la psychanalyse, sans parler des photographes \u00e0 qui l\u2019on a sans cesse r\u00e9p\u00e9t\u00e9 que leur m\u00e9dium repr\u00e9sentait le r\u00e9el, \u00e9tait une trace du r\u00e9el . Mais est-il question du m\u00eame r\u00e9el dans les domaines pr\u00e9cit\u00e9s ? Le r\u00e9el peut-il \u00eatre d\u00e9clin\u00e9 au pluriel plut\u00f4t qu\u2019au singulier ? Ces questions valent certainement d\u2019\u00eatre pos\u00e9es car leurs r\u00e9ponses pourraient lever bien des ambigu\u00eft\u00e9s sur l\u2019a\ufb03rmation du lien existant entre photographie, r\u00e9el et r\u00e9alit\u00e9. Nous serions provisoirement enclins \u00e0 dire qu\u2019il est pr\u00e9f\u00e9rable de parler de r\u00e9els au pluriel, ce qui permet d\u2019envisager la multiplicit\u00e9 des rapports que ce m\u00e9dium entretient avec le monde, comme avec nous-m\u00eames.<br>Pour consid\u00e9rer la photographie comme ayant quelque chose \u00e0 voir avec la r\u00e9alit\u00e9 \u2013 si ce n\u2019est avec le r\u00e9el\u2013 on fait \u00e9tat de ses origines physico-chimiques , de ses liens avec la lumi\u00e8re, des tech- niques bas\u00e9es sur l\u2019optique. Mais cela ne semble pas su\ufb03sant pour rendre compte de l\u2019art photographique en lui-m\u00eame, de la subjectivit\u00e9 du regard, du myst\u00e8re que repr\u00e9sente (et que repr\u00e9sentera toujours) l\u2019image photographique. Les photographes eux-m\u00eames sont suspicieux vis-\u00e0-vis d\u2019une r\u00e9alit\u00e9 existant ind\u00e9pendamment de la personne humaine. Pour eux, la photographie n\u2019est pas si acheiropo\u00ef\u00e8te que \u00e7a (non faite de main d\u2019homme). Et pourtant, nous avons le sentiment, en face de ces images, m\u00eame et surtout en noir et blanc, qu\u2019elles refl\u00e8tent la r\u00e9alit\u00e9 \u00e0 un moment donn\u00e9 (le fameux \u00ab \u00e7a a \u00e9t\u00e9 \u00bb de Roland Barthes) et qu\u2019elles produisent sur nous un e\ufb00et de r\u00e9el.<\/p>\n\n\n\n<p class=\"has-text-color has-link-color wp-elements-0c5dd61414d2cb4c88e3596780dedeb0\" style=\"color:#2753a5\"><strong><em>Pour lire le texte complet <a href=\"\/index.php\/options-dinscription\/\"><mark style=\"background-color:rgba(0, 0, 0, 0)\" class=\"has-inline-color has-vivid-cyan-blue-color\">s&rsquo;inscrire<\/mark><\/a> ou <a href=\"\/index.php\/my-account\/edit-account\/\"><mark style=\"background-color:rgba(0, 0, 0, 0)\" class=\"has-inline-color has-vivid-cyan-blue-color\">se connecter<\/mark><\/a><\/em><\/strong><\/p>\n\n\n\n\n\n<div style=\"height:100px\" aria-hidden=\"true\" class=\"wp-block-spacer\"><\/div>\n\n\n\n<div class=\"wp-block-buttons is-content-justification-center is-layout-flex wp-container-core-buttons-is-layout-a89b3969 wp-block-buttons-is-layout-flex\">\n<div class=\"wp-block-button has-custom-font-size has-small-font-size\"><a class=\"wp-block-button__link has-vivid-red-background-color has-background wp-element-button\" href=\"\/index.php\/2011\/10\/13\/illusion\/\">&lt;&#8211; retour<\/a><\/div>\n<\/div>\n<\/div>\n\n\n\n<div class=\"wp-block-column is-layout-flow wp-block-column-is-layout-flow\" style=\"flex-basis:33.33%\">\n<figure class=\"wp-block-table\"><table class=\"has-background\" style=\"background-color:#f8f2f2\"><thead><tr><th><mark class=\"has-inline-color has-vivid-red-color\" style=\"background-color: rgba(0, 0, 0, 0);\"><strong>Auteur<\/strong><\/mark><\/th><\/tr><\/thead><tbody><tr><td><strong><strong><strong><strong><strong><strong><strong><strong>Gilles Perriot<\/strong><\/strong><\/strong><\/strong><\/strong><\/strong><\/strong><\/strong><\/td><\/tr><\/tbody><\/table><\/figure>\n\n\n\n<figure class=\"wp-block-table\"><table><thead><tr><th><mark class=\"has-inline-color has-vivid-red-color\" style=\"background-color: rgba(0, 0, 0, 0);\"><strong>R\u00e9f\u00e9rence<\/strong><\/mark><\/th><\/tr><\/thead><tbody><tr><td><strong>RA002-13<\/strong><br><strong>Illusion, apparence, transparence<\/strong><br>Journ\u00e9es d\u2019Automne 2011<\/td><\/tr><\/tbody><\/table><\/figure>\n\n\n\n<figure class=\"wp-block-table\"><table><thead><tr><th><mark class=\"has-inline-color has-vivid-red-color\" style=\"background-color: rgba(0, 0, 0, 0);\"><strong>Cat\u00e9gories<\/strong><\/mark><\/th><\/tr><\/thead><tbody><tr><td>Art<br>Photographie<\/td><\/tr><\/tbody><\/table><\/figure>\n<\/div>\n<\/div>\n","protected":false},"excerpt":{"rendered":"<p>Il n\u2019est gu\u00e8re possible de parler de la transparence en photo- graphie, sans aborder conjointement la question du r\u00e9el, si pr\u00e9sente dans ce m\u00e9dium qui renvoie, comme on le sait, au visible et \u00e0 la visibilit\u00e9. Le r\u00e9el et le visible entretiennent des liens traditionnellement \u00e9troits et il nous semble&hellip;<\/p>\n","protected":false},"author":2,"featured_media":0,"comment_status":"closed","ping_status":"open","sticky":false,"template":"","format":"standard","meta":{"pmpro_default_level":"","ngg_post_thumbnail":0,"footnotes":""},"categories":[224],"tags":[483,525,514,543],"class_list":["post-2411","post","type-post","status-publish","format-standard","hentry","category-perriot-gilles","tag-art","tag-illusion-apparence-transparence","tag-photographie","tag-ra002-13","pmpro-has-access"],"_links":{"self":[{"href":"https:\/\/bibliotheque-sfpe-at.com\/index.php\/wp-json\/wp\/v2\/posts\/2411","targetHints":{"allow":["GET"]}}],"collection":[{"href":"https:\/\/bibliotheque-sfpe-at.com\/index.php\/wp-json\/wp\/v2\/posts"}],"about":[{"href":"https:\/\/bibliotheque-sfpe-at.com\/index.php\/wp-json\/wp\/v2\/types\/post"}],"author":[{"embeddable":true,"href":"https:\/\/bibliotheque-sfpe-at.com\/index.php\/wp-json\/wp\/v2\/users\/2"}],"replies":[{"embeddable":true,"href":"https:\/\/bibliotheque-sfpe-at.com\/index.php\/wp-json\/wp\/v2\/comments?post=2411"}],"version-history":[{"count":3,"href":"https:\/\/bibliotheque-sfpe-at.com\/index.php\/wp-json\/wp\/v2\/posts\/2411\/revisions"}],"predecessor-version":[{"id":4341,"href":"https:\/\/bibliotheque-sfpe-at.com\/index.php\/wp-json\/wp\/v2\/posts\/2411\/revisions\/4341"}],"wp:attachment":[{"href":"https:\/\/bibliotheque-sfpe-at.com\/index.php\/wp-json\/wp\/v2\/media?parent=2411"}],"wp:term":[{"taxonomy":"category","embeddable":true,"href":"https:\/\/bibliotheque-sfpe-at.com\/index.php\/wp-json\/wp\/v2\/categories?post=2411"},{"taxonomy":"post_tag","embeddable":true,"href":"https:\/\/bibliotheque-sfpe-at.com\/index.php\/wp-json\/wp\/v2\/tags?post=2411"}],"curies":[{"name":"wp","href":"https:\/\/api.w.org\/{rel}","templated":true}]}}