{"id":2413,"date":"2025-01-14T00:55:10","date_gmt":"2025-01-13T23:55:10","guid":{"rendered":"https:\/\/sfpe-at.com\/?p=2413"},"modified":"2025-03-19T00:02:59","modified_gmt":"2025-03-18T23:02:59","slug":"illusion-logique-et-transparence-du-sujet-labsence-qui-fait-signe","status":"publish","type":"post","link":"https:\/\/bibliotheque-sfpe-at.com\/index.php\/2025\/01\/14\/illusion-logique-et-transparence-du-sujet-labsence-qui-fait-signe\/","title":{"rendered":"Illusion, logique et transparence du sujet L\u2019absence qui fait signe"},"content":{"rendered":"\n<div class=\"wp-block-columns is-layout-flex wp-container-core-columns-is-layout-28f84493 wp-block-columns-is-layout-flex\">\n<div class=\"wp-block-column is-layout-flow wp-block-column-is-layout-flow\" style=\"flex-basis:66.66%\">\n<p><em>\u00ab Ce dont on ne peut parler, il faut le taire \u00bb <\/em><br>Est-il donc raisonnable de poursuivre ? Tout en partageant pleinement la position de l\u2019auteur du Tractatus, nous pensons l\u00e9gitime de poursuivre car \u00ab ce dont on ne peut parler \u00bb, on peut le \u00ab voir \u00bb ou, plus pr\u00e9cis\u00e9ment, il peut se donner \u00e0 voir. Toutefois, il ne peut s\u2019agir que d\u2019un (\u00e7\u00e0)voir qui \u00e9chappe \u00e0 toute forme de repr\u00e9sentation. Ce dont on ne peut parler ici, c\u2019est pr\u00e9cis\u00e9ment de celui qui parle. Y a-t-il quelqu\u2019un derri\u00e8re (en amont, \u00e0 l\u2019origine) des apparences ? Quelque \u00ab Un \u00bb ?<br>Ce qui fait l\u2019unit\u00e9 de la repr\u00e9sentation n\u2019y est, pr\u00e9cis\u00e9ment, pas repr\u00e9sentable, sinon sur le mode d\u2019une absence (de compl\u00e9tude) au sein de ladite repr\u00e9sentation. Il s\u2019agit alors de chercher, derri\u00e8re l\u2019apparence du (\u00e7\u00e0)voir, ce qui lui \u00e9chappe et pourtant le fonde2. C\u2019est parce qu\u2019il n\u2019y appara\u00eet qu\u2019en transparence que le sujet peut \u00eatre consid\u00e9r\u00e9 comme absent de ses propres repr\u00e9sentations. Mais cette pr\u00e9tendue absence n\u2019est, elle-m\u00eame, que la manifestation d\u2019une impossible totalisation de ce (\u00e7\u00e0)voir.<br>Mieux que toute forme de discours, certaines \u0153uvres picturales, et singuli\u00e8rement certaines estampes du dessinateur graveur M.C. Escher, donnent \u00e0 voir ce qui \u00e9chappe \u00e0 la repr\u00e9sentation. C\u2019est \u00e0 l\u2019une d\u2019entre elles, intitul\u00e9e La galerie d\u2019estampes, que nous voulons nous int\u00e9resser ici.<br><br><strong>Escher et la logique de l\u2019illusion<\/strong><br>Maurits Cornelis Escher est un artiste n\u00e9erlandais (1898- 1972), connu notamment pour ses gravures sur bois et ses litho- graphies repr\u00e9sentant souvent des constructions impossibles. Escher associe perfection d\u2019ex\u00e9cution et imagination. Il abuse de notre sens visuel, joue avec notre raison, invente de nouvelles repr\u00e9sentations spatiales et produit des mondes qui n\u2019existent que par le dessin. La suggestion ainsi cr\u00e9\u00e9e est imp\u00e9rative tellement l\u2019illusion est vraie. De ce point de vue, Escher est un ma\u00eetre dans l\u2019art de duper car, disait-il \u00ab dessiner, c\u2019est tricher \u00bb. Son \u0153uvre utilise diverses m\u00e9thodes de \u00ab pavage \u00bb en deux ou trois dimensions et donne \u00e0 voir des espaces paradoxaux qui d\u00e9fient nos modes habituels de repr\u00e9sentation3 central y constitue une singularit\u00e9 au sens math\u00e9matique du terme et figure le (non) lieu d\u2019o\u00f9 jaillit l\u2019espace et qui n\u2019est pas lui-m\u00eame spatialement repr\u00e9sentable, autrement que par ce \u00ab trou \u00bb.<\/p>\n\n\n\n<p class=\"has-text-color has-link-color wp-elements-0c5dd61414d2cb4c88e3596780dedeb0\" style=\"color:#2753a5\"><strong><em>Pour lire le texte complet <a href=\"\/index.php\/options-dinscription\/\"><mark style=\"background-color:rgba(0, 0, 0, 0)\" class=\"has-inline-color has-vivid-cyan-blue-color\">s&rsquo;inscrire<\/mark><\/a> ou <a href=\"\/index.php\/my-account\/edit-account\/\"><mark style=\"background-color:rgba(0, 0, 0, 0)\" class=\"has-inline-color has-vivid-cyan-blue-color\">se connecter<\/mark><\/a><\/em><\/strong><\/p>\n\n\n\n\n\n<div style=\"height:100px\" aria-hidden=\"true\" class=\"wp-block-spacer\"><\/div>\n\n\n\n<div class=\"wp-block-buttons is-content-justification-center is-layout-flex wp-container-core-buttons-is-layout-a89b3969 wp-block-buttons-is-layout-flex\">\n<div class=\"wp-block-button has-custom-font-size has-small-font-size\"><a class=\"wp-block-button__link has-vivid-red-background-color has-background wp-element-button\" href=\"\/index.php\/2011\/10\/13\/illusion\/\">&lt;&#8211; retour<\/a><\/div>\n<\/div>\n<\/div>\n\n\n\n<div class=\"wp-block-column is-layout-flow wp-block-column-is-layout-flow\" style=\"flex-basis:33.33%\">\n<figure class=\"wp-block-table\"><table class=\"has-background\" style=\"background-color:#f8f2f2\"><thead><tr><th><mark class=\"has-inline-color has-vivid-red-color\" style=\"background-color: rgba(0, 0, 0, 0);\"><strong>Auteur<\/strong><\/mark><\/th><\/tr><\/thead><tbody><tr><td><strong><strong><strong><strong><strong><strong><strong><strong><strong>Jean-Fran\u00e7ois Lambert<\/strong><\/strong><\/strong><\/strong><\/strong><\/strong><\/strong><\/strong><\/strong><\/td><\/tr><\/tbody><\/table><\/figure>\n\n\n\n<figure class=\"wp-block-table\"><table><thead><tr><th><mark class=\"has-inline-color has-vivid-red-color\" style=\"background-color: rgba(0, 0, 0, 0);\"><strong>R\u00e9f\u00e9rence<\/strong><\/mark><\/th><\/tr><\/thead><tbody><tr><td><strong>RA002-14<\/strong><br><strong>Illusion, apparence, transparence<\/strong><br>Journ\u00e9es d\u2019Automne 2011<\/td><\/tr><\/tbody><\/table><\/figure>\n\n\n\n<figure class=\"wp-block-table\"><table><thead><tr><th><mark class=\"has-inline-color has-vivid-red-color\" style=\"background-color: rgba(0, 0, 0, 0);\"><strong>Cat\u00e9gories<\/strong><\/mark><\/th><\/tr><\/thead><tbody><tr><td>Art<br>Esth\u00e9tique<br>Philosophie<br>Psychanalyse<br>Science<\/td><\/tr><\/tbody><\/table><\/figure>\n<\/div>\n<\/div>\n","protected":false},"excerpt":{"rendered":"<p>\u00ab Ce dont on ne peut parler, il faut le taire \u00bb Est-il donc raisonnable de poursuivre ? Tout en partageant pleinement la position de l\u2019auteur du Tractatus, nous pensons l\u00e9gitime de poursuivre car \u00ab ce dont on ne peut parler \u00bb, on peut le \u00ab voir \u00bb ou, plus&hellip;<\/p>\n","protected":false},"author":2,"featured_media":0,"comment_status":"closed","ping_status":"open","sticky":false,"template":"","format":"standard","meta":{"pmpro_default_level":"","ngg_post_thumbnail":0,"footnotes":""},"categories":[40],"tags":[483,491,525,487,494,544,545],"class_list":["post-2413","post","type-post","status-publish","format-standard","hentry","category-lambert-jean-francois","tag-art","tag-esthetique","tag-illusion-apparence-transparence","tag-philosophie","tag-psychanalyse","tag-ra002-14","tag-science","pmpro-has-access"],"_links":{"self":[{"href":"https:\/\/bibliotheque-sfpe-at.com\/index.php\/wp-json\/wp\/v2\/posts\/2413","targetHints":{"allow":["GET"]}}],"collection":[{"href":"https:\/\/bibliotheque-sfpe-at.com\/index.php\/wp-json\/wp\/v2\/posts"}],"about":[{"href":"https:\/\/bibliotheque-sfpe-at.com\/index.php\/wp-json\/wp\/v2\/types\/post"}],"author":[{"embeddable":true,"href":"https:\/\/bibliotheque-sfpe-at.com\/index.php\/wp-json\/wp\/v2\/users\/2"}],"replies":[{"embeddable":true,"href":"https:\/\/bibliotheque-sfpe-at.com\/index.php\/wp-json\/wp\/v2\/comments?post=2413"}],"version-history":[{"count":3,"href":"https:\/\/bibliotheque-sfpe-at.com\/index.php\/wp-json\/wp\/v2\/posts\/2413\/revisions"}],"predecessor-version":[{"id":4330,"href":"https:\/\/bibliotheque-sfpe-at.com\/index.php\/wp-json\/wp\/v2\/posts\/2413\/revisions\/4330"}],"wp:attachment":[{"href":"https:\/\/bibliotheque-sfpe-at.com\/index.php\/wp-json\/wp\/v2\/media?parent=2413"}],"wp:term":[{"taxonomy":"category","embeddable":true,"href":"https:\/\/bibliotheque-sfpe-at.com\/index.php\/wp-json\/wp\/v2\/categories?post=2413"},{"taxonomy":"post_tag","embeddable":true,"href":"https:\/\/bibliotheque-sfpe-at.com\/index.php\/wp-json\/wp\/v2\/tags?post=2413"}],"curies":[{"name":"wp","href":"https:\/\/api.w.org\/{rel}","templated":true}]}}