{"id":2417,"date":"2025-01-14T01:06:37","date_gmt":"2025-01-14T00:06:37","guid":{"rendered":"https:\/\/sfpe-at.com\/?p=2417"},"modified":"2025-03-19T00:16:15","modified_gmt":"2025-03-18T23:16:15","slug":"petite-phenomenologie-des-metaphores-de-diffraction-du-moi","status":"publish","type":"post","link":"https:\/\/bibliotheque-sfpe-at.com\/index.php\/2025\/01\/14\/petite-phenomenologie-des-metaphores-de-diffraction-du-moi\/","title":{"rendered":"Petite ph\u00e9nom\u00e9nologie des m\u00e9taphores de diffraction du Moi"},"content":{"rendered":"\n<div class=\"wp-block-columns is-layout-flex wp-container-core-columns-is-layout-28f84493 wp-block-columns-is-layout-flex\">\n<div class=\"wp-block-column is-layout-flow wp-block-column-is-layout-flow\" style=\"flex-basis:66.66%\">\n<p><br>La conception psychologique d\u2019une fragilit\u00e9 identitaire consubstantielle \u00e0 la personne humaine se d\u00e9ploie et se r\u00e9percute dans une mosa\u00efque de registres. Bien que susceptibles d\u2019\u00eatre di\ufb00\u00e9renci\u00e9s par l\u2019analyse, ils n\u2019en contribuent pas moins \u00e0 renforcer conjointement l\u2019id\u00e9e fondamentale d\u2019un Moi aux assises et composantes probl\u00e9matiques, aux acquisitions, avatars et modes de d\u00e9veloppement fort pr\u00e9caires, soumis en permanence \u00e0 de brutales ou insidieuses attaques successives ; sous la pression d\u2019une combinaison entre des forces internes et externes, elles s\u2019av\u00e8rent susceptibles de remettre radicalement en cause sa stabilit\u00e9 et m\u00eame, de fa\u00e7on transitoire, insistante ou d\u00e9finitive en fonction d\u2019un \u00e9ventail de d\u00e9rives pathologiques vari\u00e9es, jusqu\u2019\u00e0 son existence.<br>Le moins que l\u2019on puisse dire, c\u2019est que notre arriv\u00e9e tardive parmi la transmission et l\u2019\u00e9volution des vari\u00e9t\u00e9s animales ne fut pas propre \u00e0 l\u2019a\ufb03rmation d\u2019une identit\u00e9 collective, \u00e0 la fois en rupture et transition avec les \u00e9tages adjacents de nos voisins primates ou des hominid\u00e9s : l\u2019av\u00e8nement de l\u2019Homme dans des circonstances somme toute brouillonnes et confidentielles, b\u00e9gayant d\u00e8s le d\u00e9part entre Neandertal et Cro-Magnon, pour ce que l\u2019on nous en raconte encore partiellement aujourd\u2019hui, ne renvoie gu\u00e8re l\u2019image d\u2019une communaut\u00e9 solidement implant\u00e9e et s\u2019imposant d\u00e8s l\u2019origine, contrairement \u00e0 ses ambitions et tendances expansionnistes devenues par la suite sans cesse croissantes, comme si la modestie de notre condition initiale non seulement n\u2019emp\u00eachait pas l\u2019importance, voire la d\u00e9mesure que nous nous conf\u00e9rons depuis, mais encourageait plut\u00f4t \u00e0 l\u2019enflure.<br>\u00c0 l\u2019\u00e9chelle individuelle, sous l\u2019e\ufb00et d\u2019un glissement homologique de la phylogen\u00e8se \u00e0 l\u2019ontogen\u00e8se, il en va pourtant de la construction et de la permanence du Moi personnel comme de celle de notre esp\u00e8ce, \u00e0 supposer que ce dernier mot ait un sens puisque notre patrimoine g\u00e9n\u00e9tique rec\u00e8le les traces d\u2019au moins deux lign\u00e9es h\u00e9t\u00e9rog\u00e8nes : l\u2019humanit\u00e9 et l\u2019individualit\u00e9 n\u2019ont donc pu et ne peuvent s\u2019\u00e9tablir dans un seuil de stabilit\u00e9 indispensable \u00e0 leur \u00e9mergence et leur continuit\u00e9, qu\u2019en fonction d\u2019une vuln\u00e9rabilit\u00e9 fondamentale d\u2019origine qui fait partie int\u00e9grante de leur d\u00e9finition et de l\u2019ambigu\u00eft\u00e9 de leur position paradoxale.<br><\/p>\n\n\n\n<p class=\"has-text-color has-link-color wp-elements-0c5dd61414d2cb4c88e3596780dedeb0\" style=\"color:#2753a5\"><strong><em>Pour lire le texte complet <a href=\"\/index.php\/options-dinscription\/\"><mark style=\"background-color:rgba(0, 0, 0, 0)\" class=\"has-inline-color has-vivid-cyan-blue-color\">s&rsquo;inscrire<\/mark><\/a> ou <a href=\"\/index.php\/my-account\/edit-account\/\"><mark style=\"background-color:rgba(0, 0, 0, 0)\" class=\"has-inline-color has-vivid-cyan-blue-color\">se connecter<\/mark><\/a><\/em><\/strong><\/p>\n\n\n\n\n\n<div style=\"height:100px\" aria-hidden=\"true\" class=\"wp-block-spacer\"><\/div>\n\n\n\n<div class=\"wp-block-buttons is-content-justification-center is-layout-flex wp-container-core-buttons-is-layout-a89b3969 wp-block-buttons-is-layout-flex\">\n<div class=\"wp-block-button has-custom-font-size has-small-font-size\"><a class=\"wp-block-button__link has-vivid-red-background-color has-background wp-element-button\" href=\"\/index.php\/2011\/10\/13\/illusion\/\">&lt;&#8211; retour<\/a><\/div>\n<\/div>\n<\/div>\n\n\n\n<div class=\"wp-block-column is-layout-flow wp-block-column-is-layout-flow\" style=\"flex-basis:33.33%\">\n<figure class=\"wp-block-table\"><table class=\"has-background\" style=\"background-color:#f8f2f2\"><thead><tr><th><mark class=\"has-inline-color has-vivid-red-color\" style=\"background-color: rgba(0, 0, 0, 0);\"><strong>Auteur<\/strong><\/mark><\/th><\/tr><\/thead><tbody><tr><td><strong><strong><strong><strong><strong><strong><strong><strong><strong><strong><strong>Jean-Marie Barth\u00e9l\u00e9my<\/strong><\/strong><\/strong><\/strong><\/strong><\/strong><\/strong><\/strong><\/strong><\/strong><\/strong><\/td><\/tr><\/tbody><\/table><\/figure>\n\n\n\n<figure class=\"wp-block-table\"><table><thead><tr><th><mark class=\"has-inline-color has-vivid-red-color\" style=\"background-color: rgba(0, 0, 0, 0);\"><strong>R\u00e9f\u00e9rence<\/strong><\/mark><\/th><\/tr><\/thead><tbody><tr><td><strong>RA002-16<\/strong><br><strong>Illusion, apparence, transparence<\/strong><br>Journ\u00e9es d\u2019Automne 2011<\/td><\/tr><\/tbody><\/table><\/figure>\n\n\n\n<figure class=\"wp-block-table\"><table><thead><tr><th><mark class=\"has-inline-color has-vivid-red-color\" style=\"background-color: rgba(0, 0, 0, 0);\"><strong>Cat\u00e9gories<\/strong><\/mark><\/th><\/tr><\/thead><tbody><tr><td>Adolescence<br>Enfance<br>Ph\u00e9nom\u00e9nologie<br>Litt\u00e9rature<\/td><\/tr><\/tbody><\/table><\/figure>\n<\/div>\n<\/div>\n","protected":false},"excerpt":{"rendered":"<p>La conception psychologique d\u2019une fragilit\u00e9 identitaire consubstantielle \u00e0 la personne humaine se d\u00e9ploie et se r\u00e9percute dans une mosa\u00efque de registres. Bien que susceptibles d\u2019\u00eatre di\ufb00\u00e9renci\u00e9s par l\u2019analyse, ils n\u2019en contribuent pas moins \u00e0 renforcer conjointement l\u2019id\u00e9e fondamentale d\u2019un Moi aux assises et composantes probl\u00e9matiques, aux acquisitions, avatars et modes&hellip;<\/p>\n","protected":false},"author":2,"featured_media":0,"comment_status":"closed","ping_status":"open","sticky":false,"template":"","format":"standard","meta":{"pmpro_default_level":"","ngg_post_thumbnail":0,"footnotes":""},"categories":[31],"tags":[548,549,525,509,486,547],"class_list":["post-2417","post","type-post","status-publish","format-standard","hentry","category-barthelemy-jean-marie","tag-adolescence","tag-enfance","tag-illusion-apparence-transparence","tag-litterature","tag-phenomenologie","tag-ra002-16","pmpro-has-access"],"_links":{"self":[{"href":"https:\/\/bibliotheque-sfpe-at.com\/index.php\/wp-json\/wp\/v2\/posts\/2417","targetHints":{"allow":["GET"]}}],"collection":[{"href":"https:\/\/bibliotheque-sfpe-at.com\/index.php\/wp-json\/wp\/v2\/posts"}],"about":[{"href":"https:\/\/bibliotheque-sfpe-at.com\/index.php\/wp-json\/wp\/v2\/types\/post"}],"author":[{"embeddable":true,"href":"https:\/\/bibliotheque-sfpe-at.com\/index.php\/wp-json\/wp\/v2\/users\/2"}],"replies":[{"embeddable":true,"href":"https:\/\/bibliotheque-sfpe-at.com\/index.php\/wp-json\/wp\/v2\/comments?post=2417"}],"version-history":[{"count":3,"href":"https:\/\/bibliotheque-sfpe-at.com\/index.php\/wp-json\/wp\/v2\/posts\/2417\/revisions"}],"predecessor-version":[{"id":4343,"href":"https:\/\/bibliotheque-sfpe-at.com\/index.php\/wp-json\/wp\/v2\/posts\/2417\/revisions\/4343"}],"wp:attachment":[{"href":"https:\/\/bibliotheque-sfpe-at.com\/index.php\/wp-json\/wp\/v2\/media?parent=2417"}],"wp:term":[{"taxonomy":"category","embeddable":true,"href":"https:\/\/bibliotheque-sfpe-at.com\/index.php\/wp-json\/wp\/v2\/categories?post=2417"},{"taxonomy":"post_tag","embeddable":true,"href":"https:\/\/bibliotheque-sfpe-at.com\/index.php\/wp-json\/wp\/v2\/tags?post=2417"}],"curies":[{"name":"wp","href":"https:\/\/api.w.org\/{rel}","templated":true}]}}