{"id":2421,"date":"2025-01-14T01:18:29","date_gmt":"2025-01-14T00:18:29","guid":{"rendered":"https:\/\/sfpe-at.com\/?p=2421"},"modified":"2025-03-19T00:05:01","modified_gmt":"2025-03-18T23:05:01","slug":"de-lillusion","status":"publish","type":"post","link":"https:\/\/bibliotheque-sfpe-at.com\/index.php\/2025\/01\/14\/de-lillusion\/","title":{"rendered":"De l\u2019illusion\u2026"},"content":{"rendered":"\n<p><\/p>\n\n\n\n<div class=\"wp-block-columns is-layout-flex wp-container-core-columns-is-layout-28f84493 wp-block-columns-is-layout-flex\">\n<div class=\"wp-block-column is-layout-flow wp-block-column-is-layout-flow\" style=\"flex-basis:66.66%\">\n<p>Pour ce congr\u00e8s, nous avons retenu le titre de Illusion, apparence, transparence. Quant au choix pour mon propos : celui de centrer la r\u00e9flexion sur les deux premiers termes de la trilogie. Et tout d\u2019abord l\u2019illusion : elle constitue une interrogation par excellence de la tradition philosophique, cela depuis son origine antique. Pour preuve, Platon et l\u2019all\u00e9gorie dite de la caverne.<br>Un bref rappel su\ufb03ra. Selon Platon, nous serions comme des prisonniers encha\u00een\u00e9s dans une caverne. Des objets de notre environnement, nous ne voyons que des ombres (skia), projet\u00e9es sur les parois de la caverne plac\u00e9es devant soi. Telle est notre condition d\u2019humain, en tant qu\u2019appartenant au monde sensible. Toutefois, gr\u00e2ce \u00e0 l\u2019\u00e9ducation, nous pouvons nous \u00e9lever et quitter notre demeure souterraine. Progressivement, nous parvenons alors par degr\u00e9s au monde intelligible, au monde des Id\u00e9es. Ce monde de lumi\u00e8re nous \u00e9blouirait si nous y acc\u00e9dions brusquement. C\u2019est pourquoi, par paliers successifs, nous saisissons les objets (eidoola), per\u00e7us ant\u00e9rieurement comme des ombres. Elles nous apparaissent donc comme des copies de ces objets. Nous nous rendons compte alors de notre illusion (doksadzein). L\u2019illusion se d\u00e9finit ici comme une erreur, une tromperie.<br>Rappelons que illusion vient de illudere, c\u2019est-\u00e0-dire se jouer de quelqu\u2019un. \u00c0 la vue des objets, nous comprenons la nature des ombres projet\u00e9es sur la paroi de la caverne. Ces ombres, copies d\u2019objets n\u2019ont que l\u2019apparence des objets. D\u00e8s lors, d\u00e9finissons l\u2019apparence comme une pr\u00e9sentation, en tant qu\u2019elle di\ufb00\u00e8re de l\u2019objet correspondant, du moins ici pour Platon.<br>Encore faudrait-il ajouter qu\u2019avec la saisie des objets, nous restons dans le monde sensible. Pour le d\u00e9passer, il faut franchir de nouvelles \u00e9tapes, afin d\u2019acc\u00e9der enfin \u00e0 l\u2019intelligible, au monde des Id\u00e9es. Que d\u00e9couvre-t-on en y entrant ? Les objets sont eux-m\u00eames des copies des Id\u00e9es correspondantes. Avec les Id\u00e9es, nous acc\u00e9dons \u00e0 l\u2019\u00eatre des objets, aux choses en soi. En cons\u00e9quence, notre monde habituel, notre monde d\u2019ombres est constitu\u00e9 de copies de copies, d\u2019apparences d\u2019apparences.<br>Par rapport \u00e0 l\u2019\u00eatre, \u00e0 la r\u00e9alit\u00e9 elle-m\u00eame, notre monde d\u2019ombres, d\u2019illusions se situe en tierce position. Copie de la copie, par son \u00e9loignement de l\u2019\u00eatre, il se place, se situe au troisi\u00e8me degr\u00e9 du R\u00e9el, c\u2019est-\u00e0-dire de l\u2019Id\u00e9e. Ces copies de copies rel\u00e8vent de qu\u2019on appelle mim\u00e9sis, l\u2019imitation, \u00e0 entendre comme imitation de l\u2019imitation de l\u2019\u00eatre, monde sans consistance. Pour Platon, notons-le, l\u2019art constitue le domaine paradigmatique de la mim\u00e9sis. En cons\u00e9quence, l\u2019art, disons la po\u00ef\u00e9sis, la cr\u00e9ation artistique sous toutes ses formes, repr\u00e9sente le domaine illustratif de l\u2019illusion.<\/p>\n\n\n\n<p class=\"has-text-color has-link-color wp-elements-0c5dd61414d2cb4c88e3596780dedeb0\" style=\"color:#2753a5\"><strong><em>Pour lire le texte complet <a href=\"\/index.php\/options-dinscription\/\"><mark style=\"background-color:rgba(0, 0, 0, 0)\" class=\"has-inline-color has-vivid-cyan-blue-color\">s&rsquo;inscrire<\/mark><\/a> ou <a href=\"\/index.php\/my-account\/edit-account\/\"><mark style=\"background-color:rgba(0, 0, 0, 0)\" class=\"has-inline-color has-vivid-cyan-blue-color\">se connecter<\/mark><\/a><\/em><\/strong><\/p>\n\n\n\n\n\n<div style=\"height:100px\" aria-hidden=\"true\" class=\"wp-block-spacer\"><\/div>\n\n\n\n<div class=\"wp-block-buttons is-content-justification-center is-layout-flex wp-container-core-buttons-is-layout-a89b3969 wp-block-buttons-is-layout-flex\">\n<div class=\"wp-block-button has-custom-font-size has-small-font-size\"><a class=\"wp-block-button__link has-vivid-red-background-color has-background wp-element-button\" href=\"\/index.php\/2011\/10\/13\/illusion\/\">&lt;&#8211; retour<\/a><\/div>\n<\/div>\n<\/div>\n\n\n\n<div class=\"wp-block-column is-layout-flow wp-block-column-is-layout-flow\" style=\"flex-basis:33.33%\">\n<figure class=\"wp-block-table\"><table class=\"has-background\" style=\"background-color:#f8f2f2\"><thead><tr><th><mark class=\"has-inline-color has-vivid-red-color\" style=\"background-color: rgba(0, 0, 0, 0);\"><strong>Auteur<\/strong><\/mark><\/th><\/tr><\/thead><tbody><tr><td><strong><strong><strong><strong><strong><strong><strong><strong><strong><strong><strong><strong><strong>Jean-Philippe Catonn\u00e9<\/strong><\/strong><\/strong><\/strong><\/strong><\/strong><\/strong><\/strong><\/strong><\/strong><\/strong><\/strong><\/strong><\/td><\/tr><\/tbody><\/table><\/figure>\n\n\n\n<figure class=\"wp-block-table\"><table><thead><tr><th><mark class=\"has-inline-color has-vivid-red-color\" style=\"background-color: rgba(0, 0, 0, 0);\"><strong>R\u00e9f\u00e9rence<\/strong><\/mark><\/th><\/tr><\/thead><tbody><tr><td><strong>RA002-18<\/strong><br><strong>Illusion, apparence, transparence<\/strong><br>Journ\u00e9es d\u2019Automne 2011<\/td><\/tr><\/tbody><\/table><\/figure>\n\n\n\n<figure class=\"wp-block-table\"><table><thead><tr><th><mark class=\"has-inline-color has-vivid-red-color\" style=\"background-color: rgba(0, 0, 0, 0);\"><strong>Cat\u00e9gories<\/strong><\/mark><\/th><\/tr><\/thead><tbody><tr><td>Art<br>Philosophie<\/td><\/tr><\/tbody><\/table><\/figure>\n<\/div>\n<\/div>\n","protected":false},"excerpt":{"rendered":"<p>Pour ce congr\u00e8s, nous avons retenu le titre de Illusion, apparence, transparence. Quant au choix pour mon propos : celui de centrer la r\u00e9flexion sur les deux premiers termes de la trilogie. Et tout d\u2019abord l\u2019illusion : elle constitue une interrogation par excellence de la tradition philosophique, cela depuis son&hellip;<\/p>\n","protected":false},"author":2,"featured_media":0,"comment_status":"closed","ping_status":"open","sticky":false,"template":"","format":"standard","meta":{"pmpro_default_level":"","ngg_post_thumbnail":0,"footnotes":""},"categories":[58],"tags":[483,525,487,551],"class_list":["post-2421","post","type-post","status-publish","format-standard","hentry","category-catonne-jean-philippe","tag-art","tag-illusion-apparence-transparence","tag-philosophie","tag-ra002-18","pmpro-has-access"],"_links":{"self":[{"href":"https:\/\/bibliotheque-sfpe-at.com\/index.php\/wp-json\/wp\/v2\/posts\/2421","targetHints":{"allow":["GET"]}}],"collection":[{"href":"https:\/\/bibliotheque-sfpe-at.com\/index.php\/wp-json\/wp\/v2\/posts"}],"about":[{"href":"https:\/\/bibliotheque-sfpe-at.com\/index.php\/wp-json\/wp\/v2\/types\/post"}],"author":[{"embeddable":true,"href":"https:\/\/bibliotheque-sfpe-at.com\/index.php\/wp-json\/wp\/v2\/users\/2"}],"replies":[{"embeddable":true,"href":"https:\/\/bibliotheque-sfpe-at.com\/index.php\/wp-json\/wp\/v2\/comments?post=2421"}],"version-history":[{"count":3,"href":"https:\/\/bibliotheque-sfpe-at.com\/index.php\/wp-json\/wp\/v2\/posts\/2421\/revisions"}],"predecessor-version":[{"id":4331,"href":"https:\/\/bibliotheque-sfpe-at.com\/index.php\/wp-json\/wp\/v2\/posts\/2421\/revisions\/4331"}],"wp:attachment":[{"href":"https:\/\/bibliotheque-sfpe-at.com\/index.php\/wp-json\/wp\/v2\/media?parent=2421"}],"wp:term":[{"taxonomy":"category","embeddable":true,"href":"https:\/\/bibliotheque-sfpe-at.com\/index.php\/wp-json\/wp\/v2\/categories?post=2421"},{"taxonomy":"post_tag","embeddable":true,"href":"https:\/\/bibliotheque-sfpe-at.com\/index.php\/wp-json\/wp\/v2\/tags?post=2421"}],"curies":[{"name":"wp","href":"https:\/\/api.w.org\/{rel}","templated":true}]}}