{"id":2442,"date":"2014-06-05T20:25:09","date_gmt":"2014-06-05T18:25:09","guid":{"rendered":"https:\/\/sfpe-at.com\/?p=2442"},"modified":"2025-01-14T22:05:59","modified_gmt":"2025-01-14T21:05:59","slug":"art-sante-mentale-citoyennete","status":"publish","type":"post","link":"https:\/\/bibliotheque-sfpe-at.com\/index.php\/2014\/06\/05\/art-sante-mentale-citoyennete\/","title":{"rendered":"Art, Sant\u00e9 mentale, Citoyennet\u00e9"},"content":{"rendered":"<div class=\"wp-block-image\">\n<figure class=\"alignright size-large is-resized\"><a href=\"https:\/\/bibliotheque-sfpe-at.com\/wp-content\/uploads\/2025\/01\/RA005-ArtSanteMentale.jpg\"><img loading=\"lazy\" decoding=\"async\" width=\"711\" height=\"1024\" src=\"https:\/\/bibliotheque-sfpe-at.com\/wp-content\/uploads\/2025\/01\/RA005-ArtSanteMentale-711x1024.jpg\" alt=\"\" class=\"wp-image-2443\" style=\"width:350px\" srcset=\"https:\/\/bibliotheque-sfpe-at.com\/wp-content\/uploads\/2025\/01\/RA005-ArtSanteMentale-711x1024.jpg 711w, https:\/\/bibliotheque-sfpe-at.com\/wp-content\/uploads\/2025\/01\/RA005-ArtSanteMentale-208x300.jpg 208w, https:\/\/bibliotheque-sfpe-at.com\/wp-content\/uploads\/2025\/01\/RA005-ArtSanteMentale-768x1106.jpg 768w, https:\/\/bibliotheque-sfpe-at.com\/wp-content\/uploads\/2025\/01\/RA005-ArtSanteMentale-236x340.jpg 236w, https:\/\/bibliotheque-sfpe-at.com\/wp-content\/uploads\/2025\/01\/RA005-ArtSanteMentale-417x600.jpg 417w, https:\/\/bibliotheque-sfpe-at.com\/wp-content\/uploads\/2025\/01\/RA005-ArtSanteMentale-600x864.jpg 600w, https:\/\/bibliotheque-sfpe-at.com\/wp-content\/uploads\/2025\/01\/RA005-ArtSanteMentale.jpg 833w\" sizes=\"auto, (max-width: 711px) 100vw, 711px\" \/><\/a><\/figure>\n<\/div>\n\n\n<p><strong>Deux jours enti\u00e8rement d\u00e9di\u00e9s \u00e0 la citoyennet\u00e9<\/strong><\/p>\n\n\n\n<p>Et pourquoi ? Personne ne s&rsquo;\u00e9tonnera que nous ayons organis\u00e9 les Journ\u00e9es de printemps de la SFPE-AT (Soci\u00e9t\u00e9 fran\u00e7aise de psychopathologie de l&rsquo;expression et d&rsquo;art-th\u00e9rapie) en interrogeant les liens entre l&rsquo;art et la th\u00e9rapie. Rien d&rsquo;\u00e9tonnant, en effet, \u00e0 associer deux notions constitutives de notre Soci\u00e9t\u00e9. Depuis un demi-si\u00e8cle, nous misons sur la cr\u00e9ation artistique pour \u00e9panouir les personnes qui s&rsquo;y adonnent. Chaque ann\u00e9e, nous nous r\u00e9jouissons d&rsquo;appr\u00e9cier les effets salutaires induits par la mise en jeu du potentiel cr\u00e9ateur. Chacune et chacun peut alors, a minima s&rsquo;exprimer tout d&rsquo;abord, voire ensuite se r\u00e9v\u00e9ler. En empruntant ce chemin, adviennent des effets \u00e9quilibrants dits th\u00e9rapeutiques. Essentiellement autant que modestement, ils consistent en une meilleure reconnaissance de soi et de sa propre valeur. L&rsquo;art, bien orient\u00e9 et personnalis\u00e9, en constitue la cause motrice, pour une cause finale visant \u00e0 une meilleure appropriation de soi.<br>D\u00e8s lors, quid de la citoyennet\u00e9? Autrement pos\u00e9, quelle n\u00e9cessit\u00e9 pr\u00e9side \u00e0 associer l&rsquo;art et la th\u00e9rapie \u00e0 cette troisi\u00e8me notion de citoyennet\u00e9? \u00c0 mes yeux, elle appara\u00eet fondamentale. Je m&rsquo;en suis expliqu\u00e9 lors de la pr\u00e9sentation orale de ce colloque Art, Sant\u00e9 Mentale, Citoyennet\u00e9. Nous proposons la cr\u00e9ation artistique \u00e0 des personnes vivant, \u00e0 titres divers, des difficult\u00e9s psychiques. En refusant toute forme d&rsquo;hypocrisie, il nous faudra admettre que ces personnes subissent le plus souvent le poids d&rsquo;un discr\u00e9dit, d&rsquo;un a prion n\u00e9gatif. Autant savoir caract\u00e9riser v\u00e9ridiquement cette attitude sociale commune pour ce qu&rsquo;elle est, \u00e0 savoir une injuste discrimination.<br>Pour instaurer plus de justice, je me suis efforc\u00e9 depuis mon retour en psychiatrie, de faire pr\u00e9valoir une citoyennet\u00e9 de plein droit aux personnes fr\u00e9quentant nos ateliers de cr\u00e9ation. Pour encore mieux en t\u00e9moigner, chaque ann\u00e9e, j&rsquo;ai propos\u00e9 des rencontres avec le public, donc avec des concitoyens. Elles prennent la forme d&rsquo;expositions artistiques finement pr\u00e9par\u00e9es, de semaines d&rsquo;ouverture du service au public, d&rsquo;articles de presse, de reportages t\u00e9l\u00e9visuels, de publications de livres, de spectacles de th\u00e9\u00e2tre,d&rsquo;organisation de concerts, de tournages et de r\u00e9alisations de films. Ce colloque et la r\u00e9daction de ces Actes font partie de cet ensemble constitutif d&rsquo;une mise en \u0153uvre effective de la citoyennet\u00e9. Ainsi, logiquement se d\u00e9roule une trilogie associant cr\u00e9ation, exposition et m\u00e9morisation. La valorisation r\u00e9sultant de la cr\u00e9ation s&rsquo;av\u00e8re re-doubl\u00e9e par l&rsquo;exposition et prolong\u00e9e par une m\u00e9moire \u00e9ditoriale. Autrement dit, la cr\u00e9ation appelle \u00e0 l&rsquo;exposition, laquelle aspire \u00e0 laisser une trace par la m\u00e9morisation. Il s&rsquo;agit donc de r\u00e9tablir \u00e0 la fois plus de v\u00e9rit\u00e9 et de justice.<br>Je rappelle que notre service de Clermont, intitul\u00e9 Arts et Th\u00e9rapie, organisateur de ce colloque, rel\u00e8ve de la psychiatrie publique. Or, la l\u00e9gitimit\u00e9 de la citoyennet\u00e9 prend centralement place dans l&rsquo;histoire de la psychiatrie moderne. Ainsi, apr\u00e8s la Seconde Guerre mondiale, un mouvement \u00e9mancipateur a bris\u00e9 la r\u00e9alit\u00e9 s\u00e9gr\u00e9gative des h\u00f4pitaux psychiatriques. Sous le nom de \u00ab secteur\u00bb, il a vis\u00e9 \u00e0 instaurer une psychiatrie de proximit\u00e9, une psychiatrie dans la cit\u00e9, donc une psychiatrie citoyenne. Nous y voil\u00e0! De plus, et toujours dans mon introduction au colloque, j&rsquo;ai tenu \u00e0 pr\u00e9ciser que cette psychiatrie de proximit\u00e9 s&rsquo;ouvre sur une autre vision que la seule logique du territoire. Laquelle ? Elle vise essentiellement \u00e0 une pleine reconnaissance des personnes ayant des difficult\u00e9s psy-chiques. Qu&rsquo;est-ce \u00e0 dire? Consid\u00e9rer la personne en elle-m\u00eame, sans jamais la r\u00e9duire aux difficult\u00e9s qu&rsquo;elle traverse.<br>Certes, dira-t-on, voil\u00e0 ce qui appara\u00eet volontiers commun\u00e9ment admis dans les services de soins. Et pourtant, dans nombre de cas, on pourrait en douter. Pourquoi ? Disons-le simplement ! Quand j&rsquo;entends parler de \u00ab eux \u00bb et de \u00ab nous \u00bb, eux les autres et nous les sains d&rsquo;esprit, je commence \u00e0 m&rsquo;inqui\u00e9ter et \u00e0 ressentir chez ceux s&rsquo;exprimant ainsi des processus autant d\u00e9fensifs que mortif\u00e8res face \u00e0 leurs propres difficult\u00e9s psychiques. A contrario j&rsquo;aimerais entendre parler du\u00ab nous\u00bb de similitude, m\u00fb par \u00e9lan de citoyennet\u00e9 et de partage de l&rsquo;\u00e9galit\u00e9 des chances.<br>Je ne fais ici que m&rsquo;inspirer du mouvement dit de\u00ab psychoth\u00e9rapie institutionnelle \u00bb. Que dit-il en substance ? Chaque institution s\u00e9cr\u00e8te son lot de nuisance: rejet, exclusion, bouc-\u00e9missaire \u2026 Les institutions soignantes ne sauraient y \u00e9chapper. Pr\u00e9tendre soigner les autres implique comme premier devoir une remise en cause. Ainsi, face \u00e0 telle parole ou tel acte d&rsquo;autrui, il s&rsquo;agit alors de s&rsquo;interroger: dans ma r\u00e9action, qu&rsquo;en est-il de ma propre subjectivit\u00e9? Un tel questionnement devrait constituer le minimum requis pour s&rsquo;impliquer dans toute d\u00e9marche de soin, d&rsquo;aide et, en particulier, d&rsquo;art et th\u00e9rapie.<br>Pour cette histoire vieille de plusieurs d\u00e9cennies, souvenons-nous de quelques noms. Nous en retrouverons certains \u00e0 la lecture de ces Actes : Lucien Bonnaf\u00e9, fondateur du \u00ab d\u00e9sali\u00e9nisme \u00bb et artisan majeur du secteur, Georges Daum\u00e9zon, inventeur avec Fran\u00e7ois Tosquelles du mouvement de \u00ab psychoth\u00e9rapie institutionnelle, Jean Oury, directeur de la clinique exemplaire deLa Borde \u00e0 Cour-Cheverny, Jean Ayme, le premier ayant lib\u00e9r\u00e9 un service \u00e0 Clermont-de-l&rsquo;Oise, Roger Gentis, auteur connu du grand public par la publication du livre intitul\u00e9 Les Murs de l&rsquo;asile \u2026 On me pardonnera de ne pas citer le nom de toutes ces personnes admirables qui ont r\u00e9fl\u00e9chi et agi, sans attendre la \u00ab Lib\u00e9ration \u00bb pour s&rsquo;inscrire durablement dans un mouvement pour la libert\u00e9.<br>Dans cet esprit, on retrouvera la FASM (F\u00e9d\u00e9ration d&rsquo;aide \u00e0 la sant\u00e9 mentale) &#8211; Croix-Marine. Son pr\u00e9sident a conclu les deux journ\u00e9es du colloque de Clermont. Croix-Marine y a toute sa place. En effet, ce mouvement repose sur les deux piliers que sont le secteur et la psychoth\u00e9rapie institutionnelle. De m\u00eame, on ne sera pas \u00e9tonn\u00e9 de lire le texte d&rsquo;un ancien Grand Ma\u00eetre du Grand Orient. \u00c9cole de fraternit\u00e9, la franc-ma\u00e7onnerie a toujours d\u00e9fendu la citoyennet\u00e9. A l&rsquo;\u00e9vidence, sur ce th\u00e8me, le t\u00e9moignage des personnes fr\u00e9quentant les ateliers de cr\u00e9ation artistique s&rsquo;impose: on retrouvera les propos introductifs \u00e0 leur intervention collective. Tout comme le public pr\u00e9sent ce jour-l\u00e0, j&rsquo;ai appr\u00e9ci\u00e9 la clart\u00e9 et la sinc\u00e9rit\u00e9 de ces trois personnes.<br>Je voudrais remercier aussi toutes et tous les autres intervenant(e)s. Ils ont finement pr\u00e9par\u00e9 leurs interventions et scrupuleusement respect\u00e9 leur temps de parole. Certain(e)s ont souhait\u00e9 d\u00e9velopper leurs propos dans une version \u00e9crite plus \u00e9tay\u00e9e. De cela r\u00e9sulte un enrichissement pour la lecture, au prix, il est vrai, d&rsquo;une disparit\u00e9 dans le format des contributions publi\u00e9es dans ce volume. J&rsquo;ai r\u00e9ussi \u00e0 r\u00e9unir toutes les interventions, \u00e0 l&rsquo;exception de celle de Denys Robiliard, auteur du dernier rapport parlementaire sur l&rsquo;avenir de la psychiatrie. Toutefois, on pourra visionner l&rsquo;essentiel de sa contribution dans le DVD consacr\u00e9 aux conf\u00e9rences. Dans le coffret de DVD, on pourra voir aussi un montage sur l&rsquo;exposition REG&rsquo;ARTet re-voir le spectacle de th\u00e9\u00e2tre intitul\u00e9 L&rsquo;Amour est un sport de combat. Ce coffret repr\u00e9sente le compl\u00e9ment indispensable pour garder en m\u00e9moire les paroles prononc\u00e9es et les images de celles et ceux qui les ont \u00e9nonc\u00e9es au cours de ces deux Journ\u00e9es de printemps de SFPE-AT.<br>Merci \u00e0 nos partenaires principaux pour la r\u00e9alisation de ces manifestations : le directeur du centre psychiatrique, Fran\u00e7ois Leclercq, et la municipalit\u00e9 de Clermont-de-l&rsquo;Oise, en particulier le maire, Lionel Ollivier et le maire-adjoint Pascal Dizengremel. Dans ces remerciements, n&rsquo;oublions pas l&rsquo;atelier th\u00e9rapeutique du Relais de l&rsquo;Aulne qui a su assumer la restauration et l&rsquo;h\u00f4tellerie avec la comp\u00e9tence et l&rsquo;amabilit\u00e9 de ses moniteurs et de ses stagiaires en insertion. Merci \u00e0 la SFPE-AT, son pr\u00e9sident d&rsquo;honneur Fran\u00e7ois Granier et sa vice-pr\u00e9sidente, Michelle Morin. Je remercie aussi les excellents mod\u00e9rateurs: Ghislaine Reillanne, Silke Schauder, Tanja Verlinden et G\u00e9rard Bout\u00e9, lequel a, de plus, assum\u00e9 la cr\u00e9ation artistique et la conception graphique de ces Actes. Merci enfin \u00e0 toutes et tous les participant(e)s au colloque des 5 et 6 juin 2014.<\/p>\n\n\n\n<p><strong>Jean-Philippe Catonn\u00e9<\/strong><\/p>\n\n\n<div class='pt-cv-wrapper'> <div class=\"pt-cv-view pt-cv-blockgrid iscvblock iscvreal grid1 layout2 cveffect-zoomin\" id=\"pt-cv-view-3i0h7lt2\"><div data-id=\"pt-cv-page-1\" class=\"pt-cv-page\" data-cvc=\"4\"><div class=\" pt-cv-content-item pt-cv-1-col\" ><div class=\"pt-cv-taxoterm above_title\"><a href='https:\/\/bibliotheque-sfpe-at.com\/index.php\/category\/auteurs\/morin-bompart-michelle\/' title='Morin-Bompart Michelle' class='pt-cv-tax-morin-bompart-michelle'>Morin-Bompart Michelle<\/a><\/div>\n<h4 class=\"pt-cv-title\"><a href=\"https:\/\/bibliotheque-sfpe-at.com\/index.php\/2025\/01\/14\/allocution-douverture\/\" class=\"_self\" target=\"_self\" >Allocution d&rsquo;ouverture<\/a><\/h4>\n<div class=\"pt-cv-content\">La SFPE-AT (Soci\u00e9t\u00e9 fran\u00e7aise de psychopathologie de l&rsquo;expression et d&rsquo;art-th\u00e9rapie) va f\u00eater son jubil\u00e9 en d\u00e9cembre 2014. Ses travaux de recherche se situent \u00e0 la jonction de la sant\u00e9 et du socio-culturel, luttant contre l&rsquo;exclusion en ouvrant un autre regard sur la folie et l&rsquo;art &#8230;<\/div>\n<div class=\"pt-cv-rmwrap\"><a href=\"https:\/\/bibliotheque-sfpe-at.com\/index.php\/2025\/01\/14\/allocution-douverture\/\" class=\"_self pt-cv-readmore btn btn-success\" target=\"_self\" >Lire La Suite\u2026<\/a><\/div><\/div>\n<div class=\" pt-cv-content-item pt-cv-1-col\" ><div class=\"pt-cv-taxoterm above_title\"><a href='https:\/\/bibliotheque-sfpe-at.com\/index.php\/category\/auteurs\/bourderon-marlene\/' title='Bourderon Marl\u00e8ne' class='pt-cv-tax-bourderon-marlene'>Bourderon Marl\u00e8ne<\/a><\/div>\n<h4 class=\"pt-cv-title\"><a href=\"https:\/\/bibliotheque-sfpe-at.com\/index.php\/2025\/01\/14\/lexperience-du-beau-dans-la-creation-dune-oeuvre-plastique-collective\/\" class=\"_self\" target=\"_self\" >L\u2019exp\u00e9rience du Beau dans la cr\u00e9ation d&rsquo;une \u0153uvre plastique collective<\/a><\/h4>\n<div class=\"pt-cv-content\">Les conclusions pr\u00e9sent\u00e9es ci-dessous, sont les r\u00e9sultats de l&rsquo;\u00e9tude men\u00e9e dans le cadre d&rsquo;un m\u00e9moire de recherche de master 2, en art th\u00e9rapie, intitul\u00e9 L&rsquo;exp\u00e9rience du beau, de soi aux autres.Peintre et plasticienne, j&rsquo;interviens aupr\u00e8s de groupes pour la r\u00e9alisation d&rsquo;\u0153uvres collectives. La recherche s&rsquo;attache &#8230;<\/div>\n<div class=\"pt-cv-rmwrap\"><a href=\"https:\/\/bibliotheque-sfpe-at.com\/index.php\/2025\/01\/14\/lexperience-du-beau-dans-la-creation-dune-oeuvre-plastique-collective\/\" class=\"_self pt-cv-readmore btn btn-success\" target=\"_self\" >Lire La Suite\u2026<\/a><\/div><\/div>\n<div class=\" pt-cv-content-item pt-cv-1-col\" ><div class=\"pt-cv-taxoterm above_title\"><a href='https:\/\/bibliotheque-sfpe-at.com\/index.php\/category\/auteurs\/vasseur-alain\/' title='Vasseur Alain' class='pt-cv-tax-vasseur-alain'>Vasseur Alain<\/a><\/div>\n<h4 class=\"pt-cv-title\"><a href=\"https:\/\/bibliotheque-sfpe-at.com\/index.php\/2025\/01\/14\/singulier-pluriel-du-je-au-nous\/\" class=\"_self\" target=\"_self\" >Singulier-Pluriel du JE au NOUS<\/a><\/h4>\n<div class=\"pt-cv-content\">J&rsquo;aimerais vous interpeller sur deux ou trois petites choses \u2026 ces petites choses qui donnent parfois du sens \u00e0 notre action.Il y a deux ans \u2026 lors du festival Itin\u00e9raires singuliers un patient accompagne deux directeurs adjoints du CH La Chartreuse de Dijon \u00e0 un &#8230;<\/div>\n<div class=\"pt-cv-rmwrap\"><a href=\"https:\/\/bibliotheque-sfpe-at.com\/index.php\/2025\/01\/14\/singulier-pluriel-du-je-au-nous\/\" class=\"_self pt-cv-readmore btn btn-success\" target=\"_self\" >Lire La Suite\u2026<\/a><\/div><\/div>\n<div class=\" pt-cv-content-item pt-cv-1-col\" ><div class=\"pt-cv-taxoterm above_title\"><a href='https:\/\/bibliotheque-sfpe-at.com\/index.php\/category\/auteurs\/massardier-luc\/' title='Massardier Luc' class='pt-cv-tax-massardier-luc'>Massardier Luc<\/a><\/div>\n<h4 class=\"pt-cv-title\"><a href=\"https:\/\/bibliotheque-sfpe-at.com\/index.php\/2025\/01\/14\/les-peintres-face-a-lexclusion\/\" class=\"_self\" target=\"_self\" >Les peintres face \u00e0 l&rsquo;exclusion<\/a><\/h4>\n<div class=\"pt-cv-content\">Con\u00e7ue comme l&rsquo;appartenance active \u00e0 un groupe social d\u00e9-fini, la citoyennet\u00e9 suppose l&rsquo;adh\u00e9sion \u00e0 un projet commun avec le d\u00e9sir de participer, de se l&rsquo;approprier et de le trans-mettre. \u00c0 travers ce contrat social elle permet de se reconna\u00eetre dans l&rsquo;autre, dans ses valeurs, d&rsquo;\u00eatre &#8230;<\/div>\n<div class=\"pt-cv-rmwrap\"><a href=\"https:\/\/bibliotheque-sfpe-at.com\/index.php\/2025\/01\/14\/les-peintres-face-a-lexclusion\/\" class=\"_self pt-cv-readmore btn btn-success\" target=\"_self\" >Lire La Suite\u2026<\/a><\/div><\/div>\n<div class=\" pt-cv-content-item pt-cv-1-col\" ><div class=\"pt-cv-taxoterm above_title\"><a href='https:\/\/bibliotheque-sfpe-at.com\/index.php\/category\/auteurs\/hertrich-frederique\/' title='Hertrich Fr\u00e9d\u00e9rique' class='pt-cv-tax-hertrich-frederique'>Hertrich Fr\u00e9d\u00e9rique<\/a><\/div>\n<h4 class=\"pt-cv-title\"><a href=\"https:\/\/bibliotheque-sfpe-at.com\/index.php\/2025\/01\/14\/apports-de-la-video-dans-un-atelier-therapeutique-de-percussions-pour-adultes-souffrant-de-pathologies-psychiatriques-chroniques\/\" class=\"_self\" target=\"_self\" >Apports de la vid\u00e9o dans un atelier th\u00e9rapeutique de percussions pour adultes souffrant de pathologies psychiatriques chroniques ?<\/a><\/h4>\n<div class=\"pt-cv-content\">Que peut apporter la vid\u00e9o dans le cadre d&rsquo;un atelier de musicoth\u00e9rapie, plus sp\u00e9cifiquement un atelier th\u00e9rapeutique de percussions ? Les int\u00e9r\u00eats sont multiples : l&rsquo;on peut filmer &#8211; pour montrer des extraits de s\u00e9ances d&rsquo;ateliers aux patients dans l&rsquo;apr\u00e8s-coup, &#8211; pour avoir un support &#8230;<\/div>\n<div class=\"pt-cv-rmwrap\"><a href=\"https:\/\/bibliotheque-sfpe-at.com\/index.php\/2025\/01\/14\/apports-de-la-video-dans-un-atelier-therapeutique-de-percussions-pour-adultes-souffrant-de-pathologies-psychiatriques-chroniques\/\" class=\"_self pt-cv-readmore btn btn-success\" target=\"_self\" >Lire La Suite\u2026<\/a><\/div><\/div>\n<div class=\" pt-cv-content-item pt-cv-1-col\" ><div class=\"pt-cv-taxoterm above_title\"><a href='https:\/\/bibliotheque-sfpe-at.com\/index.php\/category\/auteurs\/loisel-gardiennet-valerie\/' title='Loisel-Gardiennet Val\u00e9rie' class='pt-cv-tax-loisel-gardiennet-valerie'>Loisel-Gardiennet Val\u00e9rie<\/a><\/div>\n<h4 class=\"pt-cv-title\"><a href=\"https:\/\/bibliotheque-sfpe-at.com\/index.php\/2025\/01\/14\/du-sujet-de-limage-a-limage-du-sujet\/\" class=\"_self\" target=\"_self\" >Du sujet de l\u2019image \u00e0 l&rsquo;image du sujet<\/a><\/h4>\n<div class=\"pt-cv-content\">M\u00e9diation th\u00e9rapeutique par la photographie en psychiatrie adulte Comment s&rsquo;esquisse, se ponctue et se conclut le mouvement propre \u00e0 la creation de photographies dans un contexte de soins.Afin de restituer une exp\u00e9rience, celle d&rsquo;une m\u00e9diation th\u00e9rapeutique par la photographie en psychiatrie adulte, j&rsquo;utiliserai une m\u00e9taphore &#8230;<\/div>\n<div class=\"pt-cv-rmwrap\"><a href=\"https:\/\/bibliotheque-sfpe-at.com\/index.php\/2025\/01\/14\/du-sujet-de-limage-a-limage-du-sujet\/\" class=\"_self pt-cv-readmore btn btn-success\" target=\"_self\" >Lire La Suite\u2026<\/a><\/div><\/div>\n<div class=\" pt-cv-content-item pt-cv-1-col\" ><div class=\"pt-cv-taxoterm above_title\"><a href='https:\/\/bibliotheque-sfpe-at.com\/index.php\/category\/auteurs\/schiltz-lony\/' title='Schiltz Lony' class='pt-cv-tax-schiltz-lony'>Schiltz Lony<\/a><\/div>\n<h4 class=\"pt-cv-title\"><a href=\"https:\/\/bibliotheque-sfpe-at.com\/index.php\/2025\/01\/14\/de-linteret-de-lart-pour-les-chomeurs-de-longue-duree\/\" class=\"_self\" target=\"_self\" >De l&rsquo;int\u00e9r\u00eat de l&rsquo;art pour les ch\u00f4meurs de longue dur\u00e9e<\/a><\/h4>\n<div class=\"pt-cv-content\">L&rsquo;influence n\u00e9gative du ch\u00f4mage de longue dur\u00e9e sur la personnalit\u00e9 et, en particulier, sur la motivation et l&rsquo;estime de soi a \u00e9t\u00e9 d\u00e9montr\u00e9e par la recherche internationale. (Theodossiou, 1997 ; Kovess-Masfety, 2001 ; Dooley, 2003 ; Paul &amp; Moser, 2009; Roelfs &amp; al, 2011). Ceux &#8230;<\/div>\n<div class=\"pt-cv-rmwrap\"><a href=\"https:\/\/bibliotheque-sfpe-at.com\/index.php\/2025\/01\/14\/de-linteret-de-lart-pour-les-chomeurs-de-longue-duree\/\" class=\"_self pt-cv-readmore btn btn-success\" target=\"_self\" >Lire La Suite\u2026<\/a><\/div><\/div>\n<div class=\" pt-cv-content-item pt-cv-1-col\" ><div class=\"pt-cv-taxoterm above_title\"><a href='https:\/\/bibliotheque-sfpe-at.com\/index.php\/category\/auteurs\/madelaine-dupuich-carole\/' title='Madelaine-Dupuich Carole' class='pt-cv-tax-madelaine-dupuich-carole'>Madelaine-Dupuich Carole<\/a><\/div>\n<h4 class=\"pt-cv-title\"><a href=\"https:\/\/bibliotheque-sfpe-at.com\/index.php\/2025\/01\/14\/dune-rive-a-lautre-par-le-jeu-de-ricochet-ou-emerger-de-la-depression-par-lart-therapie\/\" class=\"_self\" target=\"_self\" >D&rsquo;une rive \u00e0 l&rsquo;autre par le jeu de ricochet, ou \u00e9merger de la d\u00e9pression par l&rsquo;art-th\u00e9rapie<\/a><\/h4>\n<div class=\"pt-cv-content\">1-D&rsquo;une rive \u00e0 l&rsquo;autreL&rsquo;art est cr\u00e9ation et prend existence par les \u0153uvres qu&rsquo;il produit. Il est une ouverture sur le monde quand il tourne ses \u0153uvres vers autrui. L&rsquo;\u0153uvre d&rsquo;art s&rsquo;expose. Et sous la sph\u00e8re publique, elle devient une invitation \u00e0 la rencontre entre les &#8230;<\/div>\n<div class=\"pt-cv-rmwrap\"><a href=\"https:\/\/bibliotheque-sfpe-at.com\/index.php\/2025\/01\/14\/dune-rive-a-lautre-par-le-jeu-de-ricochet-ou-emerger-de-la-depression-par-lart-therapie\/\" class=\"_self pt-cv-readmore btn btn-success\" target=\"_self\" >Lire La Suite\u2026<\/a><\/div><\/div>\n<div class=\" pt-cv-content-item pt-cv-1-col\" ><div class=\"pt-cv-taxoterm above_title\"><a href='https:\/\/bibliotheque-sfpe-at.com\/index.php\/category\/auteurs\/berne-ageron-marie-pierre\/' title='Berne-Ageron Marie-Pierre' class='pt-cv-tax-berne-ageron-marie-pierre'>Berne-Ageron Marie-Pierre<\/a><a href='https:\/\/bibliotheque-sfpe-at.com\/index.php\/category\/auteurs\/eckstein-kerstin\/' title='Eckstein Kerstin' class='pt-cv-tax-eckstein-kerstin'>Eckstein Kerstin<\/a><\/div>\n<h4 class=\"pt-cv-title\"><a href=\"https:\/\/bibliotheque-sfpe-at.com\/index.php\/2025\/01\/14\/l-art-therapie-une-profession-citoyenne-face-au-mal-etre-social\/\" class=\"_self\" target=\"_self\" >L&rsquo;art-th\u00e9rapie une profession citoyenne face au mal-\u00eatre social<\/a><\/h4>\n<div class=\"pt-cv-content\">La citoyennet\u00e9 pose un projet commun au sein d&rsquo;une soci\u00e9t\u00e9 d\u00e9mocratique avec le principe de l&rsquo;\u00e9galit\u00e9 des citoyens devant la justice, des libert\u00e9s fondamentales, des droits civils, politiques et sociaux. Lorsque nous mettons en lien la citoyennet\u00e9 avec l&rsquo;art et la sant\u00e9 mentale, cela suppose &#8230;<\/div>\n<div class=\"pt-cv-rmwrap\"><a href=\"https:\/\/bibliotheque-sfpe-at.com\/index.php\/2025\/01\/14\/l-art-therapie-une-profession-citoyenne-face-au-mal-etre-social\/\" class=\"_self pt-cv-readmore btn btn-success\" target=\"_self\" >Lire La Suite\u2026<\/a><\/div><\/div>\n<div class=\" pt-cv-content-item pt-cv-1-col\" ><div class=\"pt-cv-taxoterm above_title\"><a href='https:\/\/bibliotheque-sfpe-at.com\/index.php\/category\/auteurs\/leger-claude\/' title='L\u00e9ger Claude' class='pt-cv-tax-leger-claude'>L\u00e9ger Claude<\/a><\/div>\n<h4 class=\"pt-cv-title\"><a href=\"https:\/\/bibliotheque-sfpe-at.com\/index.php\/2025\/01\/14\/la-psychiatrie-et-son-theatre\/\" class=\"_self\" target=\"_self\" >La psychiatrie et son th\u00e9\u00e2tre<\/a><\/h4>\n<div class=\"pt-cv-content\">Le secteur de Levallois-Perret anime depuis 1981 un atelier-th\u00e9\u00e2tre promu par le Docteur Jean-Jacques Gausse! qui fonda le Festival d&rsquo;Ile-de-France d&rsquo;art, th\u00e9\u00e2tre et psychiatrie en 1986. Durant toutes les ann\u00e9es o\u00f9 j&rsquo;ai assur\u00e9 la responsabilit\u00e9 de ce secteur, j&rsquo;ai p\u00e9rennis\u00e9 cette activit\u00e9, devenue une sorte &#8230;<\/div>\n<div class=\"pt-cv-rmwrap\"><a href=\"https:\/\/bibliotheque-sfpe-at.com\/index.php\/2025\/01\/14\/la-psychiatrie-et-son-theatre\/\" class=\"_self pt-cv-readmore btn btn-success\" target=\"_self\" >Lire La Suite\u2026<\/a><\/div><\/div>\n<div class=\" pt-cv-content-item pt-cv-1-col\" ><div class=\"pt-cv-taxoterm above_title\"><a href='https:\/\/bibliotheque-sfpe-at.com\/index.php\/category\/non-classe\/' title='Non class\u00e9' class='pt-cv-tax-non-classe'>Non class\u00e9<\/a><\/div>\n<h4 class=\"pt-cv-title\"><a href=\"https:\/\/bibliotheque-sfpe-at.com\/index.php\/2025\/01\/15\/temoignages-citoyens-de-participants-aux-ateliers-darts-et-therapie-de-clermont\/\" class=\"_self\" target=\"_self\" >T\u00e9moignages citoyens de participants aux ateliers d&rsquo;arts et th\u00e9rapie de Clermont<\/a><\/h4>\n<div class=\"pt-cv-content\">Je fr\u00e9quente les ateliers d&rsquo;art et th\u00e9rapie depuis six ans. Je souffre de d\u00e9pressions r\u00e9currentes depuis longtemps. J&rsquo;ai \u00e9t\u00e9 hospitalis\u00e9e pour la premi\u00e8re fois \u00e0 la fin de mon adolescence. J&rsquo;ai \u00e9t\u00e9 enseignante en coll\u00e8ge pendant 30 ans et j&rsquo;ai pu difficilement aller au bout &#8230;<\/div>\n<div class=\"pt-cv-rmwrap\"><a href=\"https:\/\/bibliotheque-sfpe-at.com\/index.php\/2025\/01\/15\/temoignages-citoyens-de-participants-aux-ateliers-darts-et-therapie-de-clermont\/\" class=\"_self pt-cv-readmore btn btn-success\" target=\"_self\" >Lire La Suite\u2026<\/a><\/div><\/div>\n<div class=\" pt-cv-content-item pt-cv-1-col\" ><div class=\"pt-cv-taxoterm above_title\"><a href='https:\/\/bibliotheque-sfpe-at.com\/index.php\/category\/auteurs\/arcizet-guy\/' title='Arcizet Guy' class='pt-cv-tax-arcizet-guy'>Arcizet Guy<\/a><\/div>\n<h4 class=\"pt-cv-title\"><a href=\"https:\/\/bibliotheque-sfpe-at.com\/index.php\/2025\/01\/15\/citoyennete-et-laicite\/\" class=\"_self\" target=\"_self\" >Citoyennet\u00e9 et la\u00efcit\u00e9<\/a><\/h4>\n<div class=\"pt-cv-content\">J&rsquo;ai coutume de dire que la franc-ma\u00e7onnerie est fille de la raison et de la la\u00efcit\u00e9.Affirmation gratuite et subjective, mais libre si l&rsquo;on admet, en ma\u00e7onnerie surtout, que l&rsquo;on peut choisir la filiation que l&rsquo;on veut.Fille de la raison, cette ascendance est facile \u00e0 d\u00e9fendre, &#8230;<\/div>\n<div class=\"pt-cv-rmwrap\"><a href=\"https:\/\/bibliotheque-sfpe-at.com\/index.php\/2025\/01\/15\/citoyennete-et-laicite\/\" class=\"_self pt-cv-readmore btn btn-success\" target=\"_self\" >Lire La Suite\u2026<\/a><\/div><\/div>\n<div class=\" pt-cv-content-item pt-cv-1-col\" ><div class=\"pt-cv-taxoterm above_title\"><a href='https:\/\/bibliotheque-sfpe-at.com\/index.php\/category\/auteurs\/launat-dominique\/' title='Launat Dominique' class='pt-cv-tax-launat-dominique'>Launat Dominique<\/a><\/div>\n<h4 class=\"pt-cv-title\"><a href=\"https:\/\/bibliotheque-sfpe-at.com\/index.php\/2025\/01\/15\/les-favorables-ou-funestes-auspices-de-hospitalite-en-psychiatrie\/\" class=\"_self\" target=\"_self\" >Les favorables ou funestes auspices de hospitalit\u00e9 en psychiatrie<\/a><\/h4>\n<div class=\"pt-cv-content\">\u00ab L&rsquo;homme est de plus en plus absent de la psychiatrie, mais peu s&rsquo;en aper\u00e7oivent parce que l&rsquo;homme est de plus en plus absent de l&rsquo;homme \u00bbHenry Maldiney. L&rsquo;id\u00e9e du titre de cette communication m&rsquo;est venue au moment o\u00f9 Jean-Philippe Catonn\u00e9 m&rsquo;a sollicit\u00e9. Les Trois &#8230;<\/div>\n<div class=\"pt-cv-rmwrap\"><a href=\"https:\/\/bibliotheque-sfpe-at.com\/index.php\/2025\/01\/15\/les-favorables-ou-funestes-auspices-de-hospitalite-en-psychiatrie\/\" class=\"_self pt-cv-readmore btn btn-success\" target=\"_self\" >Lire La Suite\u2026<\/a><\/div><\/div>\n<div class=\" pt-cv-content-item pt-cv-1-col\" ><div class=\"pt-cv-taxoterm above_title\"><a href='https:\/\/bibliotheque-sfpe-at.com\/index.php\/category\/auteurs\/fardet-sophie\/' title='Fardet Sophie' class='pt-cv-tax-fardet-sophie'>Fardet Sophie<\/a><\/div>\n<h4 class=\"pt-cv-title\"><a href=\"https:\/\/bibliotheque-sfpe-at.com\/index.php\/2025\/01\/15\/reflexions-sur-le-travail-et-lart-au-sein-dun-etablissement-et-service-daide-par-le-travail-esat\/\" class=\"_self\" target=\"_self\" >R\u00e9flexions sur le travail et l\u2019art au sein d\u2019un \u00e9tablissement et service d\u2019aide par le travail (ESAT)<\/a><\/h4>\n<div class=\"pt-cv-content\">Aristote convenait qu&rsquo;un enfant devait \u00eatre \u00e9duqu\u00e9, non pas sur le plan personnel, mais pour garantir \u00e0 la cit\u00e9 un r\u00e9servoir de forces vives dans un avenir prochain. L&rsquo;enfant, selon le philosophe grec, \u00e9tait avant tout amen\u00e9 \u00e0 devenir citoyen.Dans la Gr\u00e8ce antique, plus particuli\u00e8rement &#8230;<\/div>\n<div class=\"pt-cv-rmwrap\"><a href=\"https:\/\/bibliotheque-sfpe-at.com\/index.php\/2025\/01\/15\/reflexions-sur-le-travail-et-lart-au-sein-dun-etablissement-et-service-daide-par-le-travail-esat\/\" class=\"_self pt-cv-readmore btn btn-success\" target=\"_self\" >Lire La Suite\u2026<\/a><\/div><\/div>\n<div class=\" pt-cv-content-item pt-cv-1-col\" ><div class=\"pt-cv-taxoterm above_title\"><a href='https:\/\/bibliotheque-sfpe-at.com\/index.php\/category\/auteurs\/martineau-jean-pierre\/' title='Martineau Jean-Pierre' class='pt-cv-tax-martineau-jean-pierre'>Martineau Jean-Pierre<\/a><\/div>\n<h4 class=\"pt-cv-title\"><a href=\"https:\/\/bibliotheque-sfpe-at.com\/index.php\/2025\/01\/15\/poetique-et-politique-de-lhumain-tant-bien-que-mal-des-ego-alter-et-des-alter-egaux\/\" class=\"_self\" target=\"_self\" >Po\u00e9tique et politique de l\u2019humain, tant bien que mal. Des Ego alter et des Alter \u00e9gaux<\/a><\/h4>\n<div class=\"pt-cv-content\">\u00ab Sans la reconnaissance de la valeur humaine de la folie, c&rsquo;est I&rsquo;homme m\u00eame qui dispara\u00eet \u00bbFran\u00e7ois Tosquelles, (\u00c9pitaphe inscrite \u00e0 l&rsquo;entr\u00e9e de I&rsquo;h\u00f4pital de Saint-Alban). D\u00e9senchantement po\u00e9tique et politique dans la modernit\u00e9 La modernit\u00e9 progressiste et \u00e9mancipatrice, en Occident au cours du XXe si\u00e8cle, &#8230;<\/div>\n<div class=\"pt-cv-rmwrap\"><a href=\"https:\/\/bibliotheque-sfpe-at.com\/index.php\/2025\/01\/15\/poetique-et-politique-de-lhumain-tant-bien-que-mal-des-ego-alter-et-des-alter-egaux\/\" class=\"_self pt-cv-readmore btn btn-success\" target=\"_self\" >Lire La Suite\u2026<\/a><\/div><\/div>\n<div class=\" pt-cv-content-item pt-cv-1-col\" ><div class=\"pt-cv-taxoterm above_title\"><a href='https:\/\/bibliotheque-sfpe-at.com\/index.php\/category\/auteurs\/mourtada-youssef\/' title='Mourtada Youssef' class='pt-cv-tax-mourtada-youssef'>Mourtada Youssef<\/a><\/div>\n<h4 class=\"pt-cv-title\"><a href=\"https:\/\/bibliotheque-sfpe-at.com\/index.php\/2025\/01\/15\/lart-de-la-citoyennete\/\" class=\"_self\" target=\"_self\" >L&rsquo;art de la citoyennet\u00e9<\/a><\/h4>\n<div class=\"pt-cv-content\">L&rsquo;\u00e9tranger Au commencement c&rsquo;est l&rsquo;exil, une m\u00e8re qui voit partir son enfant d\u00e8s qu&rsquo;il se forme en son sein. Pourtant, il ne suffit pas de na\u00eetre pour \u00eatre et tout exil voit cesser sa douleur, en se m\u00e9tamorphosant en terre d&rsquo;asile.Cette m\u00e9tamorphose n&rsquo;est pas le &#8230;<\/div>\n<div class=\"pt-cv-rmwrap\"><a href=\"https:\/\/bibliotheque-sfpe-at.com\/index.php\/2025\/01\/15\/lart-de-la-citoyennete\/\" class=\"_self pt-cv-readmore btn btn-success\" target=\"_self\" >Lire La Suite\u2026<\/a><\/div><\/div>\n<div class=\" pt-cv-content-item pt-cv-1-col\" ><div class=\"pt-cv-taxoterm above_title\"><a href='https:\/\/bibliotheque-sfpe-at.com\/index.php\/category\/auteurs\/bompart-malvina\/' title='Bompart Malvina' class='pt-cv-tax-bompart-malvina'>Bompart Malvina<\/a><\/div>\n<h4 class=\"pt-cv-title\"><a href=\"https:\/\/bibliotheque-sfpe-at.com\/index.php\/2025\/01\/15\/art-sante-mentale-et-citoyennete-pertinence-historique-et-muses-en-perspective-selon-lapport-de-la-pensee-de-cornelius-castoriadis\/\" class=\"_self\" target=\"_self\" >Art, sant\u00e9 mentale et citoyennet\u00e9, pertinence historique et muses en perspective selon l\u2019apport de la pens\u00e9e de Corn\u00e9lius Castoriadis<\/a><\/h4>\n<div class=\"pt-cv-content\">Examiner la circularit\u00e9 triadique des notions induites par l&rsquo;\u00e9nonc\u00e9 du th\u00e8me du colloque, \u00e9quivaut \u00e0 interroger l\u2019historicit\u00e9 de la pertinence du lien entre ces trois notions et leur intrication dans l&rsquo;exercice de l&rsquo;art-th\u00e9rapie. Dans la premi\u00e8re partie de cet expos\u00e9, nous pr\u00e9sentons \u00e0 titre indicatif &#8230;<\/div>\n<div class=\"pt-cv-rmwrap\"><a href=\"https:\/\/bibliotheque-sfpe-at.com\/index.php\/2025\/01\/15\/art-sante-mentale-et-citoyennete-pertinence-historique-et-muses-en-perspective-selon-lapport-de-la-pensee-de-cornelius-castoriadis\/\" class=\"_self pt-cv-readmore btn btn-success\" target=\"_self\" >Lire La Suite\u2026<\/a><\/div><\/div>\n<div class=\" pt-cv-content-item pt-cv-1-col\" ><div class=\"pt-cv-taxoterm above_title\"><a href='https:\/\/bibliotheque-sfpe-at.com\/index.php\/category\/auteurs\/machto-paul\/' title='Machto Paul' class='pt-cv-tax-machto-paul'>Machto Paul<\/a><\/div>\n<h4 class=\"pt-cv-title\"><a href=\"https:\/\/bibliotheque-sfpe-at.com\/index.php\/2025\/01\/15\/champ-libre-a-la-culture-et-a-la-citoyennete\/\" class=\"_self\" target=\"_self\" >Champ Libre \u00e0 la culture et \u00e0 la citoyennet\u00e9 ?<\/a><\/h4>\n<div class=\"pt-cv-content\">Je remercie tout d&rsquo;abord Jean-Philippe Catonn\u00e9, organisateur de ces journ\u00e9es, et BrunoTournaire Bacchini, pour cette invitation \u00e0 venir vous parler d&rsquo;une exp\u00e9rience institutionnelle.Je dois vous dire d&rsquo;entr\u00e9e de jeu, que je me sens quelque peu d\u00e9cal\u00e9 : j&rsquo;ai cess\u00e9 mes fonctions l&rsquo;an dernier, apr\u00e8s avoir &#8230;<\/div>\n<div class=\"pt-cv-rmwrap\"><a href=\"https:\/\/bibliotheque-sfpe-at.com\/index.php\/2025\/01\/15\/champ-libre-a-la-culture-et-a-la-citoyennete\/\" class=\"_self pt-cv-readmore btn btn-success\" target=\"_self\" >Lire La Suite\u2026<\/a><\/div><\/div>\n<div class=\" pt-cv-content-item pt-cv-1-col\" ><div class=\"pt-cv-taxoterm above_title\"><a href='https:\/\/bibliotheque-sfpe-at.com\/index.php\/category\/auteurs\/durand-bernard\/' title='Durand Bernard' class='pt-cv-tax-durand-bernard'>Durand Bernard<\/a><\/div>\n<h4 class=\"pt-cv-title\"><a href=\"https:\/\/bibliotheque-sfpe-at.com\/index.php\/2025\/01\/15\/un-long-combat-pour-la-citoyennete\/\" class=\"_self\" target=\"_self\" >Un long combat pour la citoyennet\u00e9<\/a><\/h4>\n<div class=\"pt-cv-content\">Il a fallu attendre la loi du 11 f\u00e9vrier 2005 pour que la question de \u00ab l&rsquo;\u00e9galit\u00e9 des droits et des chances, la participation et la citoyennet\u00e9 des personnes handicap\u00e9es \u00bb soit inscrite dans la loi fran\u00e7aise. Cette loi a revu la d\u00e9finition du handicap &#8230;<\/div>\n<div class=\"pt-cv-rmwrap\"><a href=\"https:\/\/bibliotheque-sfpe-at.com\/index.php\/2025\/01\/15\/un-long-combat-pour-la-citoyennete\/\" class=\"_self pt-cv-readmore btn btn-success\" target=\"_self\" >Lire La Suite\u2026<\/a><\/div><\/div><\/div><\/div> <\/div> <style>\n\n#pt-cv-view-3i0h7lt2 .pt-cv-meta-fields {  }#pt-cv-view-3i0h7lt2 .pt-cv-meta-fields * { font-size: 13px; }#pt-cv-view-3i0h7lt2 .pt-cv-thumb-wrapper:not(.miniwrap) {  }#pt-cv-view-3i0h7lt2 .pt-cv-thumbnail:not(.pt-cv-thumbnailsm) { height: 250px; }#pt-cv-view-3i0h7lt2 .pt-cv-title a { display: block;color: #a83838; }#pt-cv-view-3i0h7lt2 .pt-cv-title:not(.pt-cv-titlesm) a { font-weight: 600;text-decoration: none;font-size: 20px; }#pt-cv-view-3i0h7lt2 .pt-cv-titlesm a { font-weight: 600;font-size: 18px; }#pt-cv-view-3i0h7lt2 .pt-cv-content { font-size: 12px; }#pt-cv-view-3i0h7lt2 .pt-cv-rmwrap {  }#pt-cv-view-3i0h7lt2 .pt-cv-readmore { color: #951a1a;background-color: #ffffff00;font-style: italic;font-size: 12px; }#pt-cv-view-3i0h7lt2 .pt-cv-taxoterm {  }#pt-cv-view-3i0h7lt2 .pt-cv-taxoterm * { color: #9badb7;background-color: #f5f0f057;border-style: solid;font-size: 14px;border-width: 1.5px 1.5px 1.5px 1.5px;border-radius: 8px 8px 8px 8px; }#pt-cv-view-3i0h7lt2 + .pt-cv-pagination-wrapper {  }#pt-cv-view-3i0h7lt2 + .pt-cv-pagination-wrapper a { font-size: 14px; }#pt-cv-view-3i0h7lt2 > .pt-cv-page {grid-template-columns: repeat(4, 1fr);grid-gap: 13px;}\n@media all and (max-width: 1024px) { \n#pt-cv-view-3i0h7lt2 > .pt-cv-page {}\n} \n@media all and (max-width: 767px) { \n#pt-cv-view-3i0h7lt2 > .pt-cv-page {grid-template-columns: repeat(1, 1fr);}\n} <\/style>\n\n\n<p><\/p>\n","protected":false},"excerpt":{"rendered":"<p>Deux jours enti\u00e8rement d\u00e9di\u00e9s \u00e0 la citoyennet\u00e9 Et pourquoi ? Personne ne s&rsquo;\u00e9tonnera que nous ayons organis\u00e9 les Journ\u00e9es de printemps de la SFPE-AT (Soci\u00e9t\u00e9 fran\u00e7aise de psychopathologie de l&rsquo;expression et d&rsquo;art-th\u00e9rapie) en interrogeant les liens entre l&rsquo;art et la th\u00e9rapie. Rien d&rsquo;\u00e9tonnant, en effet, \u00e0 associer deux notions constitutives&hellip;<\/p>\n","protected":false},"author":2,"featured_media":2443,"comment_status":"closed","ping_status":"open","sticky":false,"template":"","format":"standard","meta":{"pmpro_default_level":"","ngg_post_thumbnail":0,"footnotes":""},"categories":[2],"tags":[27],"class_list":["post-2442","post","type-post","status-publish","format-standard","has-post-thumbnail","hentry","category-journees-dautomne","tag-apres-2010","pmpro-has-access"],"_links":{"self":[{"href":"https:\/\/bibliotheque-sfpe-at.com\/index.php\/wp-json\/wp\/v2\/posts\/2442","targetHints":{"allow":["GET"]}}],"collection":[{"href":"https:\/\/bibliotheque-sfpe-at.com\/index.php\/wp-json\/wp\/v2\/posts"}],"about":[{"href":"https:\/\/bibliotheque-sfpe-at.com\/index.php\/wp-json\/wp\/v2\/types\/post"}],"author":[{"embeddable":true,"href":"https:\/\/bibliotheque-sfpe-at.com\/index.php\/wp-json\/wp\/v2\/users\/2"}],"replies":[{"embeddable":true,"href":"https:\/\/bibliotheque-sfpe-at.com\/index.php\/wp-json\/wp\/v2\/comments?post=2442"}],"version-history":[{"count":3,"href":"https:\/\/bibliotheque-sfpe-at.com\/index.php\/wp-json\/wp\/v2\/posts\/2442\/revisions"}],"predecessor-version":[{"id":2489,"href":"https:\/\/bibliotheque-sfpe-at.com\/index.php\/wp-json\/wp\/v2\/posts\/2442\/revisions\/2489"}],"wp:featuredmedia":[{"embeddable":true,"href":"https:\/\/bibliotheque-sfpe-at.com\/index.php\/wp-json\/wp\/v2\/media\/2443"}],"wp:attachment":[{"href":"https:\/\/bibliotheque-sfpe-at.com\/index.php\/wp-json\/wp\/v2\/media?parent=2442"}],"wp:term":[{"taxonomy":"category","embeddable":true,"href":"https:\/\/bibliotheque-sfpe-at.com\/index.php\/wp-json\/wp\/v2\/categories?post=2442"},{"taxonomy":"post_tag","embeddable":true,"href":"https:\/\/bibliotheque-sfpe-at.com\/index.php\/wp-json\/wp\/v2\/tags?post=2442"}],"curies":[{"name":"wp","href":"https:\/\/api.w.org\/{rel}","templated":true}]}}