{"id":2446,"date":"2025-01-14T20:52:12","date_gmt":"2025-01-14T19:52:12","guid":{"rendered":"https:\/\/sfpe-at.com\/?p=2446"},"modified":"2025-03-19T14:29:20","modified_gmt":"2025-03-19T13:29:20","slug":"lexperience-du-beau-dans-la-creation-dune-oeuvre-plastique-collective","status":"publish","type":"post","link":"https:\/\/bibliotheque-sfpe-at.com\/index.php\/2025\/01\/14\/lexperience-du-beau-dans-la-creation-dune-oeuvre-plastique-collective\/","title":{"rendered":"L\u2019exp\u00e9rience du Beau dans la cr\u00e9ation d&rsquo;une \u0153uvre plastique collective"},"content":{"rendered":"\n<p><\/p>\n\n\n\n<div class=\"wp-block-columns is-layout-flex wp-container-core-columns-is-layout-28f84493 wp-block-columns-is-layout-flex\">\n<div class=\"wp-block-column is-layout-flow wp-block-column-is-layout-flow\" style=\"flex-basis:66.66%\">\n<p>Les conclusions pr\u00e9sent\u00e9es ci-dessous, sont les r\u00e9sultats de l&rsquo;\u00e9tude men\u00e9e dans le cadre d&rsquo;un m\u00e9moire de recherche de master 2, en art th\u00e9rapie, intitul\u00e9 L&rsquo;exp\u00e9rience du beau, de soi aux autres.<br>Peintre et plasticienne, j&rsquo;interviens aupr\u00e8s de groupes pour la r\u00e9alisation d&rsquo;\u0153uvres collectives. La recherche s&rsquo;attache \u00e0 comprendre les implications individuelles et sociales de la r\u00e9alisation d&rsquo;une \u0153uvre collective plastique en s&rsquo;arr\u00eatant sur les moments de son \u00e9laboration qui sont marqu\u00e9s par l&rsquo;exclamation &lt; c&rsquo;est beau &gt;, ou ses \u00e9quivalents posturaux  (e : applaudissements).<br>La m\u00e9thode est la suivante : mettre en relation l&rsquo;analyse de la qualit\u00e9 plastique des formes qui suscitent l&rsquo;admiration au cours de la r\u00e9alisation d&rsquo;une \u0153uvre collective avec des \u00e9tapes de l&rsquo;identit\u00e9 individuelle ou collective. L&rsquo;\u00e9tude s&rsquo;appuie essentiellement sur les analyses de John Dewey pour la d\u00e9finition de la forme et de l&rsquo;exp\u00e9rience artistique, de Christophe Dejours concernant le travail et de Paul Ric\u0153ur pour les r\u00e9flexions sur l&rsquo;identit\u00e9.<\/p>\n\n\n\n<p class=\"has-text-color has-link-color wp-elements-0c5dd61414d2cb4c88e3596780dedeb0\" style=\"color:#2753a5\"><strong><em>Pour lire le texte complet <a href=\"\/index.php\/options-dinscription\/\"><mark style=\"background-color:rgba(0, 0, 0, 0)\" class=\"has-inline-color has-vivid-cyan-blue-color\">s&rsquo;inscrire<\/mark><\/a> ou <a href=\"\/index.php\/my-account\/edit-account\/\"><mark style=\"background-color:rgba(0, 0, 0, 0)\" class=\"has-inline-color has-vivid-cyan-blue-color\">se connecter<\/mark><\/a><\/em><\/strong><\/p>\n\n\n\n\n\n<div style=\"height:100px\" aria-hidden=\"true\" class=\"wp-block-spacer\"><\/div>\n\n\n\n<div class=\"wp-block-buttons is-content-justification-center is-layout-flex wp-container-core-buttons-is-layout-a89b3969 wp-block-buttons-is-layout-flex\">\n<div class=\"wp-block-button has-custom-font-size has-small-font-size\"><a class=\"wp-block-button__link has-vivid-red-background-color has-background wp-element-button\" href=\"\/index.php\/2025\/01\/14\/art-sante-mentale-citoyennete\/\">&lt;&#8211; retour<\/a><\/div>\n<\/div>\n<\/div>\n\n\n\n<div class=\"wp-block-column is-layout-flow wp-block-column-is-layout-flow\" style=\"flex-basis:33.33%\">\n<figure class=\"wp-block-table\"><table class=\"has-background\" style=\"background-color:#f8f2f2\"><thead><tr><th><mark class=\"has-inline-color has-vivid-red-color\" style=\"background-color: rgba(0, 0, 0, 0);\"><strong>Auteur<\/strong><\/mark><\/th><\/tr><\/thead><tbody><tr><td><strong><strong><strong><strong><strong><strong><strong><strong><strong><strong><strong><strong><strong>Marl\u00e8ne Bourderon<\/strong><\/strong><\/strong><\/strong><\/strong><\/strong><\/strong><\/strong><\/strong><\/strong><\/strong><\/strong><\/strong><\/td><\/tr><\/tbody><\/table><\/figure>\n\n\n\n<figure class=\"wp-block-table\"><table><thead><tr><th><mark class=\"has-inline-color has-vivid-red-color\" style=\"background-color: rgba(0, 0, 0, 0);\"><strong>R\u00e9f\u00e9rence<\/strong><\/mark><\/th><\/tr><\/thead><tbody><tr><td><strong>RA005-02<\/strong><br><strong>Art, Sant\u00e9 mentale et Citoyennet\u00e9<\/strong><br>Journ\u00e9es de Printemps 2014<\/td><\/tr><\/tbody><\/table><\/figure>\n\n\n\n<figure class=\"wp-block-table\"><table><thead><tr><th><mark class=\"has-inline-color has-vivid-red-color\" style=\"background-color: rgba(0, 0, 0, 0);\"><strong>Cat\u00e9gories<\/strong><\/mark><\/th><\/tr><\/thead><tbody><tr><td>Art-th\u00e9rapie<br>Esth\u00e9tique<br>Dispositif de m\u00e9diation<\/td><\/tr><\/tbody><\/table><\/figure>\n<\/div>\n<\/div>\n","protected":false},"excerpt":{"rendered":"<p>Les conclusions pr\u00e9sent\u00e9es ci-dessous, sont les r\u00e9sultats de l&rsquo;\u00e9tude men\u00e9e dans le cadre d&rsquo;un m\u00e9moire de recherche de master 2, en art th\u00e9rapie, intitul\u00e9 L&rsquo;exp\u00e9rience du beau, de soi aux autres.Peintre et plasticienne, j&rsquo;interviens aupr\u00e8s de groupes pour la r\u00e9alisation d&rsquo;\u0153uvres collectives. La recherche s&rsquo;attache \u00e0 comprendre les implications individuelles&hellip;<\/p>\n","protected":false},"author":2,"featured_media":0,"comment_status":"closed","ping_status":"open","sticky":false,"template":"","format":"standard","meta":{"pmpro_default_level":"","ngg_post_thumbnail":0,"footnotes":""},"categories":[554],"tags":[576,492,505,491,555],"class_list":["post-2446","post","type-post","status-publish","format-standard","hentry","category-bourderon-marlene","tag-art-sante-mentale-citoyennete","tag-art-therapie","tag-dispositif-de-mediation","tag-esthetique","tag-ra005-02","pmpro-has-access"],"_links":{"self":[{"href":"https:\/\/bibliotheque-sfpe-at.com\/index.php\/wp-json\/wp\/v2\/posts\/2446","targetHints":{"allow":["GET"]}}],"collection":[{"href":"https:\/\/bibliotheque-sfpe-at.com\/index.php\/wp-json\/wp\/v2\/posts"}],"about":[{"href":"https:\/\/bibliotheque-sfpe-at.com\/index.php\/wp-json\/wp\/v2\/types\/post"}],"author":[{"embeddable":true,"href":"https:\/\/bibliotheque-sfpe-at.com\/index.php\/wp-json\/wp\/v2\/users\/2"}],"replies":[{"embeddable":true,"href":"https:\/\/bibliotheque-sfpe-at.com\/index.php\/wp-json\/wp\/v2\/comments?post=2446"}],"version-history":[{"count":3,"href":"https:\/\/bibliotheque-sfpe-at.com\/index.php\/wp-json\/wp\/v2\/posts\/2446\/revisions"}],"predecessor-version":[{"id":4407,"href":"https:\/\/bibliotheque-sfpe-at.com\/index.php\/wp-json\/wp\/v2\/posts\/2446\/revisions\/4407"}],"wp:attachment":[{"href":"https:\/\/bibliotheque-sfpe-at.com\/index.php\/wp-json\/wp\/v2\/media?parent=2446"}],"wp:term":[{"taxonomy":"category","embeddable":true,"href":"https:\/\/bibliotheque-sfpe-at.com\/index.php\/wp-json\/wp\/v2\/categories?post=2446"},{"taxonomy":"post_tag","embeddable":true,"href":"https:\/\/bibliotheque-sfpe-at.com\/index.php\/wp-json\/wp\/v2\/tags?post=2446"}],"curies":[{"name":"wp","href":"https:\/\/api.w.org\/{rel}","templated":true}]}}