{"id":2474,"date":"2025-01-14T21:13:46","date_gmt":"2025-01-14T20:13:46","guid":{"rendered":"https:\/\/sfpe-at.com\/?p=2474"},"modified":"2025-03-19T14:31:15","modified_gmt":"2025-03-19T13:31:15","slug":"apports-de-la-video-dans-un-atelier-therapeutique-de-percussions-pour-adultes-souffrant-de-pathologies-psychiatriques-chroniques","status":"publish","type":"post","link":"https:\/\/bibliotheque-sfpe-at.com\/index.php\/2025\/01\/14\/apports-de-la-video-dans-un-atelier-therapeutique-de-percussions-pour-adultes-souffrant-de-pathologies-psychiatriques-chroniques\/","title":{"rendered":"Apports de la vid\u00e9o dans un atelier th\u00e9rapeutique de percussions pour adultes souffrant de pathologies psychiatriques chroniques ?"},"content":{"rendered":"\n<p><\/p>\n\n\n\n<div class=\"wp-block-columns is-layout-flex wp-container-core-columns-is-layout-28f84493 wp-block-columns-is-layout-flex\">\n<div class=\"wp-block-column is-layout-flow wp-block-column-is-layout-flow\" style=\"flex-basis:66.66%\">\n<p>Que peut apporter la vid\u00e9o dans le cadre d&rsquo;un atelier de musicoth\u00e9rapie, plus sp\u00e9cifiquement un atelier th\u00e9rapeutique de percussions ? <br>Les int\u00e9r\u00eats sont multiples : l&rsquo;on peut filmer <br>&#8211; pour montrer des extraits de s\u00e9ances d&rsquo;ateliers aux patients dans l&rsquo;apr\u00e8s-coup, <br>&#8211; pour avoir un support de la reprise des s\u00e9ances,<br>&#8211; pour garder trace du processus de cr\u00e9ation d&rsquo;une \u0153uvre musicale et de sa repr\u00e9sentation publique.<br>Quels peuvent \u00eatre les effets et les fonctions de ces vid\u00e9os pour les patients? Comment peut-on les \u00e9valuer? Nous aborderons ces diff\u00e9rents aspects en vue d&rsquo;apporter des \u00e9l\u00e9ments de r\u00e9ponse \u00e0 ces interrogations.<br>Je les pr\u00e9senterai de la mani\u00e8re qui suit. Tout d&rsquo;abord, j&rsquo;esquisserai les grandes lignes du projet. Puis, je mettrai en lumi\u00e8re les \u00e9l\u00e9ments clefs de la m\u00e9thodologie, pour focaliser sur les r\u00e9sultats de l&rsquo;\u00e9valuation du v\u00e9cu des patients concernant l&rsquo;apport de la vid\u00e9o dans l&rsquo;atelier de percussions. Ensuite, j&rsquo;illustrerai les effets et fonctions principales qu&rsquo;a eu la vid\u00e9o pour l&rsquo;un des patients. Je conclu-rai sur les b\u00e9n\u00e9fices th\u00e9rapeutiques de l&rsquo;apport de la vid\u00e9o dans ce groupe.<br><\/p>\n\n\n\n<p class=\"has-text-color has-link-color wp-elements-0c5dd61414d2cb4c88e3596780dedeb0\" style=\"color:#2753a5\"><strong><em>Pour lire le texte complet <a href=\"\/index.php\/options-dinscription\/\"><mark style=\"background-color:rgba(0, 0, 0, 0)\" class=\"has-inline-color has-vivid-cyan-blue-color\">s&rsquo;inscrire<\/mark><\/a> ou <a href=\"\/index.php\/my-account\/edit-account\/\"><mark style=\"background-color:rgba(0, 0, 0, 0)\" class=\"has-inline-color has-vivid-cyan-blue-color\">se connecter<\/mark><\/a><\/em><\/strong><\/p>\n\n\n\n\n\n<div style=\"height:100px\" aria-hidden=\"true\" class=\"wp-block-spacer\"><\/div>\n\n\n\n<div class=\"wp-block-buttons is-content-justification-center is-layout-flex wp-container-core-buttons-is-layout-a89b3969 wp-block-buttons-is-layout-flex\">\n<div class=\"wp-block-button has-custom-font-size has-small-font-size\"><a class=\"wp-block-button__link has-vivid-red-background-color has-background wp-element-button\" href=\"\/index.php\/2025\/01\/14\/art-sante-mentale-citoyennete\/\">&lt;&#8211; retour<\/a><\/div>\n<\/div>\n<\/div>\n\n\n\n<div class=\"wp-block-column is-layout-flow wp-block-column-is-layout-flow\" style=\"flex-basis:33.33%\">\n<figure class=\"wp-block-table\"><table class=\"has-background\" style=\"background-color:#f8f2f2\"><thead><tr><th><mark class=\"has-inline-color has-vivid-red-color\" style=\"background-color: rgba(0, 0, 0, 0);\"><strong>Auteur<\/strong><\/mark><\/th><\/tr><\/thead><tbody><tr><td><strong><strong><strong><strong><strong><strong><strong><strong><strong><strong><strong><strong><strong>Fr\u00e9d\u00e9rique Hertrich<\/strong><\/strong><\/strong><\/strong><\/strong><\/strong><\/strong><\/strong><\/strong><\/strong><\/strong><\/strong><\/strong><\/td><\/tr><\/tbody><\/table><\/figure>\n\n\n\n<figure class=\"wp-block-table\"><table><thead><tr><th><mark class=\"has-inline-color has-vivid-red-color\" style=\"background-color: rgba(0, 0, 0, 0);\"><strong>R\u00e9f\u00e9rence<\/strong><\/mark><\/th><\/tr><\/thead><tbody><tr><td><strong>RA005-05<\/strong><br><strong>Art, Sant\u00e9 mentale et Citoyennet\u00e9<\/strong><br>Journ\u00e9es de Printemps 2014<\/td><\/tr><\/tbody><\/table><\/figure>\n\n\n\n<figure class=\"wp-block-table\"><table><thead><tr><th><mark class=\"has-inline-color has-vivid-red-color\" style=\"background-color: rgba(0, 0, 0, 0);\"><strong>Cat\u00e9gories<\/strong><\/mark><\/th><\/tr><\/thead><tbody><tr><td>Vid\u00e9o<br>Musique<br>Dispositif de m\u00e9diation<br>\u00c9valuation<\/td><\/tr><\/tbody><\/table><\/figure>\n<\/div>\n<\/div>\n","protected":false},"excerpt":{"rendered":"<p>Que peut apporter la vid\u00e9o dans le cadre d&rsquo;un atelier de musicoth\u00e9rapie, plus sp\u00e9cifiquement un atelier th\u00e9rapeutique de percussions ? Les int\u00e9r\u00eats sont multiples : l&rsquo;on peut filmer &#8211; pour montrer des extraits de s\u00e9ances d&rsquo;ateliers aux patients dans l&rsquo;apr\u00e8s-coup, &#8211; pour avoir un support de la reprise des s\u00e9ances,&#8211;&hellip;<\/p>\n","protected":false},"author":2,"featured_media":0,"comment_status":"closed","ping_status":"open","sticky":false,"template":"","format":"standard","meta":{"pmpro_default_level":"","ngg_post_thumbnail":0,"footnotes":""},"categories":[559],"tags":[576,505,561,538,560,499],"class_list":["post-2474","post","type-post","status-publish","format-standard","hentry","category-hertrich-frederique","tag-art-sante-mentale-citoyennete","tag-dispositif-de-mediation","tag-evaluation","tag-musique","tag-ra005-05","tag-video","pmpro-has-access"],"_links":{"self":[{"href":"https:\/\/bibliotheque-sfpe-at.com\/index.php\/wp-json\/wp\/v2\/posts\/2474","targetHints":{"allow":["GET"]}}],"collection":[{"href":"https:\/\/bibliotheque-sfpe-at.com\/index.php\/wp-json\/wp\/v2\/posts"}],"about":[{"href":"https:\/\/bibliotheque-sfpe-at.com\/index.php\/wp-json\/wp\/v2\/types\/post"}],"author":[{"embeddable":true,"href":"https:\/\/bibliotheque-sfpe-at.com\/index.php\/wp-json\/wp\/v2\/users\/2"}],"replies":[{"embeddable":true,"href":"https:\/\/bibliotheque-sfpe-at.com\/index.php\/wp-json\/wp\/v2\/comments?post=2474"}],"version-history":[{"count":2,"href":"https:\/\/bibliotheque-sfpe-at.com\/index.php\/wp-json\/wp\/v2\/posts\/2474\/revisions"}],"predecessor-version":[{"id":4410,"href":"https:\/\/bibliotheque-sfpe-at.com\/index.php\/wp-json\/wp\/v2\/posts\/2474\/revisions\/4410"}],"wp:attachment":[{"href":"https:\/\/bibliotheque-sfpe-at.com\/index.php\/wp-json\/wp\/v2\/media?parent=2474"}],"wp:term":[{"taxonomy":"category","embeddable":true,"href":"https:\/\/bibliotheque-sfpe-at.com\/index.php\/wp-json\/wp\/v2\/categories?post=2474"},{"taxonomy":"post_tag","embeddable":true,"href":"https:\/\/bibliotheque-sfpe-at.com\/index.php\/wp-json\/wp\/v2\/tags?post=2474"}],"curies":[{"name":"wp","href":"https:\/\/api.w.org\/{rel}","templated":true}]}}