{"id":2476,"date":"2025-01-14T21:24:49","date_gmt":"2025-01-14T20:24:49","guid":{"rendered":"https:\/\/sfpe-at.com\/?p=2476"},"modified":"2025-03-19T14:31:46","modified_gmt":"2025-03-19T13:31:46","slug":"du-sujet-de-limage-a-limage-du-sujet","status":"publish","type":"post","link":"https:\/\/bibliotheque-sfpe-at.com\/index.php\/2025\/01\/14\/du-sujet-de-limage-a-limage-du-sujet\/","title":{"rendered":"Du sujet de l\u2019image \u00e0 l&rsquo;image du sujet"},"content":{"rendered":"\n<p><strong>M\u00e9diation th\u00e9rapeutique par la photographie en psychiatrie adulte<\/strong><\/p>\n\n\n\n<div class=\"wp-block-columns is-layout-flex wp-container-core-columns-is-layout-28f84493 wp-block-columns-is-layout-flex\">\n<div class=\"wp-block-column is-layout-flow wp-block-column-is-layout-flow\" style=\"flex-basis:66.66%\">\n<p>Comment s&rsquo;esquisse, se ponctue et se conclut le mouvement propre \u00e0 la creation de photographies dans un contexte de soins.<br>Afin de restituer une exp\u00e9rience, celle d&rsquo;une m\u00e9diation th\u00e9rapeutique par la photographie en psychiatrie adulte, j&rsquo;utiliserai une m\u00e9taphore en \u00e9voquant deux s\u00e9ries de photographies qui ont port\u00e9 ma r\u00e9flexion tout au long de l&rsquo;ann\u00e9e 2013.<br>Tout d&rsquo;abord les Th\u00e9\u00e2tres d&rsquo;Hiroshi Sugimoto (1978} : pour rappel, ce photographe fait une photographie unique d&rsquo;un film pro-jet\u00e9 pendant deux heures. L&rsquo;obturateur s&rsquo;ouvre au d\u00e9but du film et ne se referme qu&rsquo;\u00e0 la fin. L&rsquo;accumulation de ces milliers d&rsquo;images (24 images par seconde), est inenregistrable, irrepr\u00e9sentable et produit alors un \u00e9cran blanc. Les spectateurs pr\u00e9sents dans la salle ont disparu. Cet \u00e9cran blanc est une illustration de ce que produit l&rsquo;en trop chez le sujet, un exc\u00e8s, un en trop in\u00e9laborable qui fait sympt\u00f4me, un sympt\u00f4me qui ne remplit pas son r\u00f4le de compromis et maintient le sujet dans la souffrance. C&rsquo;est celle que chaque patient apporte \u00e0 l&rsquo;h\u00f4pital de jour T. L .. Alors comment autrement dire? Comment donner forme \u00e0 l&rsquo;en-trop, \u00e0 l&rsquo;exc\u00e8s, d&rsquo;une fa\u00e7on qui soit moins symptomatique?<br>Pour r\u00e9pondre \u00e0 cette question j&rsquo;\u00e9voquerai Les {crans sensibles, d&rsquo;Alain Fleischer (1996). Cette photo unique est elle aussi r\u00e9alis\u00e9e \u00e0 partir d&rsquo;un film projet\u00e9 dans une salle de cin\u00e9ma o\u00f9 sont \u00e9galement pr\u00e9sents des spectateurs. Cette fois la projection ne se fait pas sur un \u00e9cran mais directement sur une feuille de papier argentique de 5x3m. A la fin de la projection, des assistants la badigeonnent de liquide r\u00e9v\u00e9lateur pour faire appara\u00eetre la photographie. Pour obtenir cette image Fleischer va jouer sur deux \u00e9l\u00e9ments : la dur\u00e9e de l&rsquo;exposition, dix minutes, et la surface de projection, une grande feuille de papier photo. Le dispositif est calcul\u00e9 pour que ce film projet\u00e9 laisse une trace, une nouvelle trace, une m\u00e9moire non conforme au film projet\u00e9.<\/p>\n\n\n\n<p><br><\/p>\n\n\n\n<p class=\"has-text-color has-link-color wp-elements-0c5dd61414d2cb4c88e3596780dedeb0\" style=\"color:#2753a5\"><strong><em>Pour lire le texte complet <a href=\"\/index.php\/options-dinscription\/\"><mark style=\"background-color:rgba(0, 0, 0, 0)\" class=\"has-inline-color has-vivid-cyan-blue-color\">s&rsquo;inscrire<\/mark><\/a> ou <a href=\"\/index.php\/my-account\/edit-account\/\"><mark style=\"background-color:rgba(0, 0, 0, 0)\" class=\"has-inline-color has-vivid-cyan-blue-color\">se connecter<\/mark><\/a><\/em><\/strong><\/p>\n\n\n\n\n\n<div style=\"height:100px\" aria-hidden=\"true\" class=\"wp-block-spacer\"><\/div>\n\n\n\n<div class=\"wp-block-buttons is-content-justification-center is-layout-flex wp-container-core-buttons-is-layout-a89b3969 wp-block-buttons-is-layout-flex\">\n<div class=\"wp-block-button has-custom-font-size has-small-font-size\"><a class=\"wp-block-button__link has-vivid-red-background-color has-background wp-element-button\" href=\"\/index.php\/2025\/01\/14\/art-sante-mentale-citoyennete\/\">&lt;&#8211; retour<\/a><\/div>\n<\/div>\n<\/div>\n\n\n\n<div class=\"wp-block-column is-layout-flow wp-block-column-is-layout-flow\" style=\"flex-basis:33.33%\">\n<figure class=\"wp-block-table\"><table class=\"has-background\" style=\"background-color:#f8f2f2\"><thead><tr><th><mark class=\"has-inline-color has-vivid-red-color\" style=\"background-color: rgba(0, 0, 0, 0);\"><strong>Auteur<\/strong><\/mark><\/th><\/tr><\/thead><tbody><tr><td><strong><strong><strong><strong><strong><strong><strong><strong><strong><strong><strong><strong><strong>Val\u00e9rie Loisel-Gardiennet<\/strong><\/strong><\/strong><\/strong><\/strong><\/strong><\/strong><\/strong><\/strong><\/strong><\/strong><\/strong><\/strong><\/td><\/tr><\/tbody><\/table><\/figure>\n\n\n\n<figure class=\"wp-block-table\"><table><thead><tr><th><mark class=\"has-inline-color has-vivid-red-color\" style=\"background-color: rgba(0, 0, 0, 0);\"><strong>R\u00e9f\u00e9rence<\/strong><\/mark><\/th><\/tr><\/thead><tbody><tr><td><strong>RA005-06<\/strong><br><strong>Art, Sant\u00e9 mentale et Citoyennet\u00e9<\/strong><br>Journ\u00e9es de Printemps 2014<\/td><\/tr><\/tbody><\/table><\/figure>\n\n\n\n<figure class=\"wp-block-table\"><table><thead><tr><th><mark class=\"has-inline-color has-vivid-red-color\" style=\"background-color: rgba(0, 0, 0, 0);\"><strong>Cat\u00e9gories<\/strong><\/mark><\/th><\/tr><\/thead><tbody><tr><td>Art-th\u00e9rapie<br>Photographie<br>Dispositif de m\u00e9diation<\/td><\/tr><\/tbody><\/table><\/figure>\n<\/div>\n<\/div>\n","protected":false},"excerpt":{"rendered":"<p>M\u00e9diation th\u00e9rapeutique par la photographie en psychiatrie adulte Comment s&rsquo;esquisse, se ponctue et se conclut le mouvement propre \u00e0 la creation de photographies dans un contexte de soins.Afin de restituer une exp\u00e9rience, celle d&rsquo;une m\u00e9diation th\u00e9rapeutique par la photographie en psychiatrie adulte, j&rsquo;utiliserai une m\u00e9taphore en \u00e9voquant deux s\u00e9ries de&hellip;<\/p>\n","protected":false},"author":2,"featured_media":0,"comment_status":"closed","ping_status":"open","sticky":false,"template":"","format":"standard","meta":{"pmpro_default_level":"","ngg_post_thumbnail":0,"footnotes":""},"categories":[562],"tags":[576,492,505,514,563],"class_list":["post-2476","post","type-post","status-publish","format-standard","hentry","category-loisel-gardiennet-valerie","tag-art-sante-mentale-citoyennete","tag-art-therapie","tag-dispositif-de-mediation","tag-photographie","tag-ra005-06","pmpro-has-access"],"_links":{"self":[{"href":"https:\/\/bibliotheque-sfpe-at.com\/index.php\/wp-json\/wp\/v2\/posts\/2476","targetHints":{"allow":["GET"]}}],"collection":[{"href":"https:\/\/bibliotheque-sfpe-at.com\/index.php\/wp-json\/wp\/v2\/posts"}],"about":[{"href":"https:\/\/bibliotheque-sfpe-at.com\/index.php\/wp-json\/wp\/v2\/types\/post"}],"author":[{"embeddable":true,"href":"https:\/\/bibliotheque-sfpe-at.com\/index.php\/wp-json\/wp\/v2\/users\/2"}],"replies":[{"embeddable":true,"href":"https:\/\/bibliotheque-sfpe-at.com\/index.php\/wp-json\/wp\/v2\/comments?post=2476"}],"version-history":[{"count":2,"href":"https:\/\/bibliotheque-sfpe-at.com\/index.php\/wp-json\/wp\/v2\/posts\/2476\/revisions"}],"predecessor-version":[{"id":4411,"href":"https:\/\/bibliotheque-sfpe-at.com\/index.php\/wp-json\/wp\/v2\/posts\/2476\/revisions\/4411"}],"wp:attachment":[{"href":"https:\/\/bibliotheque-sfpe-at.com\/index.php\/wp-json\/wp\/v2\/media?parent=2476"}],"wp:term":[{"taxonomy":"category","embeddable":true,"href":"https:\/\/bibliotheque-sfpe-at.com\/index.php\/wp-json\/wp\/v2\/categories?post=2476"},{"taxonomy":"post_tag","embeddable":true,"href":"https:\/\/bibliotheque-sfpe-at.com\/index.php\/wp-json\/wp\/v2\/tags?post=2476"}],"curies":[{"name":"wp","href":"https:\/\/api.w.org\/{rel}","templated":true}]}}