{"id":2478,"date":"2025-01-14T21:30:00","date_gmt":"2025-01-14T20:30:00","guid":{"rendered":"https:\/\/sfpe-at.com\/?p=2478"},"modified":"2025-03-19T14:32:46","modified_gmt":"2025-03-19T13:32:46","slug":"de-linteret-de-lart-pour-les-chomeurs-de-longue-duree","status":"publish","type":"post","link":"https:\/\/bibliotheque-sfpe-at.com\/index.php\/2025\/01\/14\/de-linteret-de-lart-pour-les-chomeurs-de-longue-duree\/","title":{"rendered":"De l&rsquo;int\u00e9r\u00eat de l&rsquo;art pour les ch\u00f4meurs de longue dur\u00e9e"},"content":{"rendered":"\n<p><\/p>\n\n\n\n<div class=\"wp-block-columns is-layout-flex wp-container-core-columns-is-layout-28f84493 wp-block-columns-is-layout-flex\">\n<div class=\"wp-block-column is-layout-flow wp-block-column-is-layout-flow\" style=\"flex-basis:66.66%\">\n<p>L&rsquo;influence n\u00e9gative du ch\u00f4mage de longue dur\u00e9e sur la personnalit\u00e9 et, en particulier, sur la motivation et l&rsquo;estime de soi a \u00e9t\u00e9 d\u00e9montr\u00e9e par la recherche internationale. (Theodossiou, 1997 ; Kovess-Masfety, 2001 ; Dooley, 2003 ; Paul &amp; Moser, 2009; Roelfs &amp; al, 2011). Ceux qui se retrouvent dans une situation de ch\u00f4mage prolong\u00e9 se sentent exclus de la cit\u00e9.<br>Dans le cadre d&rsquo;un projet de recherche pluriannuel portant sur la relation entre les \u00e9v\u00e9nements biographiques traumatog\u00e8nes et le fonctionnement structural de la personnalit\u00e9 \u00e0 l&rsquo;\u00e2ge adulte, nous avons \u00e9valu\u00e9 le mode d&rsquo;action et l&rsquo;efficience de l&rsquo;art-th\u00e9rapie aupr\u00e8s de plusieurs sous-groupes de personnes en voie d&rsquo;exclusion et de marginalisation (SDF, ch\u00f4meurs de longue dur\u00e9e, toxicomanes, personnes incarc\u00e9r\u00e9es ou sortant de prison, r\u00e9fugi\u00e9s et demandeurs d&rsquo;asile). Nous allons r\u00e9sumer ci-dessous les r\u00e9sultats d&rsquo;\u00e9tudes longitudinales \u00e9valuant les applications de l&rsquo;art-th\u00e9rapie aupr\u00e8s de ch\u00f4meurs de longue dur\u00e9e rencontr\u00e9s dans diff\u00e9rentes structures d&rsquo;accueil et d&rsquo;encadrement (N total= 78). En particulier, nous allons nous interroger sur la fonction de la production artistique dans la r\u00e9\u00e9mergence de la motivation intrins\u00e8que et dans la restauration des liens avec la communaut\u00e9.<\/p>\n\n\n\n<p><br><\/p>\n\n\n\n<p class=\"has-text-color has-link-color wp-elements-0c5dd61414d2cb4c88e3596780dedeb0\" style=\"color:#2753a5\"><strong><em>Pour lire le texte complet <a href=\"\/index.php\/options-dinscription\/\"><mark style=\"background-color:rgba(0, 0, 0, 0)\" class=\"has-inline-color has-vivid-cyan-blue-color\">s&rsquo;inscrire<\/mark><\/a> ou <a href=\"\/index.php\/my-account\/edit-account\/\"><mark style=\"background-color:rgba(0, 0, 0, 0)\" class=\"has-inline-color has-vivid-cyan-blue-color\">se connecter<\/mark><\/a><\/em><\/strong><\/p>\n\n\n\n\n\n<div style=\"height:100px\" aria-hidden=\"true\" class=\"wp-block-spacer\"><\/div>\n\n\n\n<div class=\"wp-block-buttons is-content-justification-center is-layout-flex wp-container-core-buttons-is-layout-a89b3969 wp-block-buttons-is-layout-flex\">\n<div class=\"wp-block-button has-custom-font-size has-small-font-size\"><a class=\"wp-block-button__link has-vivid-red-background-color has-background wp-element-button\" href=\"\/index.php\/2025\/01\/14\/art-sante-mentale-citoyennete\/\">&lt;&#8211; retour<\/a><\/div>\n<\/div>\n<\/div>\n\n\n\n<div class=\"wp-block-column is-layout-flow wp-block-column-is-layout-flow\" style=\"flex-basis:33.33%\">\n<figure class=\"wp-block-table\"><table class=\"has-background\" style=\"background-color:#f8f2f2\"><thead><tr><th><mark class=\"has-inline-color has-vivid-red-color\" style=\"background-color: rgba(0, 0, 0, 0);\"><strong>Auteur<\/strong><\/mark><\/th><\/tr><\/thead><tbody><tr><td><strong><strong><strong><strong><strong><strong><strong><strong><strong><strong><strong><strong><strong>Lony Schiltz<\/strong><\/strong><\/strong><\/strong><\/strong><\/strong><\/strong><\/strong><\/strong><\/strong><\/strong><\/strong><\/strong><\/td><\/tr><\/tbody><\/table><\/figure>\n\n\n\n<figure class=\"wp-block-table\"><table><thead><tr><th><mark class=\"has-inline-color has-vivid-red-color\" style=\"background-color: rgba(0, 0, 0, 0);\"><strong>R\u00e9f\u00e9rence<\/strong><\/mark><\/th><\/tr><\/thead><tbody><tr><td><strong>RA005-07<\/strong><br><strong>Art, Sant\u00e9 mentale et Citoyennet\u00e9<\/strong><br>Journ\u00e9es de Printemps 2014<\/td><\/tr><\/tbody><\/table><\/figure>\n\n\n\n<figure class=\"wp-block-table\"><table><thead><tr><th><mark class=\"has-inline-color has-vivid-red-color\" style=\"background-color: rgba(0, 0, 0, 0);\"><strong>Cat\u00e9gories<\/strong><\/mark><\/th><\/tr><\/thead><tbody><tr><td>Psychologie<br>Art-th\u00e9rapie<br>Musique<br>Cas clinique<br>\u00c9valuation<\/td><\/tr><\/tbody><\/table><\/figure>\n<\/div>\n<\/div>\n","protected":false},"excerpt":{"rendered":"<p>L&rsquo;influence n\u00e9gative du ch\u00f4mage de longue dur\u00e9e sur la personnalit\u00e9 et, en particulier, sur la motivation et l&rsquo;estime de soi a \u00e9t\u00e9 d\u00e9montr\u00e9e par la recherche internationale. (Theodossiou, 1997 ; Kovess-Masfety, 2001 ; Dooley, 2003 ; Paul &amp; Moser, 2009; Roelfs &amp; al, 2011). Ceux qui se retrouvent dans une&hellip;<\/p>\n","protected":false},"author":2,"featured_media":0,"comment_status":"closed","ping_status":"open","sticky":false,"template":"","format":"standard","meta":{"pmpro_default_level":"","ngg_post_thumbnail":0,"footnotes":""},"categories":[98],"tags":[576,492,493,561,538,498,564],"class_list":["post-2478","post","type-post","status-publish","format-standard","hentry","category-schiltz-lony","tag-art-sante-mentale-citoyennete","tag-art-therapie","tag-cas-clinique","tag-evaluation","tag-musique","tag-psychologie","tag-ra005-07","pmpro-has-access"],"_links":{"self":[{"href":"https:\/\/bibliotheque-sfpe-at.com\/index.php\/wp-json\/wp\/v2\/posts\/2478","targetHints":{"allow":["GET"]}}],"collection":[{"href":"https:\/\/bibliotheque-sfpe-at.com\/index.php\/wp-json\/wp\/v2\/posts"}],"about":[{"href":"https:\/\/bibliotheque-sfpe-at.com\/index.php\/wp-json\/wp\/v2\/types\/post"}],"author":[{"embeddable":true,"href":"https:\/\/bibliotheque-sfpe-at.com\/index.php\/wp-json\/wp\/v2\/users\/2"}],"replies":[{"embeddable":true,"href":"https:\/\/bibliotheque-sfpe-at.com\/index.php\/wp-json\/wp\/v2\/comments?post=2478"}],"version-history":[{"count":2,"href":"https:\/\/bibliotheque-sfpe-at.com\/index.php\/wp-json\/wp\/v2\/posts\/2478\/revisions"}],"predecessor-version":[{"id":4412,"href":"https:\/\/bibliotheque-sfpe-at.com\/index.php\/wp-json\/wp\/v2\/posts\/2478\/revisions\/4412"}],"wp:attachment":[{"href":"https:\/\/bibliotheque-sfpe-at.com\/index.php\/wp-json\/wp\/v2\/media?parent=2478"}],"wp:term":[{"taxonomy":"category","embeddable":true,"href":"https:\/\/bibliotheque-sfpe-at.com\/index.php\/wp-json\/wp\/v2\/categories?post=2478"},{"taxonomy":"post_tag","embeddable":true,"href":"https:\/\/bibliotheque-sfpe-at.com\/index.php\/wp-json\/wp\/v2\/tags?post=2478"}],"curies":[{"name":"wp","href":"https:\/\/api.w.org\/{rel}","templated":true}]}}