{"id":2480,"date":"2025-01-14T21:34:31","date_gmt":"2025-01-14T20:34:31","guid":{"rendered":"https:\/\/sfpe-at.com\/?p=2480"},"modified":"2025-03-19T14:33:10","modified_gmt":"2025-03-19T13:33:10","slug":"dune-rive-a-lautre-par-le-jeu-de-ricochet-ou-emerger-de-la-depression-par-lart-therapie","status":"publish","type":"post","link":"https:\/\/bibliotheque-sfpe-at.com\/index.php\/2025\/01\/14\/dune-rive-a-lautre-par-le-jeu-de-ricochet-ou-emerger-de-la-depression-par-lart-therapie\/","title":{"rendered":"D&rsquo;une rive \u00e0 l&rsquo;autre par le jeu de ricochet, ou \u00e9merger de la d\u00e9pression par l&rsquo;art-th\u00e9rapie"},"content":{"rendered":"\n<p><\/p>\n\n\n\n<div class=\"wp-block-columns is-layout-flex wp-container-core-columns-is-layout-28f84493 wp-block-columns-is-layout-flex\">\n<div class=\"wp-block-column is-layout-flow wp-block-column-is-layout-flow\" style=\"flex-basis:66.66%\">\n<p><strong>1-D&rsquo;une rive \u00e0 l&rsquo;autre<\/strong><br>L&rsquo;art est cr\u00e9ation et prend existence par les \u0153uvres qu&rsquo;il produit. Il est une ouverture sur le monde quand il tourne ses \u0153uvres vers autrui. L&rsquo;\u0153uvre d&rsquo;art s&rsquo;expose. Et sous la sph\u00e8re publique, elle devient une invitation \u00e0 la rencontre entre les individus, les peuples, les \u00e9poques. L&rsquo;art est alors constitutif d&rsquo;une vie collective humaine \u00e0 travers les \u00e2ges qui prend part au tissu culturel de la cit\u00e9. En effet, la cr\u00e9ation, comme \u0153uvre d&rsquo;art, est une passerelle entre soi et les autres. Elle d\u00e9plie un lien entre celui qui pratique et celui qui contemple.<br>En cela, l\u2019\u0153uvre d&rsquo;art est un objet m\u00e9diateur. En tant que tel, ce dernier peut avoir des effets th\u00e9rapeutiques qui se d\u00e9posent d&rsquo;une rive \u00e0 l&rsquo;autre de la passerelle, en coulissant \u00e0 travers le n\u0153ud de l&rsquo;ex-position. L&rsquo;\u0153uvre d&rsquo;art est un objet m\u00e9diateur qui fait rencontrer l&rsquo;artiste et l&rsquo;esth\u00e8te. Elle traduit tout \u00e0 la fois la pr\u00e9sence de celui, engag\u00e9 et impliqu\u00e9, qui affecte la surface sensible du monde pour y impressionner des formes et de celui, \u00e9merveill\u00e9 de regarder, qui r\u00e9v\u00e8le ces derni\u00e8res afin de leur surligner la corolle.<br>La valeur d&rsquo;exposition de l&rsquo;\u0153uvre d&rsquo;art est l&rsquo;apport th\u00e9rapeutique de l&rsquo;objet m\u00e9diateur. L&rsquo;exposition a une place particuli\u00e8re dans la cit\u00e9. Elle contribue \u00e0 la bonne sant\u00e9 mentale de ses citoyens, par la reconnaissance de la place de chacun dans la soci\u00e9t\u00e9 selon sa mani\u00e8re d&rsquo;y participer. L&rsquo;un donne, l&rsquo;autre re\u00e7oit. Des \u00e9changes se cr\u00e9ent. Une \u00e9conomie s&rsquo;instaure. D&rsquo;une rive \u00e0 l&rsquo;autre, la cit\u00e9 se construit. En adoptant la valeur d&rsquo;exposition, la citoyennet\u00e9 trouve en l&rsquo;art le moyen d&rsquo;\u00e9laborer des \u00e9changes qui \u00e9toffent le tissu social, politique, culturel de la cit\u00e9. Mais celle-ci ne peut avoir lieu que dans la consid\u00e9ration de \u00ab l&rsquo;objet\u00bb d&rsquo;art. La rencontre que propose la passerelle de l&rsquo;\u0153uvre consiste en une \u00e9conomie d&rsquo;\u00e9changes o\u00f9 chacun s&rsquo;av\u00e8re \u00eatre messager de sens.<\/p>\n\n\n\n<p><br><\/p>\n\n\n\n<p class=\"has-text-color has-link-color wp-elements-0c5dd61414d2cb4c88e3596780dedeb0\" style=\"color:#2753a5\"><strong><em>Pour lire le texte complet <a href=\"\/index.php\/options-dinscription\/\"><mark style=\"background-color:rgba(0, 0, 0, 0)\" class=\"has-inline-color has-vivid-cyan-blue-color\">s&rsquo;inscrire<\/mark><\/a> ou <a href=\"\/index.php\/my-account\/edit-account\/\"><mark style=\"background-color:rgba(0, 0, 0, 0)\" class=\"has-inline-color has-vivid-cyan-blue-color\">se connecter<\/mark><\/a><\/em><\/strong><\/p>\n\n\n\n\n\n<div style=\"height:100px\" aria-hidden=\"true\" class=\"wp-block-spacer\"><\/div>\n\n\n\n<div class=\"wp-block-buttons is-content-justification-center is-layout-flex wp-container-core-buttons-is-layout-a89b3969 wp-block-buttons-is-layout-flex\">\n<div class=\"wp-block-button has-custom-font-size has-small-font-size\"><a class=\"wp-block-button__link has-vivid-red-background-color has-background wp-element-button\" href=\"\/index.php\/2025\/01\/14\/art-sante-mentale-citoyennete\/\">&lt;&#8211; retour<\/a><\/div>\n<\/div>\n<\/div>\n\n\n\n<div class=\"wp-block-column is-layout-flow wp-block-column-is-layout-flow\" style=\"flex-basis:33.33%\">\n<figure class=\"wp-block-table\"><table class=\"has-background\" style=\"background-color:#f8f2f2\"><thead><tr><th><mark class=\"has-inline-color has-vivid-red-color\" style=\"background-color: rgba(0, 0, 0, 0);\"><strong>Auteur<\/strong><\/mark><\/th><\/tr><\/thead><tbody><tr><td><strong><strong><strong><strong><strong><strong><strong><strong><strong><strong><strong><strong><strong>Carole Madelaine-Dupuich<\/strong><\/strong><\/strong><\/strong><\/strong><\/strong><\/strong><\/strong><\/strong><\/strong><\/strong><\/strong><\/strong><\/td><\/tr><\/tbody><\/table><\/figure>\n\n\n\n<figure class=\"wp-block-table\"><table><thead><tr><th><mark class=\"has-inline-color has-vivid-red-color\" style=\"background-color: rgba(0, 0, 0, 0);\"><strong>R\u00e9f\u00e9rence<\/strong><\/mark><\/th><\/tr><\/thead><tbody><tr><td><strong>RA005-08<\/strong><br><strong>Art, Sant\u00e9 mentale et Citoyennet\u00e9<\/strong><br>Journ\u00e9es de Printemps 2014<\/td><\/tr><\/tbody><\/table><\/figure>\n\n\n\n<figure class=\"wp-block-table\"><table><thead><tr><th><mark class=\"has-inline-color has-vivid-red-color\" style=\"background-color: rgba(0, 0, 0, 0);\"><strong>Cat\u00e9gories<\/strong><\/mark><\/th><\/tr><\/thead><tbody><tr><td>Ph\u00e9nom\u00e9nologie<br>Art-th\u00e9rapie<br>Jeu<\/td><\/tr><\/tbody><\/table><\/figure>\n<\/div>\n<\/div>\n","protected":false},"excerpt":{"rendered":"<p>1-D&rsquo;une rive \u00e0 l&rsquo;autreL&rsquo;art est cr\u00e9ation et prend existence par les \u0153uvres qu&rsquo;il produit. Il est une ouverture sur le monde quand il tourne ses \u0153uvres vers autrui. L&rsquo;\u0153uvre d&rsquo;art s&rsquo;expose. Et sous la sph\u00e8re publique, elle devient une invitation \u00e0 la rencontre entre les individus, les peuples, les \u00e9poques.&hellip;<\/p>\n","protected":false},"author":2,"featured_media":0,"comment_status":"closed","ping_status":"open","sticky":false,"template":"","format":"standard","meta":{"pmpro_default_level":"","ngg_post_thumbnail":0,"footnotes":""},"categories":[191],"tags":[576,492,526,486,565],"class_list":["post-2480","post","type-post","status-publish","format-standard","hentry","category-madelaine-dupuich-carole","tag-art-sante-mentale-citoyennete","tag-art-therapie","tag-jeu","tag-phenomenologie","tag-ra005-08","pmpro-has-access"],"_links":{"self":[{"href":"https:\/\/bibliotheque-sfpe-at.com\/index.php\/wp-json\/wp\/v2\/posts\/2480","targetHints":{"allow":["GET"]}}],"collection":[{"href":"https:\/\/bibliotheque-sfpe-at.com\/index.php\/wp-json\/wp\/v2\/posts"}],"about":[{"href":"https:\/\/bibliotheque-sfpe-at.com\/index.php\/wp-json\/wp\/v2\/types\/post"}],"author":[{"embeddable":true,"href":"https:\/\/bibliotheque-sfpe-at.com\/index.php\/wp-json\/wp\/v2\/users\/2"}],"replies":[{"embeddable":true,"href":"https:\/\/bibliotheque-sfpe-at.com\/index.php\/wp-json\/wp\/v2\/comments?post=2480"}],"version-history":[{"count":2,"href":"https:\/\/bibliotheque-sfpe-at.com\/index.php\/wp-json\/wp\/v2\/posts\/2480\/revisions"}],"predecessor-version":[{"id":4413,"href":"https:\/\/bibliotheque-sfpe-at.com\/index.php\/wp-json\/wp\/v2\/posts\/2480\/revisions\/4413"}],"wp:attachment":[{"href":"https:\/\/bibliotheque-sfpe-at.com\/index.php\/wp-json\/wp\/v2\/media?parent=2480"}],"wp:term":[{"taxonomy":"category","embeddable":true,"href":"https:\/\/bibliotheque-sfpe-at.com\/index.php\/wp-json\/wp\/v2\/categories?post=2480"},{"taxonomy":"post_tag","embeddable":true,"href":"https:\/\/bibliotheque-sfpe-at.com\/index.php\/wp-json\/wp\/v2\/tags?post=2480"}],"curies":[{"name":"wp","href":"https:\/\/api.w.org\/{rel}","templated":true}]}}