{"id":2483,"date":"2025-01-14T21:46:06","date_gmt":"2025-01-14T20:46:06","guid":{"rendered":"https:\/\/sfpe-at.com\/?p=2483"},"modified":"2025-03-19T14:33:57","modified_gmt":"2025-03-19T13:33:57","slug":"l-art-therapie-une-profession-citoyenne-face-au-mal-etre-social","status":"publish","type":"post","link":"https:\/\/bibliotheque-sfpe-at.com\/index.php\/2025\/01\/14\/l-art-therapie-une-profession-citoyenne-face-au-mal-etre-social\/","title":{"rendered":"L&rsquo;art-th\u00e9rapie une profession citoyenne face au mal-\u00eatre social"},"content":{"rendered":"\n<p><\/p>\n\n\n\n<div class=\"wp-block-columns is-layout-flex wp-container-core-columns-is-layout-28f84493 wp-block-columns-is-layout-flex\">\n<div class=\"wp-block-column is-layout-flow wp-block-column-is-layout-flow\" style=\"flex-basis:66.66%\">\n<p>La citoyennet\u00e9 pose un projet commun au sein d&rsquo;une soci\u00e9t\u00e9 d\u00e9mocratique avec le principe de l&rsquo;\u00e9galit\u00e9 des citoyens devant la justice, des libert\u00e9s fondamentales, des droits civils, politiques et sociaux. Lorsque nous mettons en lien la citoyennet\u00e9 avec l&rsquo;art et la sant\u00e9 mentale, cela suppose le droit \u00e0 la sant\u00e9, l&rsquo;acc\u00e8s pour tous aux soins ainsi que l&rsquo;acc\u00e8s \u00e0 la culture. L&rsquo;art-th\u00e9rapie, ce champ entre l&rsquo;art et le soin, se fonde sur un axiome de base de la citoyennet\u00e9 qui est la libert\u00e9 d&rsquo;e pression.<br>La FFAT &#8211; F\u00e9d\u00e9ration fran\u00e7aise des art-th\u00e9rapeutes, de par son engagement soci\u00e9tal et citoyen, participe pleinement \u00e0 ce postulat.<br>C&rsquo;est donc au nom de l&rsquo;ensemble du conseil d&rsquo;administration et en tant que secr\u00e9taire g\u00e9n\u00e9rale que je prends la parole. Je me pr\u00e9-sente : Marie-Pierre Beme-Ageron, art-th\u00e9rapeute, plasticienne, membre individuel aussi de la FF2P1, j&rsquo;exerce \u00e0 Grenoble dans diff\u00e9rents services de l&rsquo;APAJH 2 (SESSAD\/ IME\/SASSE) aupr\u00e8s de public ( 20 ans) en situation de handicap \u00e0 laquelle se surajoutent des probl\u00e8mes psychoaffectifs et psychosociaux dans la majorit\u00e9 des cas.<br>Notre pr\u00e9sence ici &#8211; Kerstin Eckstein et moi-m\u00eame &#8211; \u00e0 Clermont t\u00e9moigne de l&rsquo;int\u00e9r\u00eat de la F\u00e9d\u00e9ration pour le sujet propose et de son souci d&rsquo;\u00eatre efficacement mais aussi artistiquement citoyenne!<br>Explorer ce sujet est passionnant, de \u00e7a, de l\u00e0 \u2026 il y aurait beaucoup \u00e0 dire. Afin de ne pas rester dans une approche trop abstraite de ces valeurs, dans un temps limit\u00e9, nous ferons le choix d&rsquo;aborder nos propos au plus pr\u00e8s de l&rsquo;exp\u00e9rientiel pour \u00e9tayer le th\u00e8me qui nous rassemble.<br><\/p>\n\n\n\n<p><br><\/p>\n\n\n\n<p class=\"has-text-color has-link-color wp-elements-0c5dd61414d2cb4c88e3596780dedeb0\" style=\"color:#2753a5\"><strong><em>Pour lire le texte complet <a href=\"\/index.php\/options-dinscription\/\"><mark style=\"background-color:rgba(0, 0, 0, 0)\" class=\"has-inline-color has-vivid-cyan-blue-color\">s&rsquo;inscrire<\/mark><\/a> ou <a href=\"\/index.php\/my-account\/edit-account\/\"><mark style=\"background-color:rgba(0, 0, 0, 0)\" class=\"has-inline-color has-vivid-cyan-blue-color\">se connecter<\/mark><\/a><\/em><\/strong><\/p>\n\n\n\n\n\n<div style=\"height:100px\" aria-hidden=\"true\" class=\"wp-block-spacer\"><\/div>\n\n\n\n<div class=\"wp-block-buttons is-content-justification-center is-layout-flex wp-container-core-buttons-is-layout-a89b3969 wp-block-buttons-is-layout-flex\">\n<div class=\"wp-block-button has-custom-font-size has-small-font-size\"><a class=\"wp-block-button__link has-vivid-red-background-color has-background wp-element-button\" href=\"\/index.php\/2025\/01\/14\/art-sante-mentale-citoyennete\/\">&lt;&#8211; retour<\/a><\/div>\n<\/div>\n<\/div>\n\n\n\n<div class=\"wp-block-column is-layout-flow wp-block-column-is-layout-flow\" style=\"flex-basis:33.33%\">\n<figure class=\"wp-block-table\"><table class=\"has-background\" style=\"background-color:#f8f2f2\"><thead><tr><th><mark class=\"has-inline-color has-vivid-red-color\" style=\"background-color: rgba(0, 0, 0, 0);\"><strong>Auteur<\/strong><\/mark><\/th><\/tr><\/thead><tbody><tr><td><strong><strong><strong><strong><strong><strong><strong><strong><strong><strong><strong><strong><strong>Marie-Pierre Berne-Ageron<\/strong><\/strong><\/strong><\/strong><\/strong><\/strong><\/strong><\/strong><\/strong><\/strong><\/strong><\/strong><\/strong><br><strong>Kerstin Eckstein<\/strong><\/td><\/tr><\/tbody><\/table><\/figure>\n\n\n\n<figure class=\"wp-block-table\"><table><thead><tr><th><mark class=\"has-inline-color has-vivid-red-color\" style=\"background-color: rgba(0, 0, 0, 0);\"><strong>R\u00e9f\u00e9rence<\/strong><\/mark><\/th><\/tr><\/thead><tbody><tr><td><strong>RA005-09<\/strong><br><strong>Art, Sant\u00e9 mentale et Citoyennet\u00e9<\/strong><br>Journ\u00e9es de Printemps 2014<\/td><\/tr><\/tbody><\/table><\/figure>\n\n\n\n<figure class=\"wp-block-table\"><table><thead><tr><th><mark class=\"has-inline-color has-vivid-red-color\" style=\"background-color: rgba(0, 0, 0, 0);\"><strong>Cat\u00e9gories<\/strong><\/mark><\/th><\/tr><\/thead><tbody><tr><td>Art-th\u00e9rapie<br>Sociologie<br>Arts pluriels<br>Mus\u00e9es, expositions, spectacles<\/td><\/tr><\/tbody><\/table><\/figure>\n<\/div>\n<\/div>\n","protected":false},"excerpt":{"rendered":"<p>La citoyennet\u00e9 pose un projet commun au sein d&rsquo;une soci\u00e9t\u00e9 d\u00e9mocratique avec le principe de l&rsquo;\u00e9galit\u00e9 des citoyens devant la justice, des libert\u00e9s fondamentales, des droits civils, politiques et sociaux. Lorsque nous mettons en lien la citoyennet\u00e9 avec l&rsquo;art et la sant\u00e9 mentale, cela suppose le droit \u00e0 la sant\u00e9,&hellip;<\/p>\n","protected":false},"author":2,"featured_media":0,"comment_status":"closed","ping_status":"open","sticky":false,"template":"","format":"standard","meta":{"pmpro_default_level":"","ngg_post_thumbnail":0,"footnotes":""},"categories":[566,567],"tags":[576,492,569,571,568,558],"class_list":["post-2483","post","type-post","status-publish","format-standard","hentry","category-berne-ageron-marie-pierre","category-eckstein-kerstin","tag-art-sante-mentale-citoyennete","tag-art-therapie","tag-arts-pluriels","tag-musees-expositions-spectacles","tag-ra005-09","tag-sociologie","pmpro-has-access"],"_links":{"self":[{"href":"https:\/\/bibliotheque-sfpe-at.com\/index.php\/wp-json\/wp\/v2\/posts\/2483","targetHints":{"allow":["GET"]}}],"collection":[{"href":"https:\/\/bibliotheque-sfpe-at.com\/index.php\/wp-json\/wp\/v2\/posts"}],"about":[{"href":"https:\/\/bibliotheque-sfpe-at.com\/index.php\/wp-json\/wp\/v2\/types\/post"}],"author":[{"embeddable":true,"href":"https:\/\/bibliotheque-sfpe-at.com\/index.php\/wp-json\/wp\/v2\/users\/2"}],"replies":[{"embeddable":true,"href":"https:\/\/bibliotheque-sfpe-at.com\/index.php\/wp-json\/wp\/v2\/comments?post=2483"}],"version-history":[{"count":3,"href":"https:\/\/bibliotheque-sfpe-at.com\/index.php\/wp-json\/wp\/v2\/posts\/2483\/revisions"}],"predecessor-version":[{"id":4414,"href":"https:\/\/bibliotheque-sfpe-at.com\/index.php\/wp-json\/wp\/v2\/posts\/2483\/revisions\/4414"}],"wp:attachment":[{"href":"https:\/\/bibliotheque-sfpe-at.com\/index.php\/wp-json\/wp\/v2\/media?parent=2483"}],"wp:term":[{"taxonomy":"category","embeddable":true,"href":"https:\/\/bibliotheque-sfpe-at.com\/index.php\/wp-json\/wp\/v2\/categories?post=2483"},{"taxonomy":"post_tag","embeddable":true,"href":"https:\/\/bibliotheque-sfpe-at.com\/index.php\/wp-json\/wp\/v2\/tags?post=2483"}],"curies":[{"name":"wp","href":"https:\/\/api.w.org\/{rel}","templated":true}]}}